{"id":1868,"date":"2019-06-16T13:33:04","date_gmt":"2019-06-16T11:33:04","guid":{"rendered":"https:\/\/www.dorstener-tafel.de\/?p=1868"},"modified":"2019-06-16T13:33:04","modified_gmt":"2019-06-16T11:33:04","slug":"jahreshauptversammlung-2019","status":"publish","type":"post","link":"https:\/\/www.dorstener-tafel.de\/?p=1868","title":{"rendered":"Jahreshauptversammlung 2019"},"content":{"rendered":"<p>Zur Jahreshauptversammlung 2019 der DORSTENER TAFEL e.V. begr\u00fc\u00dfte der Vorsitzende Herbert Rentmeister die ca. 30 anwesenden Mitglieder im Caf\u00e9 Pott, dem Jugendheim der Gemeinde St. Barbara.<\/p>\n<p>Das Wichtigste im R\u00fcckblick auf das vergangene Jahr:<\/p>\n<p>Im Eingangsbereich wurde eine gro\u00dfe Markise angebracht, die sowohl den FahrerInnen bei der Anlieferung der Waren als auch den PackerInnen und SortiererInnen (die zumeist bei offenem Garagentor arbeiten) als auch den wartenden KundInnen enorm von Nutzen ist.<\/p>\n<p>In der dem Handwerkshof gegen\u00fcberliegenden Ladenpassage konnte von der LEG ein Lokal als zus\u00e4tzliches Lager angemietet werden, was die schlimmsten Platzn\u00f6te im TAFEL-Laden beheben wird und auch Platz schafft f\u00fcr weitere K\u00fchlger\u00e4te, um die K\u00fchlkette noch besser einhalten zu k\u00f6nnen.<\/p>\n<p>Von den Dorstener B\u00e4ckereien und Lebensmittelm\u00e4rkten kommen gen\u00fcgend Lebensmittel, um damit die KundInnen hinreichend zu versorgen; aber: die TAFEL kann nur das abgeben, was ihr gespendet wird, sodass nicht immer alles vorr\u00e4tig ist. Engp\u00e4sse ergeben sich daher zur Zeit vor allem bei frischem Gem\u00fcse.<\/p>\n<p>Der Kinderladen l\u00e4uft gut, aber auch hier ist die saisonale Verf\u00fcgbarkeit der Kleidungsst\u00fccke zu beachten: Im Herbst werden Sommersachen gespendet, aber Winterkleidung ben\u00f6tigt; im Fr\u00fchjahr ist es dann anders herum &#8211; allenfalls ein Lagerproblem.<\/p>\n<p>Die Zusammenarbeit mit den rein privat agierenden Dorstener &#8218;Foodsavern&#8216; ist gut angelaufen; so konnten schon einige Tonnen &#8218;guter&#8216; Lebensmittel vor der Vernichtung gerettet werden. Zum Hintergrund: die TAFEL ist wie ein Lebensmittelgesch\u00e4ft an lebensmittelrechtliche Verordnungen gebunden. Das f\u00fchrt dazu, dass die TAFEL einige Lebensmittel, die z.B. deutlich das MHD \u00fcberschritten haben, aber eben nur &#8218;wahrscheinlich&#8216; noch in Ordnung sind, nicht mehr abgeben darf; oft sind auch mehr Waren vorhanden als von den TAFEL-Kunden ben\u00f6tigt. Diese Waren werden f\u00fcr die Foodsaver bereitgestellt und mindestens zweimal pro Woche in die Abholstelle am Holzplatz (am Bahnhof Hervest-Dorsten in einem Raum der Dorstener Arbeit) gebracht. Die Foodsaver, die Lebensmittelretter, sind an keine lebensmittelrechtlichen Bedingungen gebunden; jede\/r holt dort &#8218;auf eigene Gefahr&#8216; Nahrung ab und verl\u00e4sst sich vor dem Verzehr auf seine angeborenen sensorischen F\u00e4higkeiten: was noch gut riecht, schmeckt und aussieht, ist auch verzehrf\u00e4hig. Kein TAFEL-Kunde erh\u00e4lt also nur einen Joghurt weniger im Laden als Folge der Zusammenarbeit mit den Lebensmittelrettern! (<a href=\"https:\/\/foodsharing.de\/?page=fairteiler&amp;bid=316&amp;sub=ft&amp;id=1207\">https:\/\/foodsharing.de\/?page=fairteiler&amp;bid=316&amp;sub=ft&amp;id=1207<\/a>,\u00a0<a href=\"http:\/\/www.lokallust.de\/index.php\/news-leser-dorsten\/teller-statt-tonne.html\">http:\/\/www.lokallust.de\/index.php\/news-leser-dorsten\/teller-statt-tonne.html<\/a>, <a href=\"https:\/\/www.facebook.com\/groups\/457280161340422\/\">https:\/\/www.facebook.com\/groups\/457280161340422\/<\/a>)<\/p>\n<p>Das zehnj\u00e4hrige Bestehen des Mittagstisches in der Altstadt wurde im Februar geb\u00fchrend gefeiert.<\/p>\n<p>Beim Neujahrsempfang der Dorstener CDU erhielt die Tafel den mit \u20ac 500,- dotierten Ehrenamtspreis f\u00fcr die inzwischen 15-j\u00e4hrige Arbeit. Dass bei diesem Fest der Halterner B\u00fcrgermeister Bodo Klimpel dabei war, hatte Folgen: Der Dorstener B\u00fcrgermeister Tobias Stockhoff zog mit seinem Amtskollegen gleich und half dreimal f\u00fcr mehrere Stunden beim <a href=\"https:\/\/www.dorstener-tafel.de\/?p=1819\">Packen und Sortieren<\/a>, <a href=\"https:\/\/www.dorstener-tafel.de\/?p=1851\">beim Verkauf<\/a> und <a href=\"https:\/\/www.dorstener-tafel.de\/?p=1845\">kochte<\/a> \u2013 zusammen mit dem Dorstener Meisterkoch J\u00f6rg B\u00fccker \u2013 f\u00fcr den Mittagstisch Altstadt. Die Gespr\u00e4che bei diesen Gelegenheiten mit Mitarbeitern, Kunden und Mittagstisch-G\u00e4sten empfand er als bereichernd und informativ; Respekt zollte er der F\u00fclle an Arbeit, die von den TAFEL-Mitarbeitern an sechs Tagen in der Woche geleistet wird.<\/p>\n<p>Nach dem Bericht der Kassenf\u00fchrerin, der von den Kassenpr\u00fcfern &#8222;hervorragende Arbeit&#8220; bescheinigt wurde, konnte der Vorstand einstimmig entlastet werden; die (turnusgem\u00e4\u00df alle zwei Jahre stattfindende) Neuwahl w\u00e4hlte den alten Vorstand zum neuen.<\/p>\n<ol>\n<li>\u00a0Vorsitzender: Herbert Rentmeister<\/li>\n<li>1. stellv. Vorsitzende: Hedwig Schnatmann<\/li>\n<li>2. stellv. Vorsitzender: Johannes Wulf<\/li>\n<li>Kassenwartin: Ursula Riedel<\/li>\n<li>stellv. Kassenwartin: Veronika Plemper<\/li>\n<li>Schriftf\u00fchrer: Hugo\u00a0 Bechter<\/li>\n<li>Kassenpr\u00fcfer: Ingrid Winkel und Werner G\u00fcnther<\/li>\n<\/ol>\n<p>Nach der einstimmigen (bei Enthaltung der Vorstandsmitglieder) Wiederwahl des Vorstandes gab der Vorsitzende Herbert Rentmeister einen Ausblick auf die &#8218;Meilensteine&#8216; des kommenden Jahres: Neuanschaffung eines Lieferfahrzeugs und die Einrichtung des neuen Lagers\u00a0in der Ladenpassage.<\/p>\n<p>Zum Abschluss dankte Rentmeister allen TAFEL-Mitarbeiterinnen und Mitarbeitern f\u00fcr die geleistete Arbeit. Sie seien verantwortlich daf\u00fcr, dass die DORSTENER TAFEL in der Bev\u00f6lkerung eine so hohe Wertsch\u00e4tzung genie\u00dft.<\/p>\n<p>Traditionsgem\u00e4\u00df schloss auch diese JHV mit einem gem\u00fctlichen Abschluss auf der Terrasse des Jugendheims. Danke an die Pfadfinder von St. Barbara, die den Getr\u00e4nkeservice \u00fcbernommen\u00a0 und vor allem hervorragend gegrillt\u00a0haben!<\/p>\n","protected":false},"excerpt":{"rendered":"<p>Zur Jahreshauptversammlung 2019 der DORSTENER TAFEL e.V. begr\u00fc\u00dfte der Vorsitzende Herbert Rentmeister die ca. 30 anwesenden Mitglieder im Caf\u00e9 Pott, [&hellip;]<\/p>\n","protected":false},"author":1,"featured_media":1207,"comment_status":"open","ping_status":"closed","sticky":false,"template":"","format":"standard","meta":{"footnotes":""},"categories":[1],"tags":[],"class_list":["post-1868","post","type-post","status-publish","format-standard","has-post-thumbnail","hentry","category-allgemein"],"yoast_head":"<!-- This site is optimized with the Yoast SEO plugin v26.8 - https:\/\/yoast.com\/product\/yoast-seo-wordpress\/ -->\n<title>Jahreshauptversammlung 2019 - Home | Tafel Dorsten<\/title>\n<meta name=\"robots\" content=\"index, follow, max-snippet:-1, max-image-preview:large, max-video-preview:-1\" \/>\n<link rel=\"canonical\" href=\"https:\/\/www.dorstener-tafel.de\/?p=1868\" \/>\n<meta property=\"og:locale\" content=\"de_DE\" \/>\n<meta property=\"og:type\" content=\"article\" \/>\n<meta property=\"og:title\" content=\"Jahreshauptversammlung 2019 - Home | Tafel Dorsten\" \/>\n<meta property=\"og:description\" content=\"Zur Jahreshauptversammlung 2019 der DORSTENER TAFEL e.V. begr\u00fc\u00dfte der Vorsitzende Herbert Rentmeister die ca. 30 anwesenden Mitglieder im Caf\u00e9 Pott, [&hellip;]\" \/>\n<meta property=\"og:url\" content=\"https:\/\/www.dorstener-tafel.de\/?p=1868\" \/>\n<meta property=\"og:site_name\" content=\"Home | Tafel Dorsten\" \/>\n<meta property=\"article:publisher\" content=\"https:\/\/www.facebook.com\/Dorstener-Tafel-eV-710109832448127\/\" \/>\n<meta property=\"article:published_time\" content=\"2019-06-16T11:33:04+00:00\" \/>\n<meta property=\"og:image\" content=\"https:\/\/www.kvg-dorsten.de\/dorstener-tafel\/wordpress\/wp-content\/uploads\/2018\/02\/Logo-neu-004-2000px.jpg\" \/>\n\t<meta property=\"og:image:width\" content=\"2000\" \/>\n\t<meta property=\"og:image:height\" content=\"1200\" \/>\n\t<meta property=\"og:image:type\" content=\"image\/jpeg\" \/>\n<meta name=\"author\" content=\"jotw\" \/>\n<meta name=\"twitter:card\" content=\"summary_large_image\" \/>\n<meta name=\"twitter:label1\" content=\"Verfasst von\" \/>\n\t<meta name=\"twitter:data1\" content=\"jotw\" \/>\n\t<meta name=\"twitter:label2\" content=\"Gesch\u00e4tzte Lesezeit\" \/>\n\t<meta name=\"twitter:data2\" content=\"3\u00a0Minuten\" \/>\n<script type=\"application\/ld+json\" class=\"yoast-schema-graph\">{\"@context\":\"https:\/\/schema.org\",\"@graph\":[{\"@type\":\"Article\",\"@id\":\"https:\/\/www.dorstener-tafel.de\/?p=1868#article\",\"isPartOf\":{\"@id\":\"https:\/\/www.dorstener-tafel.de\/?p=1868\"},\"author\":{\"name\":\"jotw\",\"@id\":\"https:\/\/www.dorstener-tafel.de\/#\/schema\/person\/c9a6797db5c21dbeb0851056380dcb01\"},\"headline\":\"Jahreshauptversammlung 2019\",\"datePublished\":\"2019-06-16T11:33:04+00:00\",\"mainEntityOfPage\":{\"@id\":\"https:\/\/www.dorstener-tafel.de\/?p=1868\"},\"wordCount\":697,\"commentCount\":0,\"image\":{\"@id\":\"https:\/\/www.dorstener-tafel.de\/?p=1868#primaryimage\"},\"thumbnailUrl\":\"https:\/\/www.kvg-dorsten.de\/dorstener-tafel\/wordpress\/wp-content\/uploads\/2018\/02\/Logo-neu-004-2000px.jpg\",\"articleSection\":[\"Aktuelles\"],\"inLanguage\":\"de\",\"potentialAction\":[{\"@type\":\"CommentAction\",\"name\":\"Comment\",\"target\":[\"https:\/\/www.dorstener-tafel.de\/?p=1868#respond\"]}]},{\"@type\":\"WebPage\",\"@id\":\"https:\/\/www.dorstener-tafel.de\/?p=1868\",\"url\":\"https:\/\/www.dorstener-tafel.de\/?p=1868\",\"name\":\"Jahreshauptversammlung 2019 - Home | Tafel Dorsten\",\"isPartOf\":{\"@id\":\"https:\/\/www.dorstener-tafel.de\/#website\"},\"primaryImageOfPage\":{\"@id\":\"https:\/\/www.dorstener-tafel.de\/?p=1868#primaryimage\"},\"image\":{\"@id\":\"https:\/\/www.dorstener-tafel.de\/?p=1868#primaryimage\"},\"thumbnailUrl\":\"https:\/\/www.kvg-dorsten.de\/dorstener-tafel\/wordpress\/wp-content\/uploads\/2018\/02\/Logo-neu-004-2000px.jpg\",\"datePublished\":\"2019-06-16T11:33:04+00:00\",\"author\":{\"@id\":\"https:\/\/www.dorstener-tafel.de\/#\/schema\/person\/c9a6797db5c21dbeb0851056380dcb01\"},\"breadcrumb\":{\"@id\":\"https:\/\/www.dorstener-tafel.de\/?p=1868#breadcrumb\"},\"inLanguage\":\"de\",\"potentialAction\":[{\"@type\":\"ReadAction\",\"target\":[\"https:\/\/www.dorstener-tafel.de\/?p=1868\"]}]},{\"@type\":\"ImageObject\",\"inLanguage\":\"de\",\"@id\":\"https:\/\/www.dorstener-tafel.de\/?p=1868#primaryimage\",\"url\":\"https:\/\/www.kvg-dorsten.de\/dorstener-tafel\/wordpress\/wp-content\/uploads\/2018\/02\/Logo-neu-004-2000px.jpg\",\"contentUrl\":\"https:\/\/www.kvg-dorsten.de\/dorstener-tafel\/wordpress\/wp-content\/uploads\/2018\/02\/Logo-neu-004-2000px.jpg\",\"width\":2000,\"height\":1200},{\"@type\":\"BreadcrumbList\",\"@id\":\"https:\/\/www.dorstener-tafel.de\/?p=1868#breadcrumb\",\"itemListElement\":[{\"@type\":\"ListItem\",\"position\":1,\"name\":\"Home\",\"item\":\"https:\/\/www.dorstener-tafel.de\/\"},{\"@type\":\"ListItem\",\"position\":2,\"name\":\"Jahreshauptversammlung 2019\"}]},{\"@type\":\"WebSite\",\"@id\":\"https:\/\/www.dorstener-tafel.de\/#website\",\"url\":\"https:\/\/www.dorstener-tafel.de\/\",\"name\":\"Home | Tafel Dorsten\",\"description\":\"\",\"potentialAction\":[{\"@type\":\"SearchAction\",\"target\":{\"@type\":\"EntryPoint\",\"urlTemplate\":\"https:\/\/www.dorstener-tafel.de\/?s={search_term_string}\"},\"query-input\":{\"@type\":\"PropertyValueSpecification\",\"valueRequired\":true,\"valueName\":\"search_term_string\"}}],\"inLanguage\":\"de\"},{\"@type\":\"Person\",\"@id\":\"https:\/\/www.dorstener-tafel.de\/#\/schema\/person\/c9a6797db5c21dbeb0851056380dcb01\",\"name\":\"jotw\",\"image\":{\"@type\":\"ImageObject\",\"inLanguage\":\"de\",\"@id\":\"https:\/\/www.dorstener-tafel.de\/#\/schema\/person\/image\/\",\"url\":\"https:\/\/secure.gravatar.com\/avatar\/225c6088c3bfecfbb42a2a0d5c9556b6?s=96&d=retro&r=g\",\"contentUrl\":\"https:\/\/secure.gravatar.com\/avatar\/225c6088c3bfecfbb42a2a0d5c9556b6?s=96&d=retro&r=g\",\"caption\":\"jotw\"},\"url\":\"https:\/\/www.dorstener-tafel.de\/?author=1\"}]}<\/script>\n<!-- \/ Yoast SEO plugin. -->","yoast_head_json":{"title":"Jahreshauptversammlung 2019 - Home | Tafel Dorsten","robots":{"index":"index","follow":"follow","max-snippet":"max-snippet:-1","max-image-preview":"max-image-preview:large","max-video-preview":"max-video-preview:-1"},"canonical":"https:\/\/www.dorstener-tafel.de\/?p=1868","og_locale":"de_DE","og_type":"article","og_title":"Jahreshauptversammlung 2019 - Home | Tafel Dorsten","og_description":"Zur Jahreshauptversammlung 2019 der DORSTENER TAFEL e.V. begr\u00fc\u00dfte der Vorsitzende Herbert Rentmeister die ca. 30 anwesenden Mitglieder im Caf\u00e9 Pott, [&hellip;]","og_url":"https:\/\/www.dorstener-tafel.de\/?p=1868","og_site_name":"Home | Tafel Dorsten","article_publisher":"https:\/\/www.facebook.com\/Dorstener-Tafel-eV-710109832448127\/","article_published_time":"2019-06-16T11:33:04+00:00","og_image":[{"width":2000,"height":1200,"url":"https:\/\/www.kvg-dorsten.de\/dorstener-tafel\/wordpress\/wp-content\/uploads\/2018\/02\/Logo-neu-004-2000px.jpg","type":"image\/jpeg"}],"author":"jotw","twitter_card":"summary_large_image","twitter_misc":{"Verfasst von":"jotw","Gesch\u00e4tzte Lesezeit":"3\u00a0Minuten"},"schema":{"@context":"https:\/\/schema.org","@graph":[{"@type":"Article","@id":"https:\/\/www.dorstener-tafel.de\/?p=1868#article","isPartOf":{"@id":"https:\/\/www.dorstener-tafel.de\/?p=1868"},"author":{"name":"jotw","@id":"https:\/\/www.dorstener-tafel.de\/#\/schema\/person\/c9a6797db5c21dbeb0851056380dcb01"},"headline":"Jahreshauptversammlung 2019","datePublished":"2019-06-16T11:33:04+00:00","mainEntityOfPage":{"@id":"https:\/\/www.dorstener-tafel.de\/?p=1868"},"wordCount":697,"commentCount":0,"image":{"@id":"https:\/\/www.dorstener-tafel.de\/?p=1868#primaryimage"},"thumbnailUrl":"https:\/\/www.kvg-dorsten.de\/dorstener-tafel\/wordpress\/wp-content\/uploads\/2018\/02\/Logo-neu-004-2000px.jpg","articleSection":["Aktuelles"],"inLanguage":"de","potentialAction":[{"@type":"CommentAction","name":"Comment","target":["https:\/\/www.dorstener-tafel.de\/?p=1868#respond"]}]},{"@type":"WebPage","@id":"https:\/\/www.dorstener-tafel.de\/?p=1868","url":"https:\/\/www.dorstener-tafel.de\/?p=1868","name":"Jahreshauptversammlung 2019 - Home | Tafel Dorsten","isPartOf":{"@id":"https:\/\/www.dorstener-tafel.de\/#website"},"primaryImageOfPage":{"@id":"https:\/\/www.dorstener-tafel.de\/?p=1868#primaryimage"},"image":{"@id":"https:\/\/www.dorstener-tafel.de\/?p=1868#primaryimage"},"thumbnailUrl":"https:\/\/www.kvg-dorsten.de\/dorstener-tafel\/wordpress\/wp-content\/uploads\/2018\/02\/Logo-neu-004-2000px.jpg","datePublished":"2019-06-16T11:33:04+00:00","author":{"@id":"https:\/\/www.dorstener-tafel.de\/#\/schema\/person\/c9a6797db5c21dbeb0851056380dcb01"},"breadcrumb":{"@id":"https:\/\/www.dorstener-tafel.de\/?p=1868#breadcrumb"},"inLanguage":"de","potentialAction":[{"@type":"ReadAction","target":["https:\/\/www.dorstener-tafel.de\/?p=1868"]}]},{"@type":"ImageObject","inLanguage":"de","@id":"https:\/\/www.dorstener-tafel.de\/?p=1868#primaryimage","url":"https:\/\/www.kvg-dorsten.de\/dorstener-tafel\/wordpress\/wp-content\/uploads\/2018\/02\/Logo-neu-004-2000px.jpg","contentUrl":"https:\/\/www.kvg-dorsten.de\/dorstener-tafel\/wordpress\/wp-content\/uploads\/2018\/02\/Logo-neu-004-2000px.jpg","width":2000,"height":1200},{"@type":"BreadcrumbList","@id":"https:\/\/www.dorstener-tafel.de\/?p=1868#breadcrumb","itemListElement":[{"@type":"ListItem","position":1,"name":"Home","item":"https:\/\/www.dorstener-tafel.de\/"},{"@type":"ListItem","position":2,"name":"Jahreshauptversammlung 2019"}]},{"@type":"WebSite","@id":"https:\/\/www.dorstener-tafel.de\/#website","url":"https:\/\/www.dorstener-tafel.de\/","name":"Home | Tafel Dorsten","description":"","potentialAction":[{"@type":"SearchAction","target":{"@type":"EntryPoint","urlTemplate":"https:\/\/www.dorstener-tafel.de\/?s={search_term_string}"},"query-input":{"@type":"PropertyValueSpecification","valueRequired":true,"valueName":"search_term_string"}}],"inLanguage":"de"},{"@type":"Person","@id":"https:\/\/www.dorstener-tafel.de\/#\/schema\/person\/c9a6797db5c21dbeb0851056380dcb01","name":"jotw","image":{"@type":"ImageObject","inLanguage":"de","@id":"https:\/\/www.dorstener-tafel.de\/#\/schema\/person\/image\/","url":"https:\/\/secure.gravatar.com\/avatar\/225c6088c3bfecfbb42a2a0d5c9556b6?s=96&d=retro&r=g","contentUrl":"https:\/\/secure.gravatar.com\/avatar\/225c6088c3bfecfbb42a2a0d5c9556b6?s=96&d=retro&r=g","caption":"jotw"},"url":"https:\/\/www.dorstener-tafel.de\/?author=1"}]}},"_links":{"self":[{"href":"https:\/\/www.dorstener-tafel.de\/index.php?rest_route=\/wp\/v2\/posts\/1868","targetHints":{"allow":["GET"]}}],"collection":[{"href":"https:\/\/www.dorstener-tafel.de\/index.php?rest_route=\/wp\/v2\/posts"}],"about":[{"href":"https:\/\/www.dorstener-tafel.de\/index.php?rest_route=\/wp\/v2\/types\/post"}],"author":[{"embeddable":true,"href":"https:\/\/www.dorstener-tafel.de\/index.php?rest_route=\/wp\/v2\/users\/1"}],"replies":[{"embeddable":true,"href":"https:\/\/www.dorstener-tafel.de\/index.php?rest_route=%2Fwp%2Fv2%2Fcomments&post=1868"}],"version-history":[{"count":2,"href":"https:\/\/www.dorstener-tafel.de\/index.php?rest_route=\/wp\/v2\/posts\/1868\/revisions"}],"predecessor-version":[{"id":1870,"href":"https:\/\/www.dorstener-tafel.de\/index.php?rest_route=\/wp\/v2\/posts\/1868\/revisions\/1870"}],"wp:featuredmedia":[{"embeddable":true,"href":"https:\/\/www.dorstener-tafel.de\/index.php?rest_route=\/wp\/v2\/media\/1207"}],"wp:attachment":[{"href":"https:\/\/www.dorstener-tafel.de\/index.php?rest_route=%2Fwp%2Fv2%2Fmedia&parent=1868"}],"wp:term":[{"taxonomy":"category","embeddable":true,"href":"https:\/\/www.dorstener-tafel.de\/index.php?rest_route=%2Fwp%2Fv2%2Fcategories&post=1868"},{"taxonomy":"post_tag","embeddable":true,"href":"https:\/\/www.dorstener-tafel.de\/index.php?rest_route=%2Fwp%2Fv2%2Ftags&post=1868"}],"curies":[{"name":"wp","href":"https:\/\/api.w.org\/{rel}","templated":true}]}}