{"id":1851,"date":"2019-05-21T02:17:18","date_gmt":"2019-05-21T00:17:18","guid":{"rendered":"https:\/\/www.dorstener-tafel.de\/?p=1851"},"modified":"2019-09-05T00:12:02","modified_gmt":"2019-09-04T22:12:02","slug":"buergermeister-als-verkaeufer","status":"publish","type":"post","link":"https:\/\/www.dorstener-tafel.de\/?p=1851","title":{"rendered":"B\u00fcrgermeister als Verk\u00e4ufer"},"content":{"rendered":"<p>Phase III der Tafel-Arbeit unseres Schirmherrn:<\/p>\n<p>Tobias Stockhoff: &#8222;Gro\u00dfen Respekt &#8211; habe ich vor dem riesen Engagement der Dorstener Tafel. Nach Mithilfe beim Mittagstisch sowie beim Einr\u00e4umen und Sortieren durfte ich am Freita<span class=\"text_exposed_show\">g bei der Ausgabe helfen. Ein echter Knochenjob, den die Menschen bei der Dorstener Tafel \u00fcbernommen haben &#8211; und zwar ehrenamtlich. Hier wird gehandelt statt zu reden. Hier wird N\u00e4chstenliebe gelebt statt dar\u00fcber zu predigen. Vielen Dank f\u00fcr die interessanten Einblicke und spannenden Gespr\u00e4che mit Aktiven und Kunden.&#8220;<\/span><\/p>\n<p>Die Mitarbeiterinnen und Mitarbeiter der Dorstener Tafel bedanken sich f\u00fcr die t\u00e4tige Mithilfe! Zum einen ist bei der Tafel jede helfende Hand willkommen \u2013 und unser B\u00fcrgermeister hat wirklich (zum 3. Mal) und effektiv (zum 3. Mal) mitgearbeitet. Zum anderen hat er die Stunden der Mitarbeit genutzt, um ins Gespr\u00e4ch zu kommen: wichtige und n\u00fctzliche Erfahrungen f\u00fcr ihn und eigentlich f\u00fcr jeden Politiker von Nutzen!<\/p>\n<p>Die Mitarbeiterinnen und Mitarbeiter der Dorstener Tafel freuen sich, dass auch in dieser Weise ihr mehr als 15-j\u00e4hriges Engagement f\u00fcr die B\u00fcrgerinnen und B\u00fcrger unserer Stadt Wertsch\u00e4tzung und Anerkennung erf\u00e4hrt.<\/p>\n<p style=\"text-align: right;\"><em>Das Foto zeigt das Verk\u00e4uferInnen-Team an diesem Freitag.\u00a0<\/em><br \/>\n<em>\u00a9 jotw \/ Dorstener Tafel 05\/2019<\/em><\/p>\n","protected":false},"excerpt":{"rendered":"<p>Phase III der Tafel-Arbeit unseres Schirmherrn: Tobias Stockhoff: &#8222;Gro\u00dfen Respekt &#8211; habe ich vor dem riesen Engagement der Dorstener Tafel. [&hellip;]<\/p>\n","protected":false},"author":1,"featured_media":1852,"comment_status":"open","ping_status":"closed","sticky":false,"template":"","format":"standard","meta":{"footnotes":""},"categories":[1],"tags":[],"class_list":["post-1851","post","type-post","status-publish","format-standard","has-post-thumbnail","hentry","category-allgemein"],"yoast_head":"<!-- This site is optimized with the Yoast SEO plugin v26.8 - https:\/\/yoast.com\/product\/yoast-seo-wordpress\/ -->\n<title>B\u00fcrgermeister als Verk\u00e4ufer - Home | Tafel Dorsten<\/title>\n<meta name=\"robots\" content=\"index, follow, max-snippet:-1, max-image-preview:large, max-video-preview:-1\" \/>\n<link rel=\"canonical\" href=\"https:\/\/www.dorstener-tafel.de\/?p=1851\" \/>\n<meta property=\"og:locale\" content=\"de_DE\" \/>\n<meta property=\"og:type\" content=\"article\" \/>\n<meta property=\"og:title\" content=\"B\u00fcrgermeister als Verk\u00e4ufer - Home | Tafel Dorsten\" \/>\n<meta property=\"og:description\" content=\"Phase III der Tafel-Arbeit unseres Schirmherrn: Tobias Stockhoff: &#8222;Gro\u00dfen Respekt &#8211; habe ich vor dem riesen Engagement der Dorstener Tafel. [&hellip;]\" \/>\n<meta property=\"og:url\" content=\"https:\/\/www.dorstener-tafel.de\/?p=1851\" \/>\n<meta property=\"og:site_name\" content=\"Home | Tafel Dorsten\" \/>\n<meta property=\"article:publisher\" content=\"https:\/\/www.facebook.com\/Dorstener-Tafel-eV-710109832448127\/\" \/>\n<meta property=\"article:published_time\" content=\"2019-05-21T00:17:18+00:00\" \/>\n<meta property=\"article:modified_time\" content=\"2019-09-04T22:12:02+00:00\" \/>\n<meta property=\"og:image\" content=\"https:\/\/www.kvg-dorsten.de\/dorstener-tafel\/wordpress\/wp-content\/uploads\/2019\/05\/DSC00121-1024x768.jpg\" \/>\n\t<meta property=\"og:image:width\" content=\"1024\" \/>\n\t<meta property=\"og:image:height\" content=\"768\" \/>\n\t<meta property=\"og:image:type\" content=\"image\/jpeg\" \/>\n<meta name=\"author\" content=\"jotw\" \/>\n<meta name=\"twitter:card\" content=\"summary_large_image\" \/>\n<meta name=\"twitter:label1\" content=\"Verfasst von\" \/>\n\t<meta name=\"twitter:data1\" content=\"jotw\" \/>\n\t<meta name=\"twitter:label2\" content=\"Gesch\u00e4tzte Lesezeit\" \/>\n\t<meta name=\"twitter:data2\" content=\"1\u00a0Minute\" \/>\n<script type=\"application\/ld+json\" class=\"yoast-schema-graph\">{\"@context\":\"https:\/\/schema.org\",\"@graph\":[{\"@type\":\"Article\",\"@id\":\"https:\/\/www.dorstener-tafel.de\/?p=1851#article\",\"isPartOf\":{\"@id\":\"https:\/\/www.dorstener-tafel.de\/?p=1851\"},\"author\":{\"name\":\"jotw\",\"@id\":\"https:\/\/www.dorstener-tafel.de\/#\/schema\/person\/c9a6797db5c21dbeb0851056380dcb01\"},\"headline\":\"B\u00fcrgermeister als Verk\u00e4ufer\",\"datePublished\":\"2019-05-21T00:17:18+00:00\",\"dateModified\":\"2019-09-04T22:12:02+00:00\",\"mainEntityOfPage\":{\"@id\":\"https:\/\/www.dorstener-tafel.de\/?p=1851\"},\"wordCount\":208,\"commentCount\":0,\"image\":{\"@id\":\"https:\/\/www.dorstener-tafel.de\/?p=1851#primaryimage\"},\"thumbnailUrl\":\"https:\/\/www.kvg-dorsten.de\/dorstener-tafel\/wordpress\/wp-content\/uploads\/2019\/05\/DSC00121.jpg\",\"articleSection\":[\"Aktuelles\"],\"inLanguage\":\"de\",\"potentialAction\":[{\"@type\":\"CommentAction\",\"name\":\"Comment\",\"target\":[\"https:\/\/www.dorstener-tafel.de\/?p=1851#respond\"]}]},{\"@type\":\"WebPage\",\"@id\":\"https:\/\/www.dorstener-tafel.de\/?p=1851\",\"url\":\"https:\/\/www.dorstener-tafel.de\/?p=1851\",\"name\":\"B\u00fcrgermeister als Verk\u00e4ufer - Home | Tafel Dorsten\",\"isPartOf\":{\"@id\":\"https:\/\/www.dorstener-tafel.de\/#website\"},\"primaryImageOfPage\":{\"@id\":\"https:\/\/www.dorstener-tafel.de\/?p=1851#primaryimage\"},\"image\":{\"@id\":\"https:\/\/www.dorstener-tafel.de\/?p=1851#primaryimage\"},\"thumbnailUrl\":\"https:\/\/www.kvg-dorsten.de\/dorstener-tafel\/wordpress\/wp-content\/uploads\/2019\/05\/DSC00121.jpg\",\"datePublished\":\"2019-05-21T00:17:18+00:00\",\"dateModified\":\"2019-09-04T22:12:02+00:00\",\"author\":{\"@id\":\"https:\/\/www.dorstener-tafel.de\/#\/schema\/person\/c9a6797db5c21dbeb0851056380dcb01\"},\"breadcrumb\":{\"@id\":\"https:\/\/www.dorstener-tafel.de\/?p=1851#breadcrumb\"},\"inLanguage\":\"de\",\"potentialAction\":[{\"@type\":\"ReadAction\",\"target\":[\"https:\/\/www.dorstener-tafel.de\/?p=1851\"]}]},{\"@type\":\"ImageObject\",\"inLanguage\":\"de\",\"@id\":\"https:\/\/www.dorstener-tafel.de\/?p=1851#primaryimage\",\"url\":\"https:\/\/www.kvg-dorsten.de\/dorstener-tafel\/wordpress\/wp-content\/uploads\/2019\/05\/DSC00121.jpg\",\"contentUrl\":\"https:\/\/www.kvg-dorsten.de\/dorstener-tafel\/wordpress\/wp-content\/uploads\/2019\/05\/DSC00121.jpg\",\"width\":5184,\"height\":3888,\"caption\":\"Das Verk\u00e4uferInnen-Team an diesem Freitag. \u00a9 jotw \/ Dorstener Tafel 05\/2019\"},{\"@type\":\"BreadcrumbList\",\"@id\":\"https:\/\/www.dorstener-tafel.de\/?p=1851#breadcrumb\",\"itemListElement\":[{\"@type\":\"ListItem\",\"position\":1,\"name\":\"Home\",\"item\":\"https:\/\/www.dorstener-tafel.de\/\"},{\"@type\":\"ListItem\",\"position\":2,\"name\":\"B\u00fcrgermeister als Verk\u00e4ufer\"}]},{\"@type\":\"WebSite\",\"@id\":\"https:\/\/www.dorstener-tafel.de\/#website\",\"url\":\"https:\/\/www.dorstener-tafel.de\/\",\"name\":\"Home | Tafel Dorsten\",\"description\":\"\",\"potentialAction\":[{\"@type\":\"SearchAction\",\"target\":{\"@type\":\"EntryPoint\",\"urlTemplate\":\"https:\/\/www.dorstener-tafel.de\/?s={search_term_string}\"},\"query-input\":{\"@type\":\"PropertyValueSpecification\",\"valueRequired\":true,\"valueName\":\"search_term_string\"}}],\"inLanguage\":\"de\"},{\"@type\":\"Person\",\"@id\":\"https:\/\/www.dorstener-tafel.de\/#\/schema\/person\/c9a6797db5c21dbeb0851056380dcb01\",\"name\":\"jotw\",\"image\":{\"@type\":\"ImageObject\",\"inLanguage\":\"de\",\"@id\":\"https:\/\/www.dorstener-tafel.de\/#\/schema\/person\/image\/\",\"url\":\"https:\/\/secure.gravatar.com\/avatar\/225c6088c3bfecfbb42a2a0d5c9556b6?s=96&d=retro&r=g\",\"contentUrl\":\"https:\/\/secure.gravatar.com\/avatar\/225c6088c3bfecfbb42a2a0d5c9556b6?s=96&d=retro&r=g\",\"caption\":\"jotw\"},\"url\":\"https:\/\/www.dorstener-tafel.de\/?author=1\"}]}<\/script>\n<!-- \/ Yoast SEO plugin. -->","yoast_head_json":{"title":"B\u00fcrgermeister als Verk\u00e4ufer - Home | Tafel Dorsten","robots":{"index":"index","follow":"follow","max-snippet":"max-snippet:-1","max-image-preview":"max-image-preview:large","max-video-preview":"max-video-preview:-1"},"canonical":"https:\/\/www.dorstener-tafel.de\/?p=1851","og_locale":"de_DE","og_type":"article","og_title":"B\u00fcrgermeister als Verk\u00e4ufer - Home | Tafel Dorsten","og_description":"Phase III der Tafel-Arbeit unseres Schirmherrn: Tobias Stockhoff: &#8222;Gro\u00dfen Respekt &#8211; habe ich vor dem riesen Engagement der Dorstener Tafel. [&hellip;]","og_url":"https:\/\/www.dorstener-tafel.de\/?p=1851","og_site_name":"Home | Tafel Dorsten","article_publisher":"https:\/\/www.facebook.com\/Dorstener-Tafel-eV-710109832448127\/","article_published_time":"2019-05-21T00:17:18+00:00","article_modified_time":"2019-09-04T22:12:02+00:00","og_image":[{"width":1024,"height":768,"url":"https:\/\/www.kvg-dorsten.de\/dorstener-tafel\/wordpress\/wp-content\/uploads\/2019\/05\/DSC00121-1024x768.jpg","type":"image\/jpeg"}],"author":"jotw","twitter_card":"summary_large_image","twitter_misc":{"Verfasst von":"jotw","Gesch\u00e4tzte Lesezeit":"1\u00a0Minute"},"schema":{"@context":"https:\/\/schema.org","@graph":[{"@type":"Article","@id":"https:\/\/www.dorstener-tafel.de\/?p=1851#article","isPartOf":{"@id":"https:\/\/www.dorstener-tafel.de\/?p=1851"},"author":{"name":"jotw","@id":"https:\/\/www.dorstener-tafel.de\/#\/schema\/person\/c9a6797db5c21dbeb0851056380dcb01"},"headline":"B\u00fcrgermeister als Verk\u00e4ufer","datePublished":"2019-05-21T00:17:18+00:00","dateModified":"2019-09-04T22:12:02+00:00","mainEntityOfPage":{"@id":"https:\/\/www.dorstener-tafel.de\/?p=1851"},"wordCount":208,"commentCount":0,"image":{"@id":"https:\/\/www.dorstener-tafel.de\/?p=1851#primaryimage"},"thumbnailUrl":"https:\/\/www.kvg-dorsten.de\/dorstener-tafel\/wordpress\/wp-content\/uploads\/2019\/05\/DSC00121.jpg","articleSection":["Aktuelles"],"inLanguage":"de","potentialAction":[{"@type":"CommentAction","name":"Comment","target":["https:\/\/www.dorstener-tafel.de\/?p=1851#respond"]}]},{"@type":"WebPage","@id":"https:\/\/www.dorstener-tafel.de\/?p=1851","url":"https:\/\/www.dorstener-tafel.de\/?p=1851","name":"B\u00fcrgermeister als Verk\u00e4ufer - Home | Tafel Dorsten","isPartOf":{"@id":"https:\/\/www.dorstener-tafel.de\/#website"},"primaryImageOfPage":{"@id":"https:\/\/www.dorstener-tafel.de\/?p=1851#primaryimage"},"image":{"@id":"https:\/\/www.dorstener-tafel.de\/?p=1851#primaryimage"},"thumbnailUrl":"https:\/\/www.kvg-dorsten.de\/dorstener-tafel\/wordpress\/wp-content\/uploads\/2019\/05\/DSC00121.jpg","datePublished":"2019-05-21T00:17:18+00:00","dateModified":"2019-09-04T22:12:02+00:00","author":{"@id":"https:\/\/www.dorstener-tafel.de\/#\/schema\/person\/c9a6797db5c21dbeb0851056380dcb01"},"breadcrumb":{"@id":"https:\/\/www.dorstener-tafel.de\/?p=1851#breadcrumb"},"inLanguage":"de","potentialAction":[{"@type":"ReadAction","target":["https:\/\/www.dorstener-tafel.de\/?p=1851"]}]},{"@type":"ImageObject","inLanguage":"de","@id":"https:\/\/www.dorstener-tafel.de\/?p=1851#primaryimage","url":"https:\/\/www.kvg-dorsten.de\/dorstener-tafel\/wordpress\/wp-content\/uploads\/2019\/05\/DSC00121.jpg","contentUrl":"https:\/\/www.kvg-dorsten.de\/dorstener-tafel\/wordpress\/wp-content\/uploads\/2019\/05\/DSC00121.jpg","width":5184,"height":3888,"caption":"Das Verk\u00e4uferInnen-Team an diesem Freitag. \u00a9 jotw \/ Dorstener Tafel 05\/2019"},{"@type":"BreadcrumbList","@id":"https:\/\/www.dorstener-tafel.de\/?p=1851#breadcrumb","itemListElement":[{"@type":"ListItem","position":1,"name":"Home","item":"https:\/\/www.dorstener-tafel.de\/"},{"@type":"ListItem","position":2,"name":"B\u00fcrgermeister als Verk\u00e4ufer"}]},{"@type":"WebSite","@id":"https:\/\/www.dorstener-tafel.de\/#website","url":"https:\/\/www.dorstener-tafel.de\/","name":"Home | Tafel Dorsten","description":"","potentialAction":[{"@type":"SearchAction","target":{"@type":"EntryPoint","urlTemplate":"https:\/\/www.dorstener-tafel.de\/?s={search_term_string}"},"query-input":{"@type":"PropertyValueSpecification","valueRequired":true,"valueName":"search_term_string"}}],"inLanguage":"de"},{"@type":"Person","@id":"https:\/\/www.dorstener-tafel.de\/#\/schema\/person\/c9a6797db5c21dbeb0851056380dcb01","name":"jotw","image":{"@type":"ImageObject","inLanguage":"de","@id":"https:\/\/www.dorstener-tafel.de\/#\/schema\/person\/image\/","url":"https:\/\/secure.gravatar.com\/avatar\/225c6088c3bfecfbb42a2a0d5c9556b6?s=96&d=retro&r=g","contentUrl":"https:\/\/secure.gravatar.com\/avatar\/225c6088c3bfecfbb42a2a0d5c9556b6?s=96&d=retro&r=g","caption":"jotw"},"url":"https:\/\/www.dorstener-tafel.de\/?author=1"}]}},"_links":{"self":[{"href":"https:\/\/www.dorstener-tafel.de\/index.php?rest_route=\/wp\/v2\/posts\/1851","targetHints":{"allow":["GET"]}}],"collection":[{"href":"https:\/\/www.dorstener-tafel.de\/index.php?rest_route=\/wp\/v2\/posts"}],"about":[{"href":"https:\/\/www.dorstener-tafel.de\/index.php?rest_route=\/wp\/v2\/types\/post"}],"author":[{"embeddable":true,"href":"https:\/\/www.dorstener-tafel.de\/index.php?rest_route=\/wp\/v2\/users\/1"}],"replies":[{"embeddable":true,"href":"https:\/\/www.dorstener-tafel.de\/index.php?rest_route=%2Fwp%2Fv2%2Fcomments&post=1851"}],"version-history":[{"count":5,"href":"https:\/\/www.dorstener-tafel.de\/index.php?rest_route=\/wp\/v2\/posts\/1851\/revisions"}],"predecessor-version":[{"id":1857,"href":"https:\/\/www.dorstener-tafel.de\/index.php?rest_route=\/wp\/v2\/posts\/1851\/revisions\/1857"}],"wp:featuredmedia":[{"embeddable":true,"href":"https:\/\/www.dorstener-tafel.de\/index.php?rest_route=\/wp\/v2\/media\/1852"}],"wp:attachment":[{"href":"https:\/\/www.dorstener-tafel.de\/index.php?rest_route=%2Fwp%2Fv2%2Fmedia&parent=1851"}],"wp:term":[{"taxonomy":"category","embeddable":true,"href":"https:\/\/www.dorstener-tafel.de\/index.php?rest_route=%2Fwp%2Fv2%2Fcategories&post=1851"},{"taxonomy":"post_tag","embeddable":true,"href":"https:\/\/www.dorstener-tafel.de\/index.php?rest_route=%2Fwp%2Fv2%2Ftags&post=1851"}],"curies":[{"name":"wp","href":"https:\/\/api.w.org\/{rel}","templated":true}]}}