{"id":1845,"date":"2019-05-11T21:19:35","date_gmt":"2019-05-11T19:19:35","guid":{"rendered":"https:\/\/www.dorstener-tafel.de\/?p=1845"},"modified":"2019-05-18T21:56:03","modified_gmt":"2019-05-18T19:56:03","slug":"buergermeister-kocht-fuer-den-mittagstisch","status":"publish","type":"post","link":"https:\/\/www.dorstener-tafel.de\/?p=1845","title":{"rendered":"B\u00fcrgermeister kocht f\u00fcr den Mittagstisch"},"content":{"rendered":"<p>Neujahrsempfang der CDU Dorsten im Januar &#8217;19 mit Folgen: Nicht nur, dass die <strong><a href=\"https:\/\/www.dorstener-tafel.de\/?p=1739\">Dorstener Tafel mit dem Ehrenamtspreis<\/a><\/strong> auch eine willkommene finanzielle Unterst\u00fctzung in H\u00f6he von \u20ac 500,- erhielt, nein, im Small Talk mit dem Halterner B\u00fcrgermeister Bodo Klimpel kam bei unserem B\u00fcrgermeister Stockhoff \u2013 beide auch Schirmherren ihrer Ortstafel \u2013 <strong><a href=\"https:\/\/www.dorstener-tafel.de\/?p=1755\">spontan<\/a><\/strong> die Idee auf, sich intensiver mit der Arbeit der Tafel-Ehrenamtlichen zu besch\u00e4ftigen.<\/p>\n<p><a href=\"https:\/\/www.dorstener-tafel.de\/?p=1819\"><strong>Am 2. April half BM Stockhoff<\/strong><\/a> einen Vormittag beim Packen im Laden, dann beim Sortieren und in der Kontrolle der (nicht immer ganz) frisch angelieferten Waren, immer auch im Gespr\u00e4ch mit den ehrenamtlichen Helferinnen und Helfern.<\/p>\n<p>Wieder ohne mediale Begleitung dann Phase 2: Zusammen mit J\u00f6rg B\u00fccker, Meisterkoch aus Dorsten und Kochlehrer am Berufskolleg in Gelsenkirchen, stellte er sich gestern an die T\u00f6pfe in der K\u00fcche des Pfarrheims St. Agatha und kochte f\u00fcr den Mittagstisch der Tafel dort. Dass es den G\u00e4sten schmeckte, lag sicherlich nicht nur daran, dass Tobias Stockhoff dort nur schnippeln durfte und J\u00f6rg B\u00fccker als Chef f\u00fcrs Zubereiten verantwortlich zeichnete &#8230;<\/p>\n<p>\u00dcber diese Erfahrung schrieb der B\u00fcrgermeister:<\/p>\n<p>&#8222;Gemeinsam mit Chefkoch J\u00f6rg B\u00fccker und einigen engagierten Damen &#8211; durfte ich mich als K\u00fcchenhelfer heute mal beim Mittagstisch der Dorstener Tafel \u00fcben. Als Vo<span class=\"text_exposed_show\">rspeise gab es Rote-Beete-Carpaccio mit Gurken-Tagliatelle und Fleischr\u00f6llchen. Als Hauptgericht folgte dann Westf\u00e4lische-Allerlei-Tortilla und zum Schluss als Nachspeise Apfel-Orangen-Kokos-Quark mit Crumble. Beim CDU-Neujahrsempfang kam J\u00f6rg B\u00fccker vom Sch\u00fctzenverein Altstadt spontan auf mich zu und sagte, wir kochen mal zusammen f\u00fcr die Tafel. Es macht Freude in meiner Heimatstadt B\u00fcrgermeister zu sein, denn jeden Tag helfen Menschen mit, dass unsere Stadt ein St\u00fcck besser wird. Man steht zusammen und macht etwas f\u00fcr andere Menschen.&#8220;<\/span><\/p>\n<p><a href=\"https:\/\/www.kvg-dorsten.de\/dorstener-tafel\/wordpress\/wp-content\/uploads\/2019\/05\/2019-05-11-60016587_2836544539903517_7955110972220243968_o.jpg\"><img loading=\"lazy\" decoding=\"async\" class=\"alignnone size-full wp-image-1846\" src=\"https:\/\/www.kvg-dorsten.de\/dorstener-tafel\/wordpress\/wp-content\/uploads\/2019\/05\/2019-05-11-60016587_2836544539903517_7955110972220243968_o.jpg\" alt=\"\" width=\"1600\" height=\"899\" srcset=\"https:\/\/www.kvg-dorsten.de\/dorstener-tafel\/wordpress\/wp-content\/uploads\/2019\/05\/2019-05-11-60016587_2836544539903517_7955110972220243968_o.jpg 1600w, https:\/\/www.kvg-dorsten.de\/dorstener-tafel\/wordpress\/wp-content\/uploads\/2019\/05\/2019-05-11-60016587_2836544539903517_7955110972220243968_o-300x169.jpg 300w, https:\/\/www.kvg-dorsten.de\/dorstener-tafel\/wordpress\/wp-content\/uploads\/2019\/05\/2019-05-11-60016587_2836544539903517_7955110972220243968_o-768x432.jpg 768w, https:\/\/www.kvg-dorsten.de\/dorstener-tafel\/wordpress\/wp-content\/uploads\/2019\/05\/2019-05-11-60016587_2836544539903517_7955110972220243968_o-1024x575.jpg 1024w\" sizes=\"auto, (max-width: 1600px) 100vw, 1600px\" \/><\/a><\/p>\n<p>Die DORSTENER TAFEL dankt f\u00fcr das Engagement und die Wertsch\u00e4tzung f\u00fcr die ehrenamtliche Arbeit, die in dieser Form des Mitmachens deutlich wird!<\/p>\n","protected":false},"excerpt":{"rendered":"<p>Neujahrsempfang der CDU Dorsten im Januar &#8217;19 mit Folgen: Nicht nur, dass die Dorstener Tafel mit dem Ehrenamtspreis auch eine [&hellip;]<\/p>\n","protected":false},"author":1,"featured_media":1848,"comment_status":"open","ping_status":"closed","sticky":false,"template":"","format":"standard","meta":{"footnotes":""},"categories":[1],"tags":[],"class_list":["post-1845","post","type-post","status-publish","format-standard","has-post-thumbnail","hentry","category-allgemein"],"yoast_head":"<!-- This site is optimized with the Yoast SEO plugin v26.8 - https:\/\/yoast.com\/product\/yoast-seo-wordpress\/ -->\n<title>B\u00fcrgermeister kocht f\u00fcr den Mittagstisch - Home | Tafel Dorsten<\/title>\n<meta name=\"robots\" content=\"index, follow, max-snippet:-1, max-image-preview:large, max-video-preview:-1\" \/>\n<link rel=\"canonical\" href=\"https:\/\/www.dorstener-tafel.de\/?p=1845\" \/>\n<meta property=\"og:locale\" content=\"de_DE\" \/>\n<meta property=\"og:type\" content=\"article\" \/>\n<meta property=\"og:title\" content=\"B\u00fcrgermeister kocht f\u00fcr den Mittagstisch - Home | Tafel Dorsten\" \/>\n<meta property=\"og:description\" content=\"Neujahrsempfang der CDU Dorsten im Januar &#8217;19 mit Folgen: Nicht nur, dass die Dorstener Tafel mit dem Ehrenamtspreis auch eine [&hellip;]\" \/>\n<meta property=\"og:url\" content=\"https:\/\/www.dorstener-tafel.de\/?p=1845\" \/>\n<meta property=\"og:site_name\" content=\"Home | Tafel Dorsten\" \/>\n<meta property=\"article:publisher\" content=\"https:\/\/www.facebook.com\/Dorstener-Tafel-eV-710109832448127\/\" \/>\n<meta property=\"article:published_time\" content=\"2019-05-11T19:19:35+00:00\" \/>\n<meta property=\"article:modified_time\" content=\"2019-05-18T19:56:03+00:00\" \/>\n<meta property=\"og:image\" content=\"https:\/\/www.kvg-dorsten.de\/dorstener-tafel\/wordpress\/wp-content\/uploads\/2019\/05\/2019-05-11-60016587_2836544539903517_7955110972220243968_o-2.jpg\" \/>\n\t<meta property=\"og:image:width\" content=\"776\" \/>\n\t<meta property=\"og:image:height\" content=\"428\" \/>\n\t<meta property=\"og:image:type\" content=\"image\/jpeg\" \/>\n<meta name=\"author\" content=\"jotw\" \/>\n<meta name=\"twitter:card\" content=\"summary_large_image\" \/>\n<meta name=\"twitter:label1\" content=\"Verfasst von\" \/>\n\t<meta name=\"twitter:data1\" content=\"jotw\" \/>\n\t<meta name=\"twitter:label2\" content=\"Gesch\u00e4tzte Lesezeit\" \/>\n\t<meta name=\"twitter:data2\" content=\"2\u00a0Minuten\" \/>\n<script type=\"application\/ld+json\" class=\"yoast-schema-graph\">{\"@context\":\"https:\/\/schema.org\",\"@graph\":[{\"@type\":\"Article\",\"@id\":\"https:\/\/www.dorstener-tafel.de\/?p=1845#article\",\"isPartOf\":{\"@id\":\"https:\/\/www.dorstener-tafel.de\/?p=1845\"},\"author\":{\"name\":\"jotw\",\"@id\":\"https:\/\/www.dorstener-tafel.de\/#\/schema\/person\/c9a6797db5c21dbeb0851056380dcb01\"},\"headline\":\"B\u00fcrgermeister kocht f\u00fcr den Mittagstisch\",\"datePublished\":\"2019-05-11T19:19:35+00:00\",\"dateModified\":\"2019-05-18T19:56:03+00:00\",\"mainEntityOfPage\":{\"@id\":\"https:\/\/www.dorstener-tafel.de\/?p=1845\"},\"wordCount\":325,\"commentCount\":0,\"image\":{\"@id\":\"https:\/\/www.dorstener-tafel.de\/?p=1845#primaryimage\"},\"thumbnailUrl\":\"https:\/\/www.kvg-dorsten.de\/dorstener-tafel\/wordpress\/wp-content\/uploads\/2019\/05\/2019-05-11-60016587_2836544539903517_7955110972220243968_o-2.jpg\",\"articleSection\":[\"Aktuelles\"],\"inLanguage\":\"de\",\"potentialAction\":[{\"@type\":\"CommentAction\",\"name\":\"Comment\",\"target\":[\"https:\/\/www.dorstener-tafel.de\/?p=1845#respond\"]}]},{\"@type\":\"WebPage\",\"@id\":\"https:\/\/www.dorstener-tafel.de\/?p=1845\",\"url\":\"https:\/\/www.dorstener-tafel.de\/?p=1845\",\"name\":\"B\u00fcrgermeister kocht f\u00fcr den Mittagstisch - Home | Tafel Dorsten\",\"isPartOf\":{\"@id\":\"https:\/\/www.dorstener-tafel.de\/#website\"},\"primaryImageOfPage\":{\"@id\":\"https:\/\/www.dorstener-tafel.de\/?p=1845#primaryimage\"},\"image\":{\"@id\":\"https:\/\/www.dorstener-tafel.de\/?p=1845#primaryimage\"},\"thumbnailUrl\":\"https:\/\/www.kvg-dorsten.de\/dorstener-tafel\/wordpress\/wp-content\/uploads\/2019\/05\/2019-05-11-60016587_2836544539903517_7955110972220243968_o-2.jpg\",\"datePublished\":\"2019-05-11T19:19:35+00:00\",\"dateModified\":\"2019-05-18T19:56:03+00:00\",\"author\":{\"@id\":\"https:\/\/www.dorstener-tafel.de\/#\/schema\/person\/c9a6797db5c21dbeb0851056380dcb01\"},\"breadcrumb\":{\"@id\":\"https:\/\/www.dorstener-tafel.de\/?p=1845#breadcrumb\"},\"inLanguage\":\"de\",\"potentialAction\":[{\"@type\":\"ReadAction\",\"target\":[\"https:\/\/www.dorstener-tafel.de\/?p=1845\"]}]},{\"@type\":\"ImageObject\",\"inLanguage\":\"de\",\"@id\":\"https:\/\/www.dorstener-tafel.de\/?p=1845#primaryimage\",\"url\":\"https:\/\/www.kvg-dorsten.de\/dorstener-tafel\/wordpress\/wp-content\/uploads\/2019\/05\/2019-05-11-60016587_2836544539903517_7955110972220243968_o-2.jpg\",\"contentUrl\":\"https:\/\/www.kvg-dorsten.de\/dorstener-tafel\/wordpress\/wp-content\/uploads\/2019\/05\/2019-05-11-60016587_2836544539903517_7955110972220243968_o-2.jpg\",\"width\":776,\"height\":428},{\"@type\":\"BreadcrumbList\",\"@id\":\"https:\/\/www.dorstener-tafel.de\/?p=1845#breadcrumb\",\"itemListElement\":[{\"@type\":\"ListItem\",\"position\":1,\"name\":\"Home\",\"item\":\"https:\/\/www.dorstener-tafel.de\/\"},{\"@type\":\"ListItem\",\"position\":2,\"name\":\"B\u00fcrgermeister kocht f\u00fcr den Mittagstisch\"}]},{\"@type\":\"WebSite\",\"@id\":\"https:\/\/www.dorstener-tafel.de\/#website\",\"url\":\"https:\/\/www.dorstener-tafel.de\/\",\"name\":\"Home | Tafel Dorsten\",\"description\":\"\",\"potentialAction\":[{\"@type\":\"SearchAction\",\"target\":{\"@type\":\"EntryPoint\",\"urlTemplate\":\"https:\/\/www.dorstener-tafel.de\/?s={search_term_string}\"},\"query-input\":{\"@type\":\"PropertyValueSpecification\",\"valueRequired\":true,\"valueName\":\"search_term_string\"}}],\"inLanguage\":\"de\"},{\"@type\":\"Person\",\"@id\":\"https:\/\/www.dorstener-tafel.de\/#\/schema\/person\/c9a6797db5c21dbeb0851056380dcb01\",\"name\":\"jotw\",\"image\":{\"@type\":\"ImageObject\",\"inLanguage\":\"de\",\"@id\":\"https:\/\/www.dorstener-tafel.de\/#\/schema\/person\/image\/\",\"url\":\"https:\/\/secure.gravatar.com\/avatar\/225c6088c3bfecfbb42a2a0d5c9556b6?s=96&d=retro&r=g\",\"contentUrl\":\"https:\/\/secure.gravatar.com\/avatar\/225c6088c3bfecfbb42a2a0d5c9556b6?s=96&d=retro&r=g\",\"caption\":\"jotw\"},\"url\":\"https:\/\/www.dorstener-tafel.de\/?author=1\"}]}<\/script>\n<!-- \/ Yoast SEO plugin. -->","yoast_head_json":{"title":"B\u00fcrgermeister kocht f\u00fcr den Mittagstisch - Home | Tafel Dorsten","robots":{"index":"index","follow":"follow","max-snippet":"max-snippet:-1","max-image-preview":"max-image-preview:large","max-video-preview":"max-video-preview:-1"},"canonical":"https:\/\/www.dorstener-tafel.de\/?p=1845","og_locale":"de_DE","og_type":"article","og_title":"B\u00fcrgermeister kocht f\u00fcr den Mittagstisch - Home | Tafel Dorsten","og_description":"Neujahrsempfang der CDU Dorsten im Januar &#8217;19 mit Folgen: Nicht nur, dass die Dorstener Tafel mit dem Ehrenamtspreis auch eine [&hellip;]","og_url":"https:\/\/www.dorstener-tafel.de\/?p=1845","og_site_name":"Home | Tafel Dorsten","article_publisher":"https:\/\/www.facebook.com\/Dorstener-Tafel-eV-710109832448127\/","article_published_time":"2019-05-11T19:19:35+00:00","article_modified_time":"2019-05-18T19:56:03+00:00","og_image":[{"width":776,"height":428,"url":"https:\/\/www.kvg-dorsten.de\/dorstener-tafel\/wordpress\/wp-content\/uploads\/2019\/05\/2019-05-11-60016587_2836544539903517_7955110972220243968_o-2.jpg","type":"image\/jpeg"}],"author":"jotw","twitter_card":"summary_large_image","twitter_misc":{"Verfasst von":"jotw","Gesch\u00e4tzte Lesezeit":"2\u00a0Minuten"},"schema":{"@context":"https:\/\/schema.org","@graph":[{"@type":"Article","@id":"https:\/\/www.dorstener-tafel.de\/?p=1845#article","isPartOf":{"@id":"https:\/\/www.dorstener-tafel.de\/?p=1845"},"author":{"name":"jotw","@id":"https:\/\/www.dorstener-tafel.de\/#\/schema\/person\/c9a6797db5c21dbeb0851056380dcb01"},"headline":"B\u00fcrgermeister kocht f\u00fcr den Mittagstisch","datePublished":"2019-05-11T19:19:35+00:00","dateModified":"2019-05-18T19:56:03+00:00","mainEntityOfPage":{"@id":"https:\/\/www.dorstener-tafel.de\/?p=1845"},"wordCount":325,"commentCount":0,"image":{"@id":"https:\/\/www.dorstener-tafel.de\/?p=1845#primaryimage"},"thumbnailUrl":"https:\/\/www.kvg-dorsten.de\/dorstener-tafel\/wordpress\/wp-content\/uploads\/2019\/05\/2019-05-11-60016587_2836544539903517_7955110972220243968_o-2.jpg","articleSection":["Aktuelles"],"inLanguage":"de","potentialAction":[{"@type":"CommentAction","name":"Comment","target":["https:\/\/www.dorstener-tafel.de\/?p=1845#respond"]}]},{"@type":"WebPage","@id":"https:\/\/www.dorstener-tafel.de\/?p=1845","url":"https:\/\/www.dorstener-tafel.de\/?p=1845","name":"B\u00fcrgermeister kocht f\u00fcr den Mittagstisch - Home | Tafel Dorsten","isPartOf":{"@id":"https:\/\/www.dorstener-tafel.de\/#website"},"primaryImageOfPage":{"@id":"https:\/\/www.dorstener-tafel.de\/?p=1845#primaryimage"},"image":{"@id":"https:\/\/www.dorstener-tafel.de\/?p=1845#primaryimage"},"thumbnailUrl":"https:\/\/www.kvg-dorsten.de\/dorstener-tafel\/wordpress\/wp-content\/uploads\/2019\/05\/2019-05-11-60016587_2836544539903517_7955110972220243968_o-2.jpg","datePublished":"2019-05-11T19:19:35+00:00","dateModified":"2019-05-18T19:56:03+00:00","author":{"@id":"https:\/\/www.dorstener-tafel.de\/#\/schema\/person\/c9a6797db5c21dbeb0851056380dcb01"},"breadcrumb":{"@id":"https:\/\/www.dorstener-tafel.de\/?p=1845#breadcrumb"},"inLanguage":"de","potentialAction":[{"@type":"ReadAction","target":["https:\/\/www.dorstener-tafel.de\/?p=1845"]}]},{"@type":"ImageObject","inLanguage":"de","@id":"https:\/\/www.dorstener-tafel.de\/?p=1845#primaryimage","url":"https:\/\/www.kvg-dorsten.de\/dorstener-tafel\/wordpress\/wp-content\/uploads\/2019\/05\/2019-05-11-60016587_2836544539903517_7955110972220243968_o-2.jpg","contentUrl":"https:\/\/www.kvg-dorsten.de\/dorstener-tafel\/wordpress\/wp-content\/uploads\/2019\/05\/2019-05-11-60016587_2836544539903517_7955110972220243968_o-2.jpg","width":776,"height":428},{"@type":"BreadcrumbList","@id":"https:\/\/www.dorstener-tafel.de\/?p=1845#breadcrumb","itemListElement":[{"@type":"ListItem","position":1,"name":"Home","item":"https:\/\/www.dorstener-tafel.de\/"},{"@type":"ListItem","position":2,"name":"B\u00fcrgermeister kocht f\u00fcr den Mittagstisch"}]},{"@type":"WebSite","@id":"https:\/\/www.dorstener-tafel.de\/#website","url":"https:\/\/www.dorstener-tafel.de\/","name":"Home | Tafel Dorsten","description":"","potentialAction":[{"@type":"SearchAction","target":{"@type":"EntryPoint","urlTemplate":"https:\/\/www.dorstener-tafel.de\/?s={search_term_string}"},"query-input":{"@type":"PropertyValueSpecification","valueRequired":true,"valueName":"search_term_string"}}],"inLanguage":"de"},{"@type":"Person","@id":"https:\/\/www.dorstener-tafel.de\/#\/schema\/person\/c9a6797db5c21dbeb0851056380dcb01","name":"jotw","image":{"@type":"ImageObject","inLanguage":"de","@id":"https:\/\/www.dorstener-tafel.de\/#\/schema\/person\/image\/","url":"https:\/\/secure.gravatar.com\/avatar\/225c6088c3bfecfbb42a2a0d5c9556b6?s=96&d=retro&r=g","contentUrl":"https:\/\/secure.gravatar.com\/avatar\/225c6088c3bfecfbb42a2a0d5c9556b6?s=96&d=retro&r=g","caption":"jotw"},"url":"https:\/\/www.dorstener-tafel.de\/?author=1"}]}},"_links":{"self":[{"href":"https:\/\/www.dorstener-tafel.de\/index.php?rest_route=\/wp\/v2\/posts\/1845","targetHints":{"allow":["GET"]}}],"collection":[{"href":"https:\/\/www.dorstener-tafel.de\/index.php?rest_route=\/wp\/v2\/posts"}],"about":[{"href":"https:\/\/www.dorstener-tafel.de\/index.php?rest_route=\/wp\/v2\/types\/post"}],"author":[{"embeddable":true,"href":"https:\/\/www.dorstener-tafel.de\/index.php?rest_route=\/wp\/v2\/users\/1"}],"replies":[{"embeddable":true,"href":"https:\/\/www.dorstener-tafel.de\/index.php?rest_route=%2Fwp%2Fv2%2Fcomments&post=1845"}],"version-history":[{"count":3,"href":"https:\/\/www.dorstener-tafel.de\/index.php?rest_route=\/wp\/v2\/posts\/1845\/revisions"}],"predecessor-version":[{"id":1850,"href":"https:\/\/www.dorstener-tafel.de\/index.php?rest_route=\/wp\/v2\/posts\/1845\/revisions\/1850"}],"wp:featuredmedia":[{"embeddable":true,"href":"https:\/\/www.dorstener-tafel.de\/index.php?rest_route=\/wp\/v2\/media\/1848"}],"wp:attachment":[{"href":"https:\/\/www.dorstener-tafel.de\/index.php?rest_route=%2Fwp%2Fv2%2Fmedia&parent=1845"}],"wp:term":[{"taxonomy":"category","embeddable":true,"href":"https:\/\/www.dorstener-tafel.de\/index.php?rest_route=%2Fwp%2Fv2%2Fcategories&post=1845"},{"taxonomy":"post_tag","embeddable":true,"href":"https:\/\/www.dorstener-tafel.de\/index.php?rest_route=%2Fwp%2Fv2%2Ftags&post=1845"}],"curies":[{"name":"wp","href":"https:\/\/api.w.org\/{rel}","templated":true}]}}