{"id":1827,"date":"2019-03-31T15:03:50","date_gmt":"2019-03-31T13:03:50","guid":{"rendered":"https:\/\/www.dorstener-tafel.de\/?p=1827"},"modified":"2019-04-03T12:03:52","modified_gmt":"2019-04-03T10:03:52","slug":"15-jahre-dorstener-tafel-gruss-aus-berlin","status":"publish","type":"post","link":"https:\/\/www.dorstener-tafel.de\/?p=1827","title":{"rendered":"15 Jahre DORSTENER TAFEL \u2013 Gru\u00df aus Berlin"},"content":{"rendered":"<p>Vom unserem Dachverband\u00a0<strong><a href=\"http:\/\/tafel.de\" target=\"_blank\" rel=\"noopener\">Bundesverband Tafel e.V.<\/a><\/strong>, dem wir wie die anderen gut 940 gemeinn\u00fctzigen Tafeln in Deutschland angeh\u00f6ren, erhielten wir diesen Gl\u00fcckwunsch zu unserem 15-j\u00e4hrigen Bestehen als DORSTENER TAFEL e.V. Hier gibt es ein paar <a href=\"https:\/\/www.dorstener-tafel.de\/?page_id=20\" target=\"_blank\" rel=\"noopener\"><strong>Informationen zur Geschichte der\u00a0DORSTENER TAFEL e.V.\u00a0<\/strong><\/a>Die Organisationsformen der Tafeln sind sehr unterschiedlich: Kirchengemeinden, Sozial- und Wohlt\u00e4tigkeitsverb\u00e4nde wie KAB,\u00a0 Rotes Kreuz, Caritas, Diakonie u.v.a.m. organisieren Tafeln f\u00fcr Bed\u00fcrftige. Auch wenn die DORSTENER TAFEL ihren Ursprung in dem Willen der evangelischen und der katholischen Kirche in Wulfen-Barkenberg hatte, Menschen zu helfen, entschieden sich die Gr\u00fcnder-M\u00fctter und -V\u00e4ter seinerzeit f\u00fcr die Organisationsform &#8218;Eingetragener Verein&#8216;, um unabh\u00e4ngig zu sein von konfessionellen und politischen Einfl\u00fcssen, ohne nat\u00fcrlich die vielen Ber\u00fchrungen mit Verb\u00e4nden, Kirchen und Parteien zu scheuen. Im Gegenteil: Wir freuen uns \u00fcber die Wertsch\u00e4tzung, die wir dort genie\u00dfen!<\/p>\n<p>Gleichwohl orientieren sich alle Tafeln an gemeinsamen Grunds\u00e4tzen und Werten, nachzulesen <strong><a href=\"https:\/\/www.tafel.de\/ueber-uns\/unsere-werte\/\" target=\"_blank\" rel=\"noopener\">hier<\/a><\/strong>.<\/p>\n<p>Unsere Arbeit als Verein bringt es mit sich, dass <u>s\u00e4mtliche<\/u> T\u00e4tigkeiten ehrenamtlich verrichtet werden: kein\/e Mitarbeiter\/in unserer TAFEL verdient hier Geld, alle verzichten auch auf Aufwandsentsch\u00e4digungen, z.B. f\u00fcr den Weg zur &#8218;Arbeit&#8216; und zur\u00fcck mit Bus oder privatem PKW.<\/p>\n<p>Wir gelten als &#8218;kleine&#8216; TAFEL: Ca. 240 Dorstener Einzelpersonen und Familien (insgesamt etwa 700 Menschen, Erwachsene, Kinder und Jugendliche), die staatliche Unterst\u00fctzungsleistungen erhalten, haben aktuell eine Kundenkarte. Ca. 55 Helferinnen und Helfer in Barkenberg k\u00fcmmern sich darum, ihnen das Leben durch das Angebot sehr preiswerter Lebensmittel etwas leichter zu machen und gleichzeitig wertvolle Nahrung vor der Vernichtung zu bewahren.<\/p>\n<hr \/>\n<p><a href=\"https:\/\/www.kvg-dorsten.de\/dorstener-tafel\/wordpress\/wp-content\/uploads\/2019\/03\/2019-03-Gruss-Berlin-Bundesverband-15Jahre-Dorstener-Tafel.jpg\" target=\"_blank\" rel=\"noopener\"><img loading=\"lazy\" decoding=\"async\" class=\"alignnone wp-image-1829 size-full\" src=\"https:\/\/www.kvg-dorsten.de\/dorstener-tafel\/wordpress\/wp-content\/uploads\/2019\/03\/2019-03-Gruss-Berlin-Bundesverband-15Jahre-Dorstener-Tafel.jpg\" alt=\"\" width=\"1275\" height=\"2574\" srcset=\"https:\/\/www.kvg-dorsten.de\/dorstener-tafel\/wordpress\/wp-content\/uploads\/2019\/03\/2019-03-Gruss-Berlin-Bundesverband-15Jahre-Dorstener-Tafel.jpg 1275w, https:\/\/www.kvg-dorsten.de\/dorstener-tafel\/wordpress\/wp-content\/uploads\/2019\/03\/2019-03-Gruss-Berlin-Bundesverband-15Jahre-Dorstener-Tafel-149x300.jpg 149w, https:\/\/www.kvg-dorsten.de\/dorstener-tafel\/wordpress\/wp-content\/uploads\/2019\/03\/2019-03-Gruss-Berlin-Bundesverband-15Jahre-Dorstener-Tafel-768x1550.jpg 768w, https:\/\/www.kvg-dorsten.de\/dorstener-tafel\/wordpress\/wp-content\/uploads\/2019\/03\/2019-03-Gruss-Berlin-Bundesverband-15Jahre-Dorstener-Tafel-507x1024.jpg 507w\" sizes=\"auto, (max-width: 1275px) 100vw, 1275px\" \/><\/a><\/p>\n","protected":false},"excerpt":{"rendered":"<p>Vom unserem Dachverband\u00a0Bundesverband Tafel e.V., dem wir wie die anderen gut 940 gemeinn\u00fctzigen Tafeln in Deutschland angeh\u00f6ren, erhielten wir diesen [&hellip;]<\/p>\n","protected":false},"author":1,"featured_media":1207,"comment_status":"open","ping_status":"closed","sticky":false,"template":"","format":"standard","meta":{"footnotes":""},"categories":[1],"tags":[],"class_list":["post-1827","post","type-post","status-publish","format-standard","has-post-thumbnail","hentry","category-allgemein"],"yoast_head":"<!-- This site is optimized with the Yoast SEO plugin v26.8 - https:\/\/yoast.com\/product\/yoast-seo-wordpress\/ -->\n<title>15 Jahre DORSTENER TAFEL \u2013 Gru\u00df aus Berlin - Home | Tafel Dorsten<\/title>\n<meta name=\"robots\" content=\"index, follow, max-snippet:-1, max-image-preview:large, max-video-preview:-1\" \/>\n<link rel=\"canonical\" href=\"https:\/\/www.dorstener-tafel.de\/?p=1827\" \/>\n<meta property=\"og:locale\" content=\"de_DE\" \/>\n<meta property=\"og:type\" content=\"article\" \/>\n<meta property=\"og:title\" content=\"15 Jahre DORSTENER TAFEL \u2013 Gru\u00df aus Berlin - Home | Tafel Dorsten\" \/>\n<meta property=\"og:description\" content=\"Vom unserem Dachverband\u00a0Bundesverband Tafel e.V., dem wir wie die anderen gut 940 gemeinn\u00fctzigen Tafeln in Deutschland angeh\u00f6ren, erhielten wir diesen [&hellip;]\" \/>\n<meta property=\"og:url\" content=\"https:\/\/www.dorstener-tafel.de\/?p=1827\" \/>\n<meta property=\"og:site_name\" content=\"Home | Tafel Dorsten\" \/>\n<meta property=\"article:publisher\" content=\"https:\/\/www.facebook.com\/Dorstener-Tafel-eV-710109832448127\/\" \/>\n<meta property=\"article:published_time\" content=\"2019-03-31T13:03:50+00:00\" \/>\n<meta property=\"article:modified_time\" content=\"2019-04-03T10:03:52+00:00\" \/>\n<meta property=\"og:image\" content=\"https:\/\/www.kvg-dorsten.de\/dorstener-tafel\/wordpress\/wp-content\/uploads\/2018\/02\/Logo-neu-004-2000px.jpg\" \/>\n\t<meta property=\"og:image:width\" content=\"2000\" \/>\n\t<meta property=\"og:image:height\" content=\"1200\" \/>\n\t<meta property=\"og:image:type\" content=\"image\/jpeg\" \/>\n<meta name=\"author\" content=\"jotw\" \/>\n<meta name=\"twitter:card\" content=\"summary_large_image\" \/>\n<meta name=\"twitter:label1\" content=\"Verfasst von\" \/>\n\t<meta name=\"twitter:data1\" content=\"jotw\" \/>\n\t<meta name=\"twitter:label2\" content=\"Gesch\u00e4tzte Lesezeit\" \/>\n\t<meta name=\"twitter:data2\" content=\"1\u00a0Minute\" \/>\n<script type=\"application\/ld+json\" class=\"yoast-schema-graph\">{\"@context\":\"https:\/\/schema.org\",\"@graph\":[{\"@type\":\"Article\",\"@id\":\"https:\/\/www.dorstener-tafel.de\/?p=1827#article\",\"isPartOf\":{\"@id\":\"https:\/\/www.dorstener-tafel.de\/?p=1827\"},\"author\":{\"name\":\"jotw\",\"@id\":\"https:\/\/www.dorstener-tafel.de\/#\/schema\/person\/c9a6797db5c21dbeb0851056380dcb01\"},\"headline\":\"15 Jahre DORSTENER TAFEL \u2013 Gru\u00df aus Berlin\",\"datePublished\":\"2019-03-31T13:03:50+00:00\",\"dateModified\":\"2019-04-03T10:03:52+00:00\",\"mainEntityOfPage\":{\"@id\":\"https:\/\/www.dorstener-tafel.de\/?p=1827\"},\"wordCount\":279,\"commentCount\":0,\"image\":{\"@id\":\"https:\/\/www.dorstener-tafel.de\/?p=1827#primaryimage\"},\"thumbnailUrl\":\"https:\/\/www.kvg-dorsten.de\/dorstener-tafel\/wordpress\/wp-content\/uploads\/2018\/02\/Logo-neu-004-2000px.jpg\",\"articleSection\":[\"Aktuelles\"],\"inLanguage\":\"de\",\"potentialAction\":[{\"@type\":\"CommentAction\",\"name\":\"Comment\",\"target\":[\"https:\/\/www.dorstener-tafel.de\/?p=1827#respond\"]}]},{\"@type\":\"WebPage\",\"@id\":\"https:\/\/www.dorstener-tafel.de\/?p=1827\",\"url\":\"https:\/\/www.dorstener-tafel.de\/?p=1827\",\"name\":\"15 Jahre DORSTENER TAFEL \u2013 Gru\u00df aus Berlin - Home | Tafel Dorsten\",\"isPartOf\":{\"@id\":\"https:\/\/www.dorstener-tafel.de\/#website\"},\"primaryImageOfPage\":{\"@id\":\"https:\/\/www.dorstener-tafel.de\/?p=1827#primaryimage\"},\"image\":{\"@id\":\"https:\/\/www.dorstener-tafel.de\/?p=1827#primaryimage\"},\"thumbnailUrl\":\"https:\/\/www.kvg-dorsten.de\/dorstener-tafel\/wordpress\/wp-content\/uploads\/2018\/02\/Logo-neu-004-2000px.jpg\",\"datePublished\":\"2019-03-31T13:03:50+00:00\",\"dateModified\":\"2019-04-03T10:03:52+00:00\",\"author\":{\"@id\":\"https:\/\/www.dorstener-tafel.de\/#\/schema\/person\/c9a6797db5c21dbeb0851056380dcb01\"},\"breadcrumb\":{\"@id\":\"https:\/\/www.dorstener-tafel.de\/?p=1827#breadcrumb\"},\"inLanguage\":\"de\",\"potentialAction\":[{\"@type\":\"ReadAction\",\"target\":[\"https:\/\/www.dorstener-tafel.de\/?p=1827\"]}]},{\"@type\":\"ImageObject\",\"inLanguage\":\"de\",\"@id\":\"https:\/\/www.dorstener-tafel.de\/?p=1827#primaryimage\",\"url\":\"https:\/\/www.kvg-dorsten.de\/dorstener-tafel\/wordpress\/wp-content\/uploads\/2018\/02\/Logo-neu-004-2000px.jpg\",\"contentUrl\":\"https:\/\/www.kvg-dorsten.de\/dorstener-tafel\/wordpress\/wp-content\/uploads\/2018\/02\/Logo-neu-004-2000px.jpg\",\"width\":2000,\"height\":1200},{\"@type\":\"BreadcrumbList\",\"@id\":\"https:\/\/www.dorstener-tafel.de\/?p=1827#breadcrumb\",\"itemListElement\":[{\"@type\":\"ListItem\",\"position\":1,\"name\":\"Home\",\"item\":\"https:\/\/www.dorstener-tafel.de\/\"},{\"@type\":\"ListItem\",\"position\":2,\"name\":\"15 Jahre DORSTENER TAFEL \u2013 Gru\u00df aus Berlin\"}]},{\"@type\":\"WebSite\",\"@id\":\"https:\/\/www.dorstener-tafel.de\/#website\",\"url\":\"https:\/\/www.dorstener-tafel.de\/\",\"name\":\"Home | Tafel Dorsten\",\"description\":\"\",\"potentialAction\":[{\"@type\":\"SearchAction\",\"target\":{\"@type\":\"EntryPoint\",\"urlTemplate\":\"https:\/\/www.dorstener-tafel.de\/?s={search_term_string}\"},\"query-input\":{\"@type\":\"PropertyValueSpecification\",\"valueRequired\":true,\"valueName\":\"search_term_string\"}}],\"inLanguage\":\"de\"},{\"@type\":\"Person\",\"@id\":\"https:\/\/www.dorstener-tafel.de\/#\/schema\/person\/c9a6797db5c21dbeb0851056380dcb01\",\"name\":\"jotw\",\"image\":{\"@type\":\"ImageObject\",\"inLanguage\":\"de\",\"@id\":\"https:\/\/www.dorstener-tafel.de\/#\/schema\/person\/image\/\",\"url\":\"https:\/\/secure.gravatar.com\/avatar\/225c6088c3bfecfbb42a2a0d5c9556b6?s=96&d=retro&r=g\",\"contentUrl\":\"https:\/\/secure.gravatar.com\/avatar\/225c6088c3bfecfbb42a2a0d5c9556b6?s=96&d=retro&r=g\",\"caption\":\"jotw\"},\"url\":\"https:\/\/www.dorstener-tafel.de\/?author=1\"}]}<\/script>\n<!-- \/ Yoast SEO plugin. -->","yoast_head_json":{"title":"15 Jahre DORSTENER TAFEL \u2013 Gru\u00df aus Berlin - Home | Tafel Dorsten","robots":{"index":"index","follow":"follow","max-snippet":"max-snippet:-1","max-image-preview":"max-image-preview:large","max-video-preview":"max-video-preview:-1"},"canonical":"https:\/\/www.dorstener-tafel.de\/?p=1827","og_locale":"de_DE","og_type":"article","og_title":"15 Jahre DORSTENER TAFEL \u2013 Gru\u00df aus Berlin - Home | Tafel Dorsten","og_description":"Vom unserem Dachverband\u00a0Bundesverband Tafel e.V., dem wir wie die anderen gut 940 gemeinn\u00fctzigen Tafeln in Deutschland angeh\u00f6ren, erhielten wir diesen [&hellip;]","og_url":"https:\/\/www.dorstener-tafel.de\/?p=1827","og_site_name":"Home | Tafel Dorsten","article_publisher":"https:\/\/www.facebook.com\/Dorstener-Tafel-eV-710109832448127\/","article_published_time":"2019-03-31T13:03:50+00:00","article_modified_time":"2019-04-03T10:03:52+00:00","og_image":[{"width":2000,"height":1200,"url":"https:\/\/www.kvg-dorsten.de\/dorstener-tafel\/wordpress\/wp-content\/uploads\/2018\/02\/Logo-neu-004-2000px.jpg","type":"image\/jpeg"}],"author":"jotw","twitter_card":"summary_large_image","twitter_misc":{"Verfasst von":"jotw","Gesch\u00e4tzte Lesezeit":"1\u00a0Minute"},"schema":{"@context":"https:\/\/schema.org","@graph":[{"@type":"Article","@id":"https:\/\/www.dorstener-tafel.de\/?p=1827#article","isPartOf":{"@id":"https:\/\/www.dorstener-tafel.de\/?p=1827"},"author":{"name":"jotw","@id":"https:\/\/www.dorstener-tafel.de\/#\/schema\/person\/c9a6797db5c21dbeb0851056380dcb01"},"headline":"15 Jahre DORSTENER TAFEL \u2013 Gru\u00df aus Berlin","datePublished":"2019-03-31T13:03:50+00:00","dateModified":"2019-04-03T10:03:52+00:00","mainEntityOfPage":{"@id":"https:\/\/www.dorstener-tafel.de\/?p=1827"},"wordCount":279,"commentCount":0,"image":{"@id":"https:\/\/www.dorstener-tafel.de\/?p=1827#primaryimage"},"thumbnailUrl":"https:\/\/www.kvg-dorsten.de\/dorstener-tafel\/wordpress\/wp-content\/uploads\/2018\/02\/Logo-neu-004-2000px.jpg","articleSection":["Aktuelles"],"inLanguage":"de","potentialAction":[{"@type":"CommentAction","name":"Comment","target":["https:\/\/www.dorstener-tafel.de\/?p=1827#respond"]}]},{"@type":"WebPage","@id":"https:\/\/www.dorstener-tafel.de\/?p=1827","url":"https:\/\/www.dorstener-tafel.de\/?p=1827","name":"15 Jahre DORSTENER TAFEL \u2013 Gru\u00df aus Berlin - Home | Tafel Dorsten","isPartOf":{"@id":"https:\/\/www.dorstener-tafel.de\/#website"},"primaryImageOfPage":{"@id":"https:\/\/www.dorstener-tafel.de\/?p=1827#primaryimage"},"image":{"@id":"https:\/\/www.dorstener-tafel.de\/?p=1827#primaryimage"},"thumbnailUrl":"https:\/\/www.kvg-dorsten.de\/dorstener-tafel\/wordpress\/wp-content\/uploads\/2018\/02\/Logo-neu-004-2000px.jpg","datePublished":"2019-03-31T13:03:50+00:00","dateModified":"2019-04-03T10:03:52+00:00","author":{"@id":"https:\/\/www.dorstener-tafel.de\/#\/schema\/person\/c9a6797db5c21dbeb0851056380dcb01"},"breadcrumb":{"@id":"https:\/\/www.dorstener-tafel.de\/?p=1827#breadcrumb"},"inLanguage":"de","potentialAction":[{"@type":"ReadAction","target":["https:\/\/www.dorstener-tafel.de\/?p=1827"]}]},{"@type":"ImageObject","inLanguage":"de","@id":"https:\/\/www.dorstener-tafel.de\/?p=1827#primaryimage","url":"https:\/\/www.kvg-dorsten.de\/dorstener-tafel\/wordpress\/wp-content\/uploads\/2018\/02\/Logo-neu-004-2000px.jpg","contentUrl":"https:\/\/www.kvg-dorsten.de\/dorstener-tafel\/wordpress\/wp-content\/uploads\/2018\/02\/Logo-neu-004-2000px.jpg","width":2000,"height":1200},{"@type":"BreadcrumbList","@id":"https:\/\/www.dorstener-tafel.de\/?p=1827#breadcrumb","itemListElement":[{"@type":"ListItem","position":1,"name":"Home","item":"https:\/\/www.dorstener-tafel.de\/"},{"@type":"ListItem","position":2,"name":"15 Jahre DORSTENER TAFEL \u2013 Gru\u00df aus Berlin"}]},{"@type":"WebSite","@id":"https:\/\/www.dorstener-tafel.de\/#website","url":"https:\/\/www.dorstener-tafel.de\/","name":"Home | Tafel Dorsten","description":"","potentialAction":[{"@type":"SearchAction","target":{"@type":"EntryPoint","urlTemplate":"https:\/\/www.dorstener-tafel.de\/?s={search_term_string}"},"query-input":{"@type":"PropertyValueSpecification","valueRequired":true,"valueName":"search_term_string"}}],"inLanguage":"de"},{"@type":"Person","@id":"https:\/\/www.dorstener-tafel.de\/#\/schema\/person\/c9a6797db5c21dbeb0851056380dcb01","name":"jotw","image":{"@type":"ImageObject","inLanguage":"de","@id":"https:\/\/www.dorstener-tafel.de\/#\/schema\/person\/image\/","url":"https:\/\/secure.gravatar.com\/avatar\/225c6088c3bfecfbb42a2a0d5c9556b6?s=96&d=retro&r=g","contentUrl":"https:\/\/secure.gravatar.com\/avatar\/225c6088c3bfecfbb42a2a0d5c9556b6?s=96&d=retro&r=g","caption":"jotw"},"url":"https:\/\/www.dorstener-tafel.de\/?author=1"}]}},"_links":{"self":[{"href":"https:\/\/www.dorstener-tafel.de\/index.php?rest_route=\/wp\/v2\/posts\/1827","targetHints":{"allow":["GET"]}}],"collection":[{"href":"https:\/\/www.dorstener-tafel.de\/index.php?rest_route=\/wp\/v2\/posts"}],"about":[{"href":"https:\/\/www.dorstener-tafel.de\/index.php?rest_route=\/wp\/v2\/types\/post"}],"author":[{"embeddable":true,"href":"https:\/\/www.dorstener-tafel.de\/index.php?rest_route=\/wp\/v2\/users\/1"}],"replies":[{"embeddable":true,"href":"https:\/\/www.dorstener-tafel.de\/index.php?rest_route=%2Fwp%2Fv2%2Fcomments&post=1827"}],"version-history":[{"count":7,"href":"https:\/\/www.dorstener-tafel.de\/index.php?rest_route=\/wp\/v2\/posts\/1827\/revisions"}],"predecessor-version":[{"id":1840,"href":"https:\/\/www.dorstener-tafel.de\/index.php?rest_route=\/wp\/v2\/posts\/1827\/revisions\/1840"}],"wp:featuredmedia":[{"embeddable":true,"href":"https:\/\/www.dorstener-tafel.de\/index.php?rest_route=\/wp\/v2\/media\/1207"}],"wp:attachment":[{"href":"https:\/\/www.dorstener-tafel.de\/index.php?rest_route=%2Fwp%2Fv2%2Fmedia&parent=1827"}],"wp:term":[{"taxonomy":"category","embeddable":true,"href":"https:\/\/www.dorstener-tafel.de\/index.php?rest_route=%2Fwp%2Fv2%2Fcategories&post=1827"},{"taxonomy":"post_tag","embeddable":true,"href":"https:\/\/www.dorstener-tafel.de\/index.php?rest_route=%2Fwp%2Fv2%2Ftags&post=1827"}],"curies":[{"name":"wp","href":"https:\/\/api.w.org\/{rel}","templated":true}]}}