{"id":1819,"date":"2019-04-02T14:47:21","date_gmt":"2019-04-02T12:47:21","guid":{"rendered":"https:\/\/www.dorstener-tafel.de\/?p=1819"},"modified":"2019-04-02T20:59:38","modified_gmt":"2019-04-02T18:59:38","slug":"buergermeister-bei-der-tafel-unplugged","status":"publish","type":"post","link":"https:\/\/www.dorstener-tafel.de\/?p=1819","title":{"rendered":"B\u00fcrgermeister bei der Tafel &#8218;unplugged&#8216;"},"content":{"rendered":"<p>Ohne gro\u00dfe mediale Begleitung, &#8218;unplugged&#8216; eben, half B\u00fcrgermeister Tobias Stockhoff einen Vormittag bei der Dorstener TAFEL, deren Schirmherr er ist. &#8222;Ich m\u00f6chte diesen Vormittag wirklich gerne f\u00fcrs Mitarbeiten und f\u00fcr den Austausch mit den Ehrenamtlichen reservieren &#8211; ohne Pressegespr\u00e4che&#8220;, erbat er sich schon im Vorfeld bei der Terminabsprache. Das tat er dann auch, zuerst beim Packen im Laden, dann beim Sortieren und in der Kontrolle der (nicht immer ganz) frisch angelieferten Waren, immer auch im Gespr\u00e4ch mit den ehrenamtlichen Helferinnen und Helfern.<\/p>\n<p>Die Idee zu dieser Aktion entstand im Rahmen des CDU-Neujahrsempfangs im Januar (<a href=\"https:\/\/www.dorstener-tafel.de\/?p=1755\" target=\"_blank\" rel=\"noopener\">wir berichteten<\/a>).<\/p>\n<p>Dass es dem B\u00fcrgermeister um mehr ging als um die Einl\u00f6sung eines Versprechens, sondern auch um die Idee von der Stadt als einer &#8218;B\u00fcrgerkommune&#8216;, machte auch sein Begleiter deutlich: Joachim Thiehoff, im B\u00fcrgermeisterb\u00fcro zust\u00e4ndig f\u00fcr die Unterst\u00fctzung b\u00fcrgerschaftlichen Engagements, informierte sich intensiv \u00fcber Abl\u00e4ufe und Organisationsstruktur der Dorstener TAFEL.<br \/>\nStockhoffs n\u00e4chster Einsatz f\u00fcr die TAFEL ist schon geplant: ein Nachmittag im Verkauf inklusive der Gespr\u00e4che mit Verk\u00e4uferinnen und Kund*innen.<br \/>\nDann wird er \u2013 zusammen mit dem Dorstener Meisterkoch J\u00f6rg B\u00fccker \u2013 auch noch einmal f\u00fcr den Mittagstisch Altstadt an den Kochtopf gehen.<\/p>\n<p><a href=\"https:\/\/www.kvg-dorsten.de\/dorstener-tafel\/wordpress\/wp-content\/uploads\/2019\/04\/2019-04-02-Stockhoff-Tafel-20190402-DSC02434-1.jpg\"><img loading=\"lazy\" decoding=\"async\" class=\"alignnone size-full wp-image-1822\" src=\"https:\/\/www.kvg-dorsten.de\/dorstener-tafel\/wordpress\/wp-content\/uploads\/2019\/04\/2019-04-02-Stockhoff-Tafel-20190402-DSC02434-1.jpg\" alt=\"\" width=\"5184\" height=\"3888\" srcset=\"https:\/\/www.kvg-dorsten.de\/dorstener-tafel\/wordpress\/wp-content\/uploads\/2019\/04\/2019-04-02-Stockhoff-Tafel-20190402-DSC02434-1.jpg 5184w, https:\/\/www.kvg-dorsten.de\/dorstener-tafel\/wordpress\/wp-content\/uploads\/2019\/04\/2019-04-02-Stockhoff-Tafel-20190402-DSC02434-1-300x225.jpg 300w, https:\/\/www.kvg-dorsten.de\/dorstener-tafel\/wordpress\/wp-content\/uploads\/2019\/04\/2019-04-02-Stockhoff-Tafel-20190402-DSC02434-1-768x576.jpg 768w, https:\/\/www.kvg-dorsten.de\/dorstener-tafel\/wordpress\/wp-content\/uploads\/2019\/04\/2019-04-02-Stockhoff-Tafel-20190402-DSC02434-1-1024x768.jpg 1024w\" sizes=\"auto, (max-width: 5184px) 100vw, 5184px\" \/><\/a> <a href=\"https:\/\/www.kvg-dorsten.de\/dorstener-tafel\/wordpress\/wp-content\/uploads\/2019\/04\/2019-04-02-Stockhoff-Tafel-20190402-DSC03329-1.jpg\"><img loading=\"lazy\" decoding=\"async\" class=\"alignnone size-full wp-image-1823\" src=\"https:\/\/www.kvg-dorsten.de\/dorstener-tafel\/wordpress\/wp-content\/uploads\/2019\/04\/2019-04-02-Stockhoff-Tafel-20190402-DSC03329-1.jpg\" alt=\"\" width=\"3872\" height=\"2592\" srcset=\"https:\/\/www.kvg-dorsten.de\/dorstener-tafel\/wordpress\/wp-content\/uploads\/2019\/04\/2019-04-02-Stockhoff-Tafel-20190402-DSC03329-1.jpg 3872w, https:\/\/www.kvg-dorsten.de\/dorstener-tafel\/wordpress\/wp-content\/uploads\/2019\/04\/2019-04-02-Stockhoff-Tafel-20190402-DSC03329-1-300x201.jpg 300w, https:\/\/www.kvg-dorsten.de\/dorstener-tafel\/wordpress\/wp-content\/uploads\/2019\/04\/2019-04-02-Stockhoff-Tafel-20190402-DSC03329-1-768x514.jpg 768w, https:\/\/www.kvg-dorsten.de\/dorstener-tafel\/wordpress\/wp-content\/uploads\/2019\/04\/2019-04-02-Stockhoff-Tafel-20190402-DSC03329-1-1024x685.jpg 1024w, https:\/\/www.kvg-dorsten.de\/dorstener-tafel\/wordpress\/wp-content\/uploads\/2019\/04\/2019-04-02-Stockhoff-Tafel-20190402-DSC03329-1-272x182.jpg 272w\" sizes=\"auto, (max-width: 3872px) 100vw, 3872px\" \/><\/a><\/p>\n<p><a href=\"https:\/\/www.kvg-dorsten.de\/dorstener-tafel\/wordpress\/wp-content\/uploads\/2019\/04\/2019-04-02-Stockhoff-Tafel-20190402-DSC02427.jpg\"><img loading=\"lazy\" decoding=\"async\" class=\"alignnone wp-image-1832 size-full\" src=\"https:\/\/www.kvg-dorsten.de\/dorstener-tafel\/wordpress\/wp-content\/uploads\/2019\/04\/2019-04-02-Stockhoff-Tafel-20190402-DSC02427.jpg\" alt=\"\" width=\"5184\" height=\"3888\" srcset=\"https:\/\/www.kvg-dorsten.de\/dorstener-tafel\/wordpress\/wp-content\/uploads\/2019\/04\/2019-04-02-Stockhoff-Tafel-20190402-DSC02427.jpg 5184w, https:\/\/www.kvg-dorsten.de\/dorstener-tafel\/wordpress\/wp-content\/uploads\/2019\/04\/2019-04-02-Stockhoff-Tafel-20190402-DSC02427-300x225.jpg 300w, https:\/\/www.kvg-dorsten.de\/dorstener-tafel\/wordpress\/wp-content\/uploads\/2019\/04\/2019-04-02-Stockhoff-Tafel-20190402-DSC02427-768x576.jpg 768w, https:\/\/www.kvg-dorsten.de\/dorstener-tafel\/wordpress\/wp-content\/uploads\/2019\/04\/2019-04-02-Stockhoff-Tafel-20190402-DSC02427-1024x768.jpg 1024w\" sizes=\"auto, (max-width: 5184px) 100vw, 5184px\" \/><\/a><\/p>\n","protected":false},"excerpt":{"rendered":"<p>Ohne gro\u00dfe mediale Begleitung, &#8218;unplugged&#8216; eben, half B\u00fcrgermeister Tobias Stockhoff einen Vormittag bei der Dorstener TAFEL, deren Schirmherr er ist. [&hellip;]<\/p>\n","protected":false},"author":1,"featured_media":1820,"comment_status":"open","ping_status":"closed","sticky":false,"template":"","format":"standard","meta":{"footnotes":""},"categories":[1],"tags":[],"class_list":["post-1819","post","type-post","status-publish","format-standard","has-post-thumbnail","hentry","category-allgemein"],"yoast_head":"<!-- This site is optimized with the Yoast SEO plugin v26.8 - https:\/\/yoast.com\/product\/yoast-seo-wordpress\/ -->\n<title>B\u00fcrgermeister bei der Tafel &#039;unplugged&#039; - Home | Tafel Dorsten<\/title>\n<meta name=\"robots\" content=\"index, follow, max-snippet:-1, max-image-preview:large, max-video-preview:-1\" \/>\n<link rel=\"canonical\" href=\"https:\/\/www.dorstener-tafel.de\/?p=1819\" \/>\n<meta property=\"og:locale\" content=\"de_DE\" \/>\n<meta property=\"og:type\" content=\"article\" \/>\n<meta property=\"og:title\" content=\"B\u00fcrgermeister bei der Tafel &#039;unplugged&#039; - Home | Tafel Dorsten\" \/>\n<meta property=\"og:description\" content=\"Ohne gro\u00dfe mediale Begleitung, &#8218;unplugged&#8216; eben, half B\u00fcrgermeister Tobias Stockhoff einen Vormittag bei der Dorstener TAFEL, deren Schirmherr er ist. [&hellip;]\" \/>\n<meta property=\"og:url\" content=\"https:\/\/www.dorstener-tafel.de\/?p=1819\" \/>\n<meta property=\"og:site_name\" content=\"Home | Tafel Dorsten\" \/>\n<meta property=\"article:publisher\" content=\"https:\/\/www.facebook.com\/Dorstener-Tafel-eV-710109832448127\/\" \/>\n<meta property=\"article:published_time\" content=\"2019-04-02T12:47:21+00:00\" \/>\n<meta property=\"article:modified_time\" content=\"2019-04-02T18:59:38+00:00\" \/>\n<meta property=\"og:image\" content=\"https:\/\/www.kvg-dorsten.de\/dorstener-tafel\/wordpress\/wp-content\/uploads\/2019\/04\/2019-04-02-Stockhoff-Tafel-20190402-DSC02418-1-1024x768.png\" \/>\n\t<meta property=\"og:image:width\" content=\"1024\" \/>\n\t<meta property=\"og:image:height\" content=\"768\" \/>\n\t<meta property=\"og:image:type\" content=\"image\/png\" \/>\n<meta name=\"author\" content=\"jotw\" \/>\n<meta name=\"twitter:card\" content=\"summary_large_image\" \/>\n<meta name=\"twitter:label1\" content=\"Verfasst von\" \/>\n\t<meta name=\"twitter:data1\" content=\"jotw\" \/>\n\t<meta name=\"twitter:label2\" content=\"Gesch\u00e4tzte Lesezeit\" \/>\n\t<meta name=\"twitter:data2\" content=\"1\u00a0Minute\" \/>\n<script type=\"application\/ld+json\" class=\"yoast-schema-graph\">{\"@context\":\"https:\/\/schema.org\",\"@graph\":[{\"@type\":\"Article\",\"@id\":\"https:\/\/www.dorstener-tafel.de\/?p=1819#article\",\"isPartOf\":{\"@id\":\"https:\/\/www.dorstener-tafel.de\/?p=1819\"},\"author\":{\"name\":\"jotw\",\"@id\":\"https:\/\/www.dorstener-tafel.de\/#\/schema\/person\/c9a6797db5c21dbeb0851056380dcb01\"},\"headline\":\"B\u00fcrgermeister bei der Tafel &#8218;unplugged&#8216;\",\"datePublished\":\"2019-04-02T12:47:21+00:00\",\"dateModified\":\"2019-04-02T18:59:38+00:00\",\"mainEntityOfPage\":{\"@id\":\"https:\/\/www.dorstener-tafel.de\/?p=1819\"},\"wordCount\":217,\"commentCount\":0,\"image\":{\"@id\":\"https:\/\/www.dorstener-tafel.de\/?p=1819#primaryimage\"},\"thumbnailUrl\":\"https:\/\/www.kvg-dorsten.de\/dorstener-tafel\/wordpress\/wp-content\/uploads\/2019\/04\/2019-04-02-Stockhoff-Tafel-20190402-DSC02418-1.png\",\"articleSection\":[\"Aktuelles\"],\"inLanguage\":\"de\",\"potentialAction\":[{\"@type\":\"CommentAction\",\"name\":\"Comment\",\"target\":[\"https:\/\/www.dorstener-tafel.de\/?p=1819#respond\"]}]},{\"@type\":\"WebPage\",\"@id\":\"https:\/\/www.dorstener-tafel.de\/?p=1819\",\"url\":\"https:\/\/www.dorstener-tafel.de\/?p=1819\",\"name\":\"B\u00fcrgermeister bei der Tafel 'unplugged' - Home | Tafel Dorsten\",\"isPartOf\":{\"@id\":\"https:\/\/www.dorstener-tafel.de\/#website\"},\"primaryImageOfPage\":{\"@id\":\"https:\/\/www.dorstener-tafel.de\/?p=1819#primaryimage\"},\"image\":{\"@id\":\"https:\/\/www.dorstener-tafel.de\/?p=1819#primaryimage\"},\"thumbnailUrl\":\"https:\/\/www.kvg-dorsten.de\/dorstener-tafel\/wordpress\/wp-content\/uploads\/2019\/04\/2019-04-02-Stockhoff-Tafel-20190402-DSC02418-1.png\",\"datePublished\":\"2019-04-02T12:47:21+00:00\",\"dateModified\":\"2019-04-02T18:59:38+00:00\",\"author\":{\"@id\":\"https:\/\/www.dorstener-tafel.de\/#\/schema\/person\/c9a6797db5c21dbeb0851056380dcb01\"},\"breadcrumb\":{\"@id\":\"https:\/\/www.dorstener-tafel.de\/?p=1819#breadcrumb\"},\"inLanguage\":\"de\",\"potentialAction\":[{\"@type\":\"ReadAction\",\"target\":[\"https:\/\/www.dorstener-tafel.de\/?p=1819\"]}]},{\"@type\":\"ImageObject\",\"inLanguage\":\"de\",\"@id\":\"https:\/\/www.dorstener-tafel.de\/?p=1819#primaryimage\",\"url\":\"https:\/\/www.kvg-dorsten.de\/dorstener-tafel\/wordpress\/wp-content\/uploads\/2019\/04\/2019-04-02-Stockhoff-Tafel-20190402-DSC02418-1.png\",\"contentUrl\":\"https:\/\/www.kvg-dorsten.de\/dorstener-tafel\/wordpress\/wp-content\/uploads\/2019\/04\/2019-04-02-Stockhoff-Tafel-20190402-DSC02418-1.png\",\"width\":5184,\"height\":3888},{\"@type\":\"BreadcrumbList\",\"@id\":\"https:\/\/www.dorstener-tafel.de\/?p=1819#breadcrumb\",\"itemListElement\":[{\"@type\":\"ListItem\",\"position\":1,\"name\":\"Home\",\"item\":\"https:\/\/www.dorstener-tafel.de\/\"},{\"@type\":\"ListItem\",\"position\":2,\"name\":\"B\u00fcrgermeister bei der Tafel &#8218;unplugged&#8216;\"}]},{\"@type\":\"WebSite\",\"@id\":\"https:\/\/www.dorstener-tafel.de\/#website\",\"url\":\"https:\/\/www.dorstener-tafel.de\/\",\"name\":\"Home | Tafel Dorsten\",\"description\":\"\",\"potentialAction\":[{\"@type\":\"SearchAction\",\"target\":{\"@type\":\"EntryPoint\",\"urlTemplate\":\"https:\/\/www.dorstener-tafel.de\/?s={search_term_string}\"},\"query-input\":{\"@type\":\"PropertyValueSpecification\",\"valueRequired\":true,\"valueName\":\"search_term_string\"}}],\"inLanguage\":\"de\"},{\"@type\":\"Person\",\"@id\":\"https:\/\/www.dorstener-tafel.de\/#\/schema\/person\/c9a6797db5c21dbeb0851056380dcb01\",\"name\":\"jotw\",\"image\":{\"@type\":\"ImageObject\",\"inLanguage\":\"de\",\"@id\":\"https:\/\/www.dorstener-tafel.de\/#\/schema\/person\/image\/\",\"url\":\"https:\/\/secure.gravatar.com\/avatar\/225c6088c3bfecfbb42a2a0d5c9556b6?s=96&d=retro&r=g\",\"contentUrl\":\"https:\/\/secure.gravatar.com\/avatar\/225c6088c3bfecfbb42a2a0d5c9556b6?s=96&d=retro&r=g\",\"caption\":\"jotw\"},\"url\":\"https:\/\/www.dorstener-tafel.de\/?author=1\"}]}<\/script>\n<!-- \/ Yoast SEO plugin. -->","yoast_head_json":{"title":"B\u00fcrgermeister bei der Tafel 'unplugged' - Home | Tafel Dorsten","robots":{"index":"index","follow":"follow","max-snippet":"max-snippet:-1","max-image-preview":"max-image-preview:large","max-video-preview":"max-video-preview:-1"},"canonical":"https:\/\/www.dorstener-tafel.de\/?p=1819","og_locale":"de_DE","og_type":"article","og_title":"B\u00fcrgermeister bei der Tafel 'unplugged' - Home | Tafel Dorsten","og_description":"Ohne gro\u00dfe mediale Begleitung, &#8218;unplugged&#8216; eben, half B\u00fcrgermeister Tobias Stockhoff einen Vormittag bei der Dorstener TAFEL, deren Schirmherr er ist. [&hellip;]","og_url":"https:\/\/www.dorstener-tafel.de\/?p=1819","og_site_name":"Home | Tafel Dorsten","article_publisher":"https:\/\/www.facebook.com\/Dorstener-Tafel-eV-710109832448127\/","article_published_time":"2019-04-02T12:47:21+00:00","article_modified_time":"2019-04-02T18:59:38+00:00","og_image":[{"width":1024,"height":768,"url":"https:\/\/www.kvg-dorsten.de\/dorstener-tafel\/wordpress\/wp-content\/uploads\/2019\/04\/2019-04-02-Stockhoff-Tafel-20190402-DSC02418-1-1024x768.png","type":"image\/png"}],"author":"jotw","twitter_card":"summary_large_image","twitter_misc":{"Verfasst von":"jotw","Gesch\u00e4tzte Lesezeit":"1\u00a0Minute"},"schema":{"@context":"https:\/\/schema.org","@graph":[{"@type":"Article","@id":"https:\/\/www.dorstener-tafel.de\/?p=1819#article","isPartOf":{"@id":"https:\/\/www.dorstener-tafel.de\/?p=1819"},"author":{"name":"jotw","@id":"https:\/\/www.dorstener-tafel.de\/#\/schema\/person\/c9a6797db5c21dbeb0851056380dcb01"},"headline":"B\u00fcrgermeister bei der Tafel &#8218;unplugged&#8216;","datePublished":"2019-04-02T12:47:21+00:00","dateModified":"2019-04-02T18:59:38+00:00","mainEntityOfPage":{"@id":"https:\/\/www.dorstener-tafel.de\/?p=1819"},"wordCount":217,"commentCount":0,"image":{"@id":"https:\/\/www.dorstener-tafel.de\/?p=1819#primaryimage"},"thumbnailUrl":"https:\/\/www.kvg-dorsten.de\/dorstener-tafel\/wordpress\/wp-content\/uploads\/2019\/04\/2019-04-02-Stockhoff-Tafel-20190402-DSC02418-1.png","articleSection":["Aktuelles"],"inLanguage":"de","potentialAction":[{"@type":"CommentAction","name":"Comment","target":["https:\/\/www.dorstener-tafel.de\/?p=1819#respond"]}]},{"@type":"WebPage","@id":"https:\/\/www.dorstener-tafel.de\/?p=1819","url":"https:\/\/www.dorstener-tafel.de\/?p=1819","name":"B\u00fcrgermeister bei der Tafel 'unplugged' - Home | Tafel Dorsten","isPartOf":{"@id":"https:\/\/www.dorstener-tafel.de\/#website"},"primaryImageOfPage":{"@id":"https:\/\/www.dorstener-tafel.de\/?p=1819#primaryimage"},"image":{"@id":"https:\/\/www.dorstener-tafel.de\/?p=1819#primaryimage"},"thumbnailUrl":"https:\/\/www.kvg-dorsten.de\/dorstener-tafel\/wordpress\/wp-content\/uploads\/2019\/04\/2019-04-02-Stockhoff-Tafel-20190402-DSC02418-1.png","datePublished":"2019-04-02T12:47:21+00:00","dateModified":"2019-04-02T18:59:38+00:00","author":{"@id":"https:\/\/www.dorstener-tafel.de\/#\/schema\/person\/c9a6797db5c21dbeb0851056380dcb01"},"breadcrumb":{"@id":"https:\/\/www.dorstener-tafel.de\/?p=1819#breadcrumb"},"inLanguage":"de","potentialAction":[{"@type":"ReadAction","target":["https:\/\/www.dorstener-tafel.de\/?p=1819"]}]},{"@type":"ImageObject","inLanguage":"de","@id":"https:\/\/www.dorstener-tafel.de\/?p=1819#primaryimage","url":"https:\/\/www.kvg-dorsten.de\/dorstener-tafel\/wordpress\/wp-content\/uploads\/2019\/04\/2019-04-02-Stockhoff-Tafel-20190402-DSC02418-1.png","contentUrl":"https:\/\/www.kvg-dorsten.de\/dorstener-tafel\/wordpress\/wp-content\/uploads\/2019\/04\/2019-04-02-Stockhoff-Tafel-20190402-DSC02418-1.png","width":5184,"height":3888},{"@type":"BreadcrumbList","@id":"https:\/\/www.dorstener-tafel.de\/?p=1819#breadcrumb","itemListElement":[{"@type":"ListItem","position":1,"name":"Home","item":"https:\/\/www.dorstener-tafel.de\/"},{"@type":"ListItem","position":2,"name":"B\u00fcrgermeister bei der Tafel &#8218;unplugged&#8216;"}]},{"@type":"WebSite","@id":"https:\/\/www.dorstener-tafel.de\/#website","url":"https:\/\/www.dorstener-tafel.de\/","name":"Home | Tafel Dorsten","description":"","potentialAction":[{"@type":"SearchAction","target":{"@type":"EntryPoint","urlTemplate":"https:\/\/www.dorstener-tafel.de\/?s={search_term_string}"},"query-input":{"@type":"PropertyValueSpecification","valueRequired":true,"valueName":"search_term_string"}}],"inLanguage":"de"},{"@type":"Person","@id":"https:\/\/www.dorstener-tafel.de\/#\/schema\/person\/c9a6797db5c21dbeb0851056380dcb01","name":"jotw","image":{"@type":"ImageObject","inLanguage":"de","@id":"https:\/\/www.dorstener-tafel.de\/#\/schema\/person\/image\/","url":"https:\/\/secure.gravatar.com\/avatar\/225c6088c3bfecfbb42a2a0d5c9556b6?s=96&d=retro&r=g","contentUrl":"https:\/\/secure.gravatar.com\/avatar\/225c6088c3bfecfbb42a2a0d5c9556b6?s=96&d=retro&r=g","caption":"jotw"},"url":"https:\/\/www.dorstener-tafel.de\/?author=1"}]}},"_links":{"self":[{"href":"https:\/\/www.dorstener-tafel.de\/index.php?rest_route=\/wp\/v2\/posts\/1819","targetHints":{"allow":["GET"]}}],"collection":[{"href":"https:\/\/www.dorstener-tafel.de\/index.php?rest_route=\/wp\/v2\/posts"}],"about":[{"href":"https:\/\/www.dorstener-tafel.de\/index.php?rest_route=\/wp\/v2\/types\/post"}],"author":[{"embeddable":true,"href":"https:\/\/www.dorstener-tafel.de\/index.php?rest_route=\/wp\/v2\/users\/1"}],"replies":[{"embeddable":true,"href":"https:\/\/www.dorstener-tafel.de\/index.php?rest_route=%2Fwp%2Fv2%2Fcomments&post=1819"}],"version-history":[{"count":2,"href":"https:\/\/www.dorstener-tafel.de\/index.php?rest_route=\/wp\/v2\/posts\/1819\/revisions"}],"predecessor-version":[{"id":1833,"href":"https:\/\/www.dorstener-tafel.de\/index.php?rest_route=\/wp\/v2\/posts\/1819\/revisions\/1833"}],"wp:featuredmedia":[{"embeddable":true,"href":"https:\/\/www.dorstener-tafel.de\/index.php?rest_route=\/wp\/v2\/media\/1820"}],"wp:attachment":[{"href":"https:\/\/www.dorstener-tafel.de\/index.php?rest_route=%2Fwp%2Fv2%2Fmedia&parent=1819"}],"wp:term":[{"taxonomy":"category","embeddable":true,"href":"https:\/\/www.dorstener-tafel.de\/index.php?rest_route=%2Fwp%2Fv2%2Fcategories&post=1819"},{"taxonomy":"post_tag","embeddable":true,"href":"https:\/\/www.dorstener-tafel.de\/index.php?rest_route=%2Fwp%2Fv2%2Ftags&post=1819"}],"curies":[{"name":"wp","href":"https:\/\/api.w.org\/{rel}","templated":true}]}}