{"id":1755,"date":"2019-01-30T12:57:34","date_gmt":"2019-01-30T11:57:34","guid":{"rendered":"https:\/\/www.dorstener-tafel.de\/?p=1755"},"modified":"2019-04-02T21:23:30","modified_gmt":"2019-04-02T19:23:30","slug":"buergermeister-laden-ehrenamtliche-der-tafeln-ein","status":"publish","type":"post","link":"https:\/\/www.dorstener-tafel.de\/?p=1755","title":{"rendered":"B\u00fcrgermeister laden Ehrenamtliche der Tafeln ein"},"content":{"rendered":"<p><strong>Spontane Initiative nach Auszeichnung mit dem Ehrenamtspreis der CDU<\/strong><!--more--><\/p>\n<p>Die Auszeichnung der DORSTENER TAFEL mit dem Ehrenamtspreis der CDU beim Neujahrsempfang der Union wird gleich drei kleine \u201eNachspiele\u201c haben, die am Sonntag spontan verabredet wurden:<\/p>\n<ul>\n<li>B\u00fcrgermeister Tobias Stockhoff und sein Halterner Amtskollege Bodo Klimpel versprachen, die Aktiven der Dorstener und der Halterner TAFEL im Sommer zu einem gemeinsamen Grillfest einzuladen. Stockhoff: \u201eDie Ehrenamtlichen leisten einen tollen Dienst f\u00fcr unsere Gesellschaft. Es ist mehr als angemessen, daf\u00fcr mit so einer Geste Danke zu sagen.\u201c<br \/>\nSpontane Unterst\u00fctzung f\u00fcr dieses Grillfest wurde vom Heimatverein Wulfen zugesagt: \u201eSowas ist f\u00fcr zwei Leute doch gar nicht zu stemmen\u201c, lachte Vorsitzender Johannes Kr\u00fcmpel. \u201eWir werden daf\u00fcr nat\u00fcrlich das Heimathaus und unser Gel\u00e4nde zur Verf\u00fcgung stellen und die B\u00fcrgermeister bei dieser Aktion nach Kr\u00e4ften unterst\u00fctzen.\u201c<\/li>\n<\/ul>\n<ul>\n<li>B\u00fcrgermeister Stockhoff greift zudem einen Vorschlag auf von seinem Halterner Amtskollegen Klimpel. Der hatte bereits mehrfach einen Tag lang im Team der dortigen Tafel mitgearbeitet. \u201eDas war f\u00fcr mich eine tolle Erfahrung\u201c, berichtete er am Sonntag. Stockhoff wird nun ebenfalls f\u00fcr einen Tag die Ehrenamtlichen der Tafel in Dorsten unterst\u00fctzen.<\/li>\n<\/ul>\n<ul>\n<li>Und um die Mitarbeit des B\u00fcrgermeisters bei der Tafel komplett zu machen, wird er bei deren Mittagstisch in der Altstadt einmal beim Kochen helfen. Unterst\u00fctzung daf\u00fcr sagte Meisterkoch J\u00f6rg B\u00fccker zu, als amtierender Prinzregent Mitglied im erweiterten Vorstand der Altstadtsch\u00fctzen, die beim Neujahrsempfang der CDU ebenfalls einen Ehrenamtspreis erhielten.<\/li>\n<\/ul>\n<p>B\u00fcrgermeister Stockhoff: \u201eEs ist wunderbar, wie spontan und unkompliziert Ehrenamtliche in Dorsten Ideen aufgreifen, konkret machen und sich miteinander vernetzen. Was die Dorstener Tafel leistet, ist mir als ihr Schirmherr nat\u00fcrlich bekannt. Aber selbst einmal mitzuarbeiten \u2013 im Laden wie in der K\u00fcche \u2013 wird mein Verst\u00e4ndnis f\u00fcr dieses Engagement sicher noch einmal weiten und verst\u00e4rken. Und ganz nebenbei entstehen Verbindungen zwischen Tafel, Altstadtsch\u00fctzen und Heimatverein Wulfen.\u201c<\/p>\n<p>(Text: Pressemitteilung der Stadt Dorsten vom 30.1.2019; Foto: \u00a9 Petra Bosse, <a href=\"http:\/\/Dorsten-Online.de\">Dorsten-Online.de<\/a>)<\/p>\n<p>Die Mitarbeiterinnen und Mitarbeiter der DORSTENER TAFEL freuen sich \u00fcber diese Unterst\u00fctzung: Wir brauchen immer tatkr\u00e4ftige Zupacker; starke junge M\u00e4nner sind als Hilfe gern gesehen! \ud83d\ude42\u00a0\u00a0#zeitschenker<\/p>\n<p>&nbsp;<\/p>\n","protected":false},"excerpt":{"rendered":"<p>Spontane Initiative nach Auszeichnung mit dem Ehrenamtspreis der CDU<\/p>\n","protected":false},"author":1,"featured_media":1758,"comment_status":"open","ping_status":"closed","sticky":false,"template":"","format":"standard","meta":{"footnotes":""},"categories":[1],"tags":[],"class_list":["post-1755","post","type-post","status-publish","format-standard","has-post-thumbnail","hentry","category-allgemein"],"yoast_head":"<!-- This site is optimized with the Yoast SEO plugin v26.8 - https:\/\/yoast.com\/product\/yoast-seo-wordpress\/ -->\n<title>B\u00fcrgermeister laden Ehrenamtliche der Tafeln ein - Home | Tafel Dorsten<\/title>\n<meta name=\"robots\" content=\"index, follow, max-snippet:-1, max-image-preview:large, max-video-preview:-1\" \/>\n<link rel=\"canonical\" href=\"https:\/\/www.dorstener-tafel.de\/?p=1755\" \/>\n<meta property=\"og:locale\" content=\"de_DE\" \/>\n<meta property=\"og:type\" content=\"article\" \/>\n<meta property=\"og:title\" content=\"B\u00fcrgermeister laden Ehrenamtliche der Tafeln ein - Home | Tafel Dorsten\" \/>\n<meta property=\"og:description\" content=\"Spontane Initiative nach Auszeichnung mit dem Ehrenamtspreis der CDU\" \/>\n<meta property=\"og:url\" content=\"https:\/\/www.dorstener-tafel.de\/?p=1755\" \/>\n<meta property=\"og:site_name\" content=\"Home | Tafel Dorsten\" \/>\n<meta property=\"article:publisher\" content=\"https:\/\/www.facebook.com\/Dorstener-Tafel-eV-710109832448127\/\" \/>\n<meta property=\"article:published_time\" content=\"2019-01-30T11:57:34+00:00\" \/>\n<meta property=\"article:modified_time\" content=\"2019-04-02T19:23:30+00:00\" \/>\n<meta property=\"og:image\" content=\"https:\/\/www.kvg-dorsten.de\/dorstener-tafel\/wordpress\/wp-content\/uploads\/2019\/01\/Ehrenamtspreis-f\u00fcr-die-Dorstener-Tafel.jpg\" \/>\n\t<meta property=\"og:image:width\" content=\"640\" \/>\n\t<meta property=\"og:image:height\" content=\"440\" \/>\n\t<meta property=\"og:image:type\" content=\"image\/jpeg\" \/>\n<meta name=\"author\" content=\"jotw\" \/>\n<meta name=\"twitter:card\" content=\"summary_large_image\" \/>\n<meta name=\"twitter:label1\" content=\"Verfasst von\" \/>\n\t<meta name=\"twitter:data1\" content=\"jotw\" \/>\n\t<meta name=\"twitter:label2\" content=\"Gesch\u00e4tzte Lesezeit\" \/>\n\t<meta name=\"twitter:data2\" content=\"2\u00a0Minuten\" \/>\n<script type=\"application\/ld+json\" class=\"yoast-schema-graph\">{\"@context\":\"https:\/\/schema.org\",\"@graph\":[{\"@type\":\"Article\",\"@id\":\"https:\/\/www.dorstener-tafel.de\/?p=1755#article\",\"isPartOf\":{\"@id\":\"https:\/\/www.dorstener-tafel.de\/?p=1755\"},\"author\":{\"name\":\"jotw\",\"@id\":\"https:\/\/www.dorstener-tafel.de\/#\/schema\/person\/c9a6797db5c21dbeb0851056380dcb01\"},\"headline\":\"B\u00fcrgermeister laden Ehrenamtliche der Tafeln ein\",\"datePublished\":\"2019-01-30T11:57:34+00:00\",\"dateModified\":\"2019-04-02T19:23:30+00:00\",\"mainEntityOfPage\":{\"@id\":\"https:\/\/www.dorstener-tafel.de\/?p=1755\"},\"wordCount\":372,\"commentCount\":0,\"image\":{\"@id\":\"https:\/\/www.dorstener-tafel.de\/?p=1755#primaryimage\"},\"thumbnailUrl\":\"https:\/\/www.kvg-dorsten.de\/dorstener-tafel\/wordpress\/wp-content\/uploads\/2019\/01\/Ehrenamtspreis-f\u00fcr-die-Dorstener-Tafel.jpg\",\"articleSection\":[\"Aktuelles\"],\"inLanguage\":\"de\",\"potentialAction\":[{\"@type\":\"CommentAction\",\"name\":\"Comment\",\"target\":[\"https:\/\/www.dorstener-tafel.de\/?p=1755#respond\"]}]},{\"@type\":\"WebPage\",\"@id\":\"https:\/\/www.dorstener-tafel.de\/?p=1755\",\"url\":\"https:\/\/www.dorstener-tafel.de\/?p=1755\",\"name\":\"B\u00fcrgermeister laden Ehrenamtliche der Tafeln ein - Home | Tafel Dorsten\",\"isPartOf\":{\"@id\":\"https:\/\/www.dorstener-tafel.de\/#website\"},\"primaryImageOfPage\":{\"@id\":\"https:\/\/www.dorstener-tafel.de\/?p=1755#primaryimage\"},\"image\":{\"@id\":\"https:\/\/www.dorstener-tafel.de\/?p=1755#primaryimage\"},\"thumbnailUrl\":\"https:\/\/www.kvg-dorsten.de\/dorstener-tafel\/wordpress\/wp-content\/uploads\/2019\/01\/Ehrenamtspreis-f\u00fcr-die-Dorstener-Tafel.jpg\",\"datePublished\":\"2019-01-30T11:57:34+00:00\",\"dateModified\":\"2019-04-02T19:23:30+00:00\",\"author\":{\"@id\":\"https:\/\/www.dorstener-tafel.de\/#\/schema\/person\/c9a6797db5c21dbeb0851056380dcb01\"},\"breadcrumb\":{\"@id\":\"https:\/\/www.dorstener-tafel.de\/?p=1755#breadcrumb\"},\"inLanguage\":\"de\",\"potentialAction\":[{\"@type\":\"ReadAction\",\"target\":[\"https:\/\/www.dorstener-tafel.de\/?p=1755\"]}]},{\"@type\":\"ImageObject\",\"inLanguage\":\"de\",\"@id\":\"https:\/\/www.dorstener-tafel.de\/?p=1755#primaryimage\",\"url\":\"https:\/\/www.kvg-dorsten.de\/dorstener-tafel\/wordpress\/wp-content\/uploads\/2019\/01\/Ehrenamtspreis-f\u00fcr-die-Dorstener-Tafel.jpg\",\"contentUrl\":\"https:\/\/www.kvg-dorsten.de\/dorstener-tafel\/wordpress\/wp-content\/uploads\/2019\/01\/Ehrenamtspreis-f\u00fcr-die-Dorstener-Tafel.jpg\",\"width\":640,\"height\":440},{\"@type\":\"BreadcrumbList\",\"@id\":\"https:\/\/www.dorstener-tafel.de\/?p=1755#breadcrumb\",\"itemListElement\":[{\"@type\":\"ListItem\",\"position\":1,\"name\":\"Home\",\"item\":\"https:\/\/www.dorstener-tafel.de\/\"},{\"@type\":\"ListItem\",\"position\":2,\"name\":\"B\u00fcrgermeister laden Ehrenamtliche der Tafeln ein\"}]},{\"@type\":\"WebSite\",\"@id\":\"https:\/\/www.dorstener-tafel.de\/#website\",\"url\":\"https:\/\/www.dorstener-tafel.de\/\",\"name\":\"Home | Tafel Dorsten\",\"description\":\"\",\"potentialAction\":[{\"@type\":\"SearchAction\",\"target\":{\"@type\":\"EntryPoint\",\"urlTemplate\":\"https:\/\/www.dorstener-tafel.de\/?s={search_term_string}\"},\"query-input\":{\"@type\":\"PropertyValueSpecification\",\"valueRequired\":true,\"valueName\":\"search_term_string\"}}],\"inLanguage\":\"de\"},{\"@type\":\"Person\",\"@id\":\"https:\/\/www.dorstener-tafel.de\/#\/schema\/person\/c9a6797db5c21dbeb0851056380dcb01\",\"name\":\"jotw\",\"image\":{\"@type\":\"ImageObject\",\"inLanguage\":\"de\",\"@id\":\"https:\/\/www.dorstener-tafel.de\/#\/schema\/person\/image\/\",\"url\":\"https:\/\/secure.gravatar.com\/avatar\/225c6088c3bfecfbb42a2a0d5c9556b6?s=96&d=retro&r=g\",\"contentUrl\":\"https:\/\/secure.gravatar.com\/avatar\/225c6088c3bfecfbb42a2a0d5c9556b6?s=96&d=retro&r=g\",\"caption\":\"jotw\"},\"url\":\"https:\/\/www.dorstener-tafel.de\/?author=1\"}]}<\/script>\n<!-- \/ Yoast SEO plugin. -->","yoast_head_json":{"title":"B\u00fcrgermeister laden Ehrenamtliche der Tafeln ein - Home | Tafel Dorsten","robots":{"index":"index","follow":"follow","max-snippet":"max-snippet:-1","max-image-preview":"max-image-preview:large","max-video-preview":"max-video-preview:-1"},"canonical":"https:\/\/www.dorstener-tafel.de\/?p=1755","og_locale":"de_DE","og_type":"article","og_title":"B\u00fcrgermeister laden Ehrenamtliche der Tafeln ein - Home | Tafel Dorsten","og_description":"Spontane Initiative nach Auszeichnung mit dem Ehrenamtspreis der CDU","og_url":"https:\/\/www.dorstener-tafel.de\/?p=1755","og_site_name":"Home | Tafel Dorsten","article_publisher":"https:\/\/www.facebook.com\/Dorstener-Tafel-eV-710109832448127\/","article_published_time":"2019-01-30T11:57:34+00:00","article_modified_time":"2019-04-02T19:23:30+00:00","og_image":[{"width":640,"height":440,"url":"https:\/\/www.kvg-dorsten.de\/dorstener-tafel\/wordpress\/wp-content\/uploads\/2019\/01\/Ehrenamtspreis-f\u00fcr-die-Dorstener-Tafel.jpg","type":"image\/jpeg"}],"author":"jotw","twitter_card":"summary_large_image","twitter_misc":{"Verfasst von":"jotw","Gesch\u00e4tzte Lesezeit":"2\u00a0Minuten"},"schema":{"@context":"https:\/\/schema.org","@graph":[{"@type":"Article","@id":"https:\/\/www.dorstener-tafel.de\/?p=1755#article","isPartOf":{"@id":"https:\/\/www.dorstener-tafel.de\/?p=1755"},"author":{"name":"jotw","@id":"https:\/\/www.dorstener-tafel.de\/#\/schema\/person\/c9a6797db5c21dbeb0851056380dcb01"},"headline":"B\u00fcrgermeister laden Ehrenamtliche der Tafeln ein","datePublished":"2019-01-30T11:57:34+00:00","dateModified":"2019-04-02T19:23:30+00:00","mainEntityOfPage":{"@id":"https:\/\/www.dorstener-tafel.de\/?p=1755"},"wordCount":372,"commentCount":0,"image":{"@id":"https:\/\/www.dorstener-tafel.de\/?p=1755#primaryimage"},"thumbnailUrl":"https:\/\/www.kvg-dorsten.de\/dorstener-tafel\/wordpress\/wp-content\/uploads\/2019\/01\/Ehrenamtspreis-f\u00fcr-die-Dorstener-Tafel.jpg","articleSection":["Aktuelles"],"inLanguage":"de","potentialAction":[{"@type":"CommentAction","name":"Comment","target":["https:\/\/www.dorstener-tafel.de\/?p=1755#respond"]}]},{"@type":"WebPage","@id":"https:\/\/www.dorstener-tafel.de\/?p=1755","url":"https:\/\/www.dorstener-tafel.de\/?p=1755","name":"B\u00fcrgermeister laden Ehrenamtliche der Tafeln ein - Home | Tafel Dorsten","isPartOf":{"@id":"https:\/\/www.dorstener-tafel.de\/#website"},"primaryImageOfPage":{"@id":"https:\/\/www.dorstener-tafel.de\/?p=1755#primaryimage"},"image":{"@id":"https:\/\/www.dorstener-tafel.de\/?p=1755#primaryimage"},"thumbnailUrl":"https:\/\/www.kvg-dorsten.de\/dorstener-tafel\/wordpress\/wp-content\/uploads\/2019\/01\/Ehrenamtspreis-f\u00fcr-die-Dorstener-Tafel.jpg","datePublished":"2019-01-30T11:57:34+00:00","dateModified":"2019-04-02T19:23:30+00:00","author":{"@id":"https:\/\/www.dorstener-tafel.de\/#\/schema\/person\/c9a6797db5c21dbeb0851056380dcb01"},"breadcrumb":{"@id":"https:\/\/www.dorstener-tafel.de\/?p=1755#breadcrumb"},"inLanguage":"de","potentialAction":[{"@type":"ReadAction","target":["https:\/\/www.dorstener-tafel.de\/?p=1755"]}]},{"@type":"ImageObject","inLanguage":"de","@id":"https:\/\/www.dorstener-tafel.de\/?p=1755#primaryimage","url":"https:\/\/www.kvg-dorsten.de\/dorstener-tafel\/wordpress\/wp-content\/uploads\/2019\/01\/Ehrenamtspreis-f\u00fcr-die-Dorstener-Tafel.jpg","contentUrl":"https:\/\/www.kvg-dorsten.de\/dorstener-tafel\/wordpress\/wp-content\/uploads\/2019\/01\/Ehrenamtspreis-f\u00fcr-die-Dorstener-Tafel.jpg","width":640,"height":440},{"@type":"BreadcrumbList","@id":"https:\/\/www.dorstener-tafel.de\/?p=1755#breadcrumb","itemListElement":[{"@type":"ListItem","position":1,"name":"Home","item":"https:\/\/www.dorstener-tafel.de\/"},{"@type":"ListItem","position":2,"name":"B\u00fcrgermeister laden Ehrenamtliche der Tafeln ein"}]},{"@type":"WebSite","@id":"https:\/\/www.dorstener-tafel.de\/#website","url":"https:\/\/www.dorstener-tafel.de\/","name":"Home | Tafel Dorsten","description":"","potentialAction":[{"@type":"SearchAction","target":{"@type":"EntryPoint","urlTemplate":"https:\/\/www.dorstener-tafel.de\/?s={search_term_string}"},"query-input":{"@type":"PropertyValueSpecification","valueRequired":true,"valueName":"search_term_string"}}],"inLanguage":"de"},{"@type":"Person","@id":"https:\/\/www.dorstener-tafel.de\/#\/schema\/person\/c9a6797db5c21dbeb0851056380dcb01","name":"jotw","image":{"@type":"ImageObject","inLanguage":"de","@id":"https:\/\/www.dorstener-tafel.de\/#\/schema\/person\/image\/","url":"https:\/\/secure.gravatar.com\/avatar\/225c6088c3bfecfbb42a2a0d5c9556b6?s=96&d=retro&r=g","contentUrl":"https:\/\/secure.gravatar.com\/avatar\/225c6088c3bfecfbb42a2a0d5c9556b6?s=96&d=retro&r=g","caption":"jotw"},"url":"https:\/\/www.dorstener-tafel.de\/?author=1"}]}},"_links":{"self":[{"href":"https:\/\/www.dorstener-tafel.de\/index.php?rest_route=\/wp\/v2\/posts\/1755","targetHints":{"allow":["GET"]}}],"collection":[{"href":"https:\/\/www.dorstener-tafel.de\/index.php?rest_route=\/wp\/v2\/posts"}],"about":[{"href":"https:\/\/www.dorstener-tafel.de\/index.php?rest_route=\/wp\/v2\/types\/post"}],"author":[{"embeddable":true,"href":"https:\/\/www.dorstener-tafel.de\/index.php?rest_route=\/wp\/v2\/users\/1"}],"replies":[{"embeddable":true,"href":"https:\/\/www.dorstener-tafel.de\/index.php?rest_route=%2Fwp%2Fv2%2Fcomments&post=1755"}],"version-history":[{"count":5,"href":"https:\/\/www.dorstener-tafel.de\/index.php?rest_route=\/wp\/v2\/posts\/1755\/revisions"}],"predecessor-version":[{"id":1835,"href":"https:\/\/www.dorstener-tafel.de\/index.php?rest_route=\/wp\/v2\/posts\/1755\/revisions\/1835"}],"wp:featuredmedia":[{"embeddable":true,"href":"https:\/\/www.dorstener-tafel.de\/index.php?rest_route=\/wp\/v2\/media\/1758"}],"wp:attachment":[{"href":"https:\/\/www.dorstener-tafel.de\/index.php?rest_route=%2Fwp%2Fv2%2Fmedia&parent=1755"}],"wp:term":[{"taxonomy":"category","embeddable":true,"href":"https:\/\/www.dorstener-tafel.de\/index.php?rest_route=%2Fwp%2Fv2%2Fcategories&post=1755"},{"taxonomy":"post_tag","embeddable":true,"href":"https:\/\/www.dorstener-tafel.de\/index.php?rest_route=%2Fwp%2Fv2%2Ftags&post=1755"}],"curies":[{"name":"wp","href":"https:\/\/api.w.org\/{rel}","templated":true}]}}