{"id":1739,"date":"2019-01-28T14:03:41","date_gmt":"2019-01-28T13:03:41","guid":{"rendered":"https:\/\/www.dorstener-tafel.de\/?p=1739"},"modified":"2019-01-30T01:43:43","modified_gmt":"2019-01-30T00:43:43","slug":"die-tafel-dankt","status":"publish","type":"post","link":"https:\/\/www.dorstener-tafel.de\/?p=1739","title":{"rendered":"Die TAFEL dankt"},"content":{"rendered":"<p><strong>Ehrenamtspreis f\u00fcr das &#8218;Lebenswerk&#8216; beim CDU-Neujahrsempfang<\/strong><!--more--><\/p>\n<p>Einen Preis f\u00fcr das Lebenswerk gibt es meist erst, wenn ein Lebenswerk weitgehend vollbracht ist. Das gilt leider nicht f\u00fcr die TAFEL, die heute zumindest genauso notwendig ist wie bei der Gr\u00fcndung vor 16 Jahren \u2013 und es noch leider lange sein wird. Darauf wies auch Herbert Rentmeister, Vorsitzender der DORSTENER TAFEL, deutlich hin, nachdem er f\u00fcr die Mitarbeiter*innen den diesj\u00e4hrigen Ehrenamtspreis der CDU Dorsten entgegengenommen hatte:\u00a0\u201eEs zeichnet eine Gesellschaft aus, die sich auf christlich-soziale Werte beruft, dass es so eine Tafel gibt, aber es ist f\u00fcr eine unsere Gesellschaft nicht gut, dass es solche Einrichtungen wie die Tafel geben muss!\u201c<\/p>\n<p>Rentmeister wies auch noch einmal auf die Abh\u00e4ngigkeit der TAFEL von Sponsoren hin: Sponsoren, die die Lebensmittel \u00fcberlassen, und Sponsoren, die durch ihre Geldspenden den Betrieb der TAFEL, mit ca. 80 ehrenamtlichen Mitarbeiter*innen schon ein mittelst\u00e4ndischer Betrieb, erst erm\u00f6glichen. Daher galt sein Dank an Partei und Fraktion der CDU Dorsten nicht nur f\u00fcr die Wertsch\u00e4tzung in Form des Ehrenamtspreises, sondern auch f\u00fcr die willkommene finanzielle Unterst\u00fctzung in H\u00f6he von \u20ac 500,-.<\/p>\n<p><a href=\"https:\/\/www.kvg-dorsten.de\/dorstener-tafel\/wordpress\/wp-content\/uploads\/2019\/01\/20190127-DSC00998.jpg\"><img loading=\"lazy\" decoding=\"async\" class=\"alignnone size-full wp-image-1747\" src=\"https:\/\/www.kvg-dorsten.de\/dorstener-tafel\/wordpress\/wp-content\/uploads\/2019\/01\/20190127-DSC00998.jpg\" alt=\"\" width=\"6000\" height=\"4000\" srcset=\"https:\/\/www.kvg-dorsten.de\/dorstener-tafel\/wordpress\/wp-content\/uploads\/2019\/01\/20190127-DSC00998.jpg 6000w, https:\/\/www.kvg-dorsten.de\/dorstener-tafel\/wordpress\/wp-content\/uploads\/2019\/01\/20190127-DSC00998-300x200.jpg 300w, https:\/\/www.kvg-dorsten.de\/dorstener-tafel\/wordpress\/wp-content\/uploads\/2019\/01\/20190127-DSC00998-768x512.jpg 768w, https:\/\/www.kvg-dorsten.de\/dorstener-tafel\/wordpress\/wp-content\/uploads\/2019\/01\/20190127-DSC00998-1024x683.jpg 1024w, https:\/\/www.kvg-dorsten.de\/dorstener-tafel\/wordpress\/wp-content\/uploads\/2019\/01\/20190127-DSC00998-272x182.jpg 272w\" sizes=\"auto, (max-width: 6000px) 100vw, 6000px\" \/><\/a><\/p>\n<p>Ein herzliches Dankesch\u00f6n geht auch an die Altstadtsch\u00fctzen, geehrt f\u00fcr ihr ehrenamtliches Engagement bei der Gestaltung der Brunnenanlage am Essener Tor: Ihr Preisgeld in H\u00f6he von \u20ac 250,- spendeten die Sch\u00fctzen in Form von Eintrittskarten f\u00fcr den Freitagabend des Altstadtsch\u00fctzenfestes, wodurch einige unserer Ehrenamtlichen in den Genuss der K\u00f6lschen Gruppe BRINGS kommen, die das Fest stimmungsvoll einleiten werden \u2013 und sicherlich die &#8218;volle H\u00fctte&#8216; Sch\u00fctzenzelt zum Beben bringen.<\/p>\n<p>Fotos:\u00a0\u00a9 Johannes G\u00f6tte \/ CDU Dorsten<\/p>\n<h4>Und die Dorstener Zeitung schreibt dazu:<\/h4>\n<p><a href=\"https:\/\/www.kvg-dorsten.de\/dorstener-tafel\/wordpress\/wp-content\/uploads\/2019\/01\/2019-01-28-Ehrenamtspreis-VLW-Medienhaus-Lensing_E-Paper-Ausgabe_RN-DN-Dorsten_Montag-28-Januar-2019-1.jpg\"><img loading=\"lazy\" decoding=\"async\" class=\"alignnone size-full wp-image-1753\" src=\"https:\/\/www.kvg-dorsten.de\/dorstener-tafel\/wordpress\/wp-content\/uploads\/2019\/01\/2019-01-28-Ehrenamtspreis-VLW-Medienhaus-Lensing_E-Paper-Ausgabe_RN-DN-Dorsten_Montag-28-Januar-2019-1.jpg\" alt=\"\" width=\"2297\" height=\"3361\" srcset=\"https:\/\/www.kvg-dorsten.de\/dorstener-tafel\/wordpress\/wp-content\/uploads\/2019\/01\/2019-01-28-Ehrenamtspreis-VLW-Medienhaus-Lensing_E-Paper-Ausgabe_RN-DN-Dorsten_Montag-28-Januar-2019-1.jpg 2297w, https:\/\/www.kvg-dorsten.de\/dorstener-tafel\/wordpress\/wp-content\/uploads\/2019\/01\/2019-01-28-Ehrenamtspreis-VLW-Medienhaus-Lensing_E-Paper-Ausgabe_RN-DN-Dorsten_Montag-28-Januar-2019-1-205x300.jpg 205w, https:\/\/www.kvg-dorsten.de\/dorstener-tafel\/wordpress\/wp-content\/uploads\/2019\/01\/2019-01-28-Ehrenamtspreis-VLW-Medienhaus-Lensing_E-Paper-Ausgabe_RN-DN-Dorsten_Montag-28-Januar-2019-1-768x1124.jpg 768w, https:\/\/www.kvg-dorsten.de\/dorstener-tafel\/wordpress\/wp-content\/uploads\/2019\/01\/2019-01-28-Ehrenamtspreis-VLW-Medienhaus-Lensing_E-Paper-Ausgabe_RN-DN-Dorsten_Montag-28-Januar-2019-1-700x1024.jpg 700w\" sizes=\"auto, (max-width: 2297px) 100vw, 2297px\" \/><\/a><\/p>\n","protected":false},"excerpt":{"rendered":"<p>Ehrenamtspreis f\u00fcr das &#8218;Lebenswerk&#8216; beim CDU-Neujahrsempfang<\/p>\n","protected":false},"author":1,"featured_media":1748,"comment_status":"open","ping_status":"closed","sticky":false,"template":"","format":"standard","meta":{"footnotes":""},"categories":[1],"tags":[],"class_list":["post-1739","post","type-post","status-publish","format-standard","has-post-thumbnail","hentry","category-allgemein"],"yoast_head":"<!-- This site is optimized with the Yoast SEO plugin v26.8 - https:\/\/yoast.com\/product\/yoast-seo-wordpress\/ -->\n<title>Die TAFEL dankt - Home | Tafel Dorsten<\/title>\n<meta name=\"robots\" content=\"index, follow, max-snippet:-1, max-image-preview:large, max-video-preview:-1\" \/>\n<link rel=\"canonical\" href=\"https:\/\/www.dorstener-tafel.de\/?p=1739\" \/>\n<meta property=\"og:locale\" content=\"de_DE\" \/>\n<meta property=\"og:type\" content=\"article\" \/>\n<meta property=\"og:title\" content=\"Die TAFEL dankt - Home | Tafel Dorsten\" \/>\n<meta property=\"og:description\" content=\"Ehrenamtspreis f\u00fcr das &#8218;Lebenswerk&#8216; beim CDU-Neujahrsempfang\" \/>\n<meta property=\"og:url\" content=\"https:\/\/www.dorstener-tafel.de\/?p=1739\" \/>\n<meta property=\"og:site_name\" content=\"Home | Tafel Dorsten\" \/>\n<meta property=\"article:publisher\" content=\"https:\/\/www.facebook.com\/Dorstener-Tafel-eV-710109832448127\/\" \/>\n<meta property=\"article:published_time\" content=\"2019-01-28T13:03:41+00:00\" \/>\n<meta property=\"article:modified_time\" content=\"2019-01-30T00:43:43+00:00\" \/>\n<meta property=\"og:image\" content=\"https:\/\/www.kvg-dorsten.de\/dorstener-tafel\/wordpress\/wp-content\/uploads\/2019\/01\/20190127-DSC00982-1024x543.jpg\" \/>\n\t<meta property=\"og:image:width\" content=\"1024\" \/>\n\t<meta property=\"og:image:height\" content=\"543\" \/>\n\t<meta property=\"og:image:type\" content=\"image\/jpeg\" \/>\n<meta name=\"author\" content=\"jotw\" \/>\n<meta name=\"twitter:card\" content=\"summary_large_image\" \/>\n<meta name=\"twitter:label1\" content=\"Verfasst von\" \/>\n\t<meta name=\"twitter:data1\" content=\"jotw\" \/>\n\t<meta name=\"twitter:label2\" content=\"Gesch\u00e4tzte Lesezeit\" \/>\n\t<meta name=\"twitter:data2\" content=\"1\u00a0Minute\" \/>\n<script type=\"application\/ld+json\" class=\"yoast-schema-graph\">{\"@context\":\"https:\/\/schema.org\",\"@graph\":[{\"@type\":\"Article\",\"@id\":\"https:\/\/www.dorstener-tafel.de\/?p=1739#article\",\"isPartOf\":{\"@id\":\"https:\/\/www.dorstener-tafel.de\/?p=1739\"},\"author\":{\"name\":\"jotw\",\"@id\":\"https:\/\/www.dorstener-tafel.de\/#\/schema\/person\/c9a6797db5c21dbeb0851056380dcb01\"},\"headline\":\"Die TAFEL dankt\",\"datePublished\":\"2019-01-28T13:03:41+00:00\",\"dateModified\":\"2019-01-30T00:43:43+00:00\",\"mainEntityOfPage\":{\"@id\":\"https:\/\/www.dorstener-tafel.de\/?p=1739\"},\"wordCount\":283,\"commentCount\":0,\"image\":{\"@id\":\"https:\/\/www.dorstener-tafel.de\/?p=1739#primaryimage\"},\"thumbnailUrl\":\"https:\/\/www.kvg-dorsten.de\/dorstener-tafel\/wordpress\/wp-content\/uploads\/2019\/01\/20190127-DSC00982.jpg\",\"articleSection\":[\"Aktuelles\"],\"inLanguage\":\"de\",\"potentialAction\":[{\"@type\":\"CommentAction\",\"name\":\"Comment\",\"target\":[\"https:\/\/www.dorstener-tafel.de\/?p=1739#respond\"]}]},{\"@type\":\"WebPage\",\"@id\":\"https:\/\/www.dorstener-tafel.de\/?p=1739\",\"url\":\"https:\/\/www.dorstener-tafel.de\/?p=1739\",\"name\":\"Die TAFEL dankt - Home | Tafel Dorsten\",\"isPartOf\":{\"@id\":\"https:\/\/www.dorstener-tafel.de\/#website\"},\"primaryImageOfPage\":{\"@id\":\"https:\/\/www.dorstener-tafel.de\/?p=1739#primaryimage\"},\"image\":{\"@id\":\"https:\/\/www.dorstener-tafel.de\/?p=1739#primaryimage\"},\"thumbnailUrl\":\"https:\/\/www.kvg-dorsten.de\/dorstener-tafel\/wordpress\/wp-content\/uploads\/2019\/01\/20190127-DSC00982.jpg\",\"datePublished\":\"2019-01-28T13:03:41+00:00\",\"dateModified\":\"2019-01-30T00:43:43+00:00\",\"author\":{\"@id\":\"https:\/\/www.dorstener-tafel.de\/#\/schema\/person\/c9a6797db5c21dbeb0851056380dcb01\"},\"breadcrumb\":{\"@id\":\"https:\/\/www.dorstener-tafel.de\/?p=1739#breadcrumb\"},\"inLanguage\":\"de\",\"potentialAction\":[{\"@type\":\"ReadAction\",\"target\":[\"https:\/\/www.dorstener-tafel.de\/?p=1739\"]}]},{\"@type\":\"ImageObject\",\"inLanguage\":\"de\",\"@id\":\"https:\/\/www.dorstener-tafel.de\/?p=1739#primaryimage\",\"url\":\"https:\/\/www.kvg-dorsten.de\/dorstener-tafel\/wordpress\/wp-content\/uploads\/2019\/01\/20190127-DSC00982.jpg\",\"contentUrl\":\"https:\/\/www.kvg-dorsten.de\/dorstener-tafel\/wordpress\/wp-content\/uploads\/2019\/01\/20190127-DSC00982.jpg\",\"width\":6000,\"height\":3184},{\"@type\":\"BreadcrumbList\",\"@id\":\"https:\/\/www.dorstener-tafel.de\/?p=1739#breadcrumb\",\"itemListElement\":[{\"@type\":\"ListItem\",\"position\":1,\"name\":\"Home\",\"item\":\"https:\/\/www.dorstener-tafel.de\/\"},{\"@type\":\"ListItem\",\"position\":2,\"name\":\"Die TAFEL dankt\"}]},{\"@type\":\"WebSite\",\"@id\":\"https:\/\/www.dorstener-tafel.de\/#website\",\"url\":\"https:\/\/www.dorstener-tafel.de\/\",\"name\":\"Home | Tafel Dorsten\",\"description\":\"\",\"potentialAction\":[{\"@type\":\"SearchAction\",\"target\":{\"@type\":\"EntryPoint\",\"urlTemplate\":\"https:\/\/www.dorstener-tafel.de\/?s={search_term_string}\"},\"query-input\":{\"@type\":\"PropertyValueSpecification\",\"valueRequired\":true,\"valueName\":\"search_term_string\"}}],\"inLanguage\":\"de\"},{\"@type\":\"Person\",\"@id\":\"https:\/\/www.dorstener-tafel.de\/#\/schema\/person\/c9a6797db5c21dbeb0851056380dcb01\",\"name\":\"jotw\",\"image\":{\"@type\":\"ImageObject\",\"inLanguage\":\"de\",\"@id\":\"https:\/\/www.dorstener-tafel.de\/#\/schema\/person\/image\/\",\"url\":\"https:\/\/secure.gravatar.com\/avatar\/225c6088c3bfecfbb42a2a0d5c9556b6?s=96&d=retro&r=g\",\"contentUrl\":\"https:\/\/secure.gravatar.com\/avatar\/225c6088c3bfecfbb42a2a0d5c9556b6?s=96&d=retro&r=g\",\"caption\":\"jotw\"},\"url\":\"https:\/\/www.dorstener-tafel.de\/?author=1\"}]}<\/script>\n<!-- \/ Yoast SEO plugin. -->","yoast_head_json":{"title":"Die TAFEL dankt - Home | Tafel Dorsten","robots":{"index":"index","follow":"follow","max-snippet":"max-snippet:-1","max-image-preview":"max-image-preview:large","max-video-preview":"max-video-preview:-1"},"canonical":"https:\/\/www.dorstener-tafel.de\/?p=1739","og_locale":"de_DE","og_type":"article","og_title":"Die TAFEL dankt - Home | Tafel Dorsten","og_description":"Ehrenamtspreis f\u00fcr das &#8218;Lebenswerk&#8216; beim CDU-Neujahrsempfang","og_url":"https:\/\/www.dorstener-tafel.de\/?p=1739","og_site_name":"Home | Tafel Dorsten","article_publisher":"https:\/\/www.facebook.com\/Dorstener-Tafel-eV-710109832448127\/","article_published_time":"2019-01-28T13:03:41+00:00","article_modified_time":"2019-01-30T00:43:43+00:00","og_image":[{"width":1024,"height":543,"url":"https:\/\/www.kvg-dorsten.de\/dorstener-tafel\/wordpress\/wp-content\/uploads\/2019\/01\/20190127-DSC00982-1024x543.jpg","type":"image\/jpeg"}],"author":"jotw","twitter_card":"summary_large_image","twitter_misc":{"Verfasst von":"jotw","Gesch\u00e4tzte Lesezeit":"1\u00a0Minute"},"schema":{"@context":"https:\/\/schema.org","@graph":[{"@type":"Article","@id":"https:\/\/www.dorstener-tafel.de\/?p=1739#article","isPartOf":{"@id":"https:\/\/www.dorstener-tafel.de\/?p=1739"},"author":{"name":"jotw","@id":"https:\/\/www.dorstener-tafel.de\/#\/schema\/person\/c9a6797db5c21dbeb0851056380dcb01"},"headline":"Die TAFEL dankt","datePublished":"2019-01-28T13:03:41+00:00","dateModified":"2019-01-30T00:43:43+00:00","mainEntityOfPage":{"@id":"https:\/\/www.dorstener-tafel.de\/?p=1739"},"wordCount":283,"commentCount":0,"image":{"@id":"https:\/\/www.dorstener-tafel.de\/?p=1739#primaryimage"},"thumbnailUrl":"https:\/\/www.kvg-dorsten.de\/dorstener-tafel\/wordpress\/wp-content\/uploads\/2019\/01\/20190127-DSC00982.jpg","articleSection":["Aktuelles"],"inLanguage":"de","potentialAction":[{"@type":"CommentAction","name":"Comment","target":["https:\/\/www.dorstener-tafel.de\/?p=1739#respond"]}]},{"@type":"WebPage","@id":"https:\/\/www.dorstener-tafel.de\/?p=1739","url":"https:\/\/www.dorstener-tafel.de\/?p=1739","name":"Die TAFEL dankt - Home | Tafel Dorsten","isPartOf":{"@id":"https:\/\/www.dorstener-tafel.de\/#website"},"primaryImageOfPage":{"@id":"https:\/\/www.dorstener-tafel.de\/?p=1739#primaryimage"},"image":{"@id":"https:\/\/www.dorstener-tafel.de\/?p=1739#primaryimage"},"thumbnailUrl":"https:\/\/www.kvg-dorsten.de\/dorstener-tafel\/wordpress\/wp-content\/uploads\/2019\/01\/20190127-DSC00982.jpg","datePublished":"2019-01-28T13:03:41+00:00","dateModified":"2019-01-30T00:43:43+00:00","author":{"@id":"https:\/\/www.dorstener-tafel.de\/#\/schema\/person\/c9a6797db5c21dbeb0851056380dcb01"},"breadcrumb":{"@id":"https:\/\/www.dorstener-tafel.de\/?p=1739#breadcrumb"},"inLanguage":"de","potentialAction":[{"@type":"ReadAction","target":["https:\/\/www.dorstener-tafel.de\/?p=1739"]}]},{"@type":"ImageObject","inLanguage":"de","@id":"https:\/\/www.dorstener-tafel.de\/?p=1739#primaryimage","url":"https:\/\/www.kvg-dorsten.de\/dorstener-tafel\/wordpress\/wp-content\/uploads\/2019\/01\/20190127-DSC00982.jpg","contentUrl":"https:\/\/www.kvg-dorsten.de\/dorstener-tafel\/wordpress\/wp-content\/uploads\/2019\/01\/20190127-DSC00982.jpg","width":6000,"height":3184},{"@type":"BreadcrumbList","@id":"https:\/\/www.dorstener-tafel.de\/?p=1739#breadcrumb","itemListElement":[{"@type":"ListItem","position":1,"name":"Home","item":"https:\/\/www.dorstener-tafel.de\/"},{"@type":"ListItem","position":2,"name":"Die TAFEL dankt"}]},{"@type":"WebSite","@id":"https:\/\/www.dorstener-tafel.de\/#website","url":"https:\/\/www.dorstener-tafel.de\/","name":"Home | Tafel Dorsten","description":"","potentialAction":[{"@type":"SearchAction","target":{"@type":"EntryPoint","urlTemplate":"https:\/\/www.dorstener-tafel.de\/?s={search_term_string}"},"query-input":{"@type":"PropertyValueSpecification","valueRequired":true,"valueName":"search_term_string"}}],"inLanguage":"de"},{"@type":"Person","@id":"https:\/\/www.dorstener-tafel.de\/#\/schema\/person\/c9a6797db5c21dbeb0851056380dcb01","name":"jotw","image":{"@type":"ImageObject","inLanguage":"de","@id":"https:\/\/www.dorstener-tafel.de\/#\/schema\/person\/image\/","url":"https:\/\/secure.gravatar.com\/avatar\/225c6088c3bfecfbb42a2a0d5c9556b6?s=96&d=retro&r=g","contentUrl":"https:\/\/secure.gravatar.com\/avatar\/225c6088c3bfecfbb42a2a0d5c9556b6?s=96&d=retro&r=g","caption":"jotw"},"url":"https:\/\/www.dorstener-tafel.de\/?author=1"}]}},"_links":{"self":[{"href":"https:\/\/www.dorstener-tafel.de\/index.php?rest_route=\/wp\/v2\/posts\/1739","targetHints":{"allow":["GET"]}}],"collection":[{"href":"https:\/\/www.dorstener-tafel.de\/index.php?rest_route=\/wp\/v2\/posts"}],"about":[{"href":"https:\/\/www.dorstener-tafel.de\/index.php?rest_route=\/wp\/v2\/types\/post"}],"author":[{"embeddable":true,"href":"https:\/\/www.dorstener-tafel.de\/index.php?rest_route=\/wp\/v2\/users\/1"}],"replies":[{"embeddable":true,"href":"https:\/\/www.dorstener-tafel.de\/index.php?rest_route=%2Fwp%2Fv2%2Fcomments&post=1739"}],"version-history":[{"count":10,"href":"https:\/\/www.dorstener-tafel.de\/index.php?rest_route=\/wp\/v2\/posts\/1739\/revisions"}],"predecessor-version":[{"id":1754,"href":"https:\/\/www.dorstener-tafel.de\/index.php?rest_route=\/wp\/v2\/posts\/1739\/revisions\/1754"}],"wp:featuredmedia":[{"embeddable":true,"href":"https:\/\/www.dorstener-tafel.de\/index.php?rest_route=\/wp\/v2\/media\/1748"}],"wp:attachment":[{"href":"https:\/\/www.dorstener-tafel.de\/index.php?rest_route=%2Fwp%2Fv2%2Fmedia&parent=1739"}],"wp:term":[{"taxonomy":"category","embeddable":true,"href":"https:\/\/www.dorstener-tafel.de\/index.php?rest_route=%2Fwp%2Fv2%2Fcategories&post=1739"},{"taxonomy":"post_tag","embeddable":true,"href":"https:\/\/www.dorstener-tafel.de\/index.php?rest_route=%2Fwp%2Fv2%2Ftags&post=1739"}],"curies":[{"name":"wp","href":"https:\/\/api.w.org\/{rel}","templated":true}]}}