{"id":1729,"date":"2019-01-10T18:00:03","date_gmt":"2019-01-10T17:00:03","guid":{"rendered":"http:\/\/www.dorstener-tafel.de\/?p=1729"},"modified":"2019-04-02T21:20:44","modified_gmt":"2019-04-02T19:20:44","slug":"sternsinger-bescheren-die-tafel","status":"publish","type":"post","link":"https:\/\/www.dorstener-tafel.de\/?p=1729","title":{"rendered":"Sternsinger bescheren die Tafel"},"content":{"rendered":"<p>Noch einmal schl\u00fcpften manche Sternsinger in ihr k\u00f6nigliches Gewand, dieses Mal nicht, um f\u00fcr behinderte, benachteiligte Kinder in aller Welt zu sammeln, sondern um den Dorstener Kindern eine Freude zu machen, deren Eltern Kunden bei der TAFEL sind.<\/p>\n<p>W\u00e4hrend ihres Einsatzes erhalten die Sternsinger sehr viele S\u00fc\u00dfigkeiten, die eigentlich f\u00fcr sie selbst bestimmt sind. Ein bisschen was zu naschen behalten sie nat\u00fcrlich f\u00fcr sich; sie haben es sich ja auch &#8218;verdient&#8216;.\u00a0 Den gr\u00f6\u00dften Teil der Leckereien verschenken sie seit Jahren an die Kinder der DORSTENER TAFEL. So kamen gestern und heute aus allen Dorstener Pfarreien k\u00f6rbe- und kistenweise Schokoladen, Kekse, Bonbons &#8230; am DORSTENER LADEN an, die St\u00fcck f\u00fcr St\u00fcck in n\u00e4chster Zeit an die &#8218;TAFEL-Kinder&#8216; abgegeben werden.<\/p>\n<p>Die DORSTENER TAFEL dankt den kleinen Spendern, die so herzlich und gro\u00dfz\u00fcgig sind: Ihr habt Euch mutig die Krone aufgesetzt und seid durch Eure tolle Aktion echte K\u00f6nige geworden, K\u00f6nige der Herzen f\u00fcr Kinder in aller Welt und auch in Dorsten!\u00a0#zeitschenker<\/p>\n<p>Das Foto zeigt die Sternsinger-Delegation der Gemeinde St. Paulus in Hervest bei der \u00dcbergabe heute.<\/p>\n","protected":false},"excerpt":{"rendered":"<p>Noch einmal schl\u00fcpften manche Sternsinger in ihr k\u00f6nigliches Gewand, dieses Mal nicht, um f\u00fcr behinderte, benachteiligte Kinder in aller Welt [&hellip;]<\/p>\n","protected":false},"author":1,"featured_media":1730,"comment_status":"open","ping_status":"closed","sticky":false,"template":"","format":"standard","meta":{"footnotes":""},"categories":[1],"tags":[],"class_list":["post-1729","post","type-post","status-publish","format-standard","has-post-thumbnail","hentry","category-allgemein"],"yoast_head":"<!-- This site is optimized with the Yoast SEO plugin v26.8 - https:\/\/yoast.com\/product\/yoast-seo-wordpress\/ -->\n<title>Sternsinger bescheren die Tafel - Home | Tafel Dorsten<\/title>\n<meta name=\"robots\" content=\"index, follow, max-snippet:-1, max-image-preview:large, max-video-preview:-1\" \/>\n<link rel=\"canonical\" href=\"https:\/\/www.dorstener-tafel.de\/?p=1729\" \/>\n<meta property=\"og:locale\" content=\"de_DE\" \/>\n<meta property=\"og:type\" content=\"article\" \/>\n<meta property=\"og:title\" content=\"Sternsinger bescheren die Tafel - Home | Tafel Dorsten\" \/>\n<meta property=\"og:description\" content=\"Noch einmal schl\u00fcpften manche Sternsinger in ihr k\u00f6nigliches Gewand, dieses Mal nicht, um f\u00fcr behinderte, benachteiligte Kinder in aller Welt [&hellip;]\" \/>\n<meta property=\"og:url\" content=\"https:\/\/www.dorstener-tafel.de\/?p=1729\" \/>\n<meta property=\"og:site_name\" content=\"Home | Tafel Dorsten\" \/>\n<meta property=\"article:publisher\" content=\"https:\/\/www.facebook.com\/Dorstener-Tafel-eV-710109832448127\/\" \/>\n<meta property=\"article:published_time\" content=\"2019-01-10T17:00:03+00:00\" \/>\n<meta property=\"article:modified_time\" content=\"2019-04-02T19:20:44+00:00\" \/>\n<meta property=\"og:image\" content=\"https:\/\/www.kvg-dorsten.de\/dorstener-tafel\/wordpress\/wp-content\/uploads\/2019\/01\/2019-01-10-Sternsinger-Paulus-Tafel-Dsc03249-1200a.jpg\" \/>\n\t<meta property=\"og:image:width\" content=\"1200\" \/>\n\t<meta property=\"og:image:height\" content=\"788\" \/>\n\t<meta property=\"og:image:type\" content=\"image\/jpeg\" \/>\n<meta name=\"author\" content=\"jotw\" \/>\n<meta name=\"twitter:card\" content=\"summary_large_image\" \/>\n<meta name=\"twitter:label1\" content=\"Verfasst von\" \/>\n\t<meta name=\"twitter:data1\" content=\"jotw\" \/>\n\t<meta name=\"twitter:label2\" content=\"Gesch\u00e4tzte Lesezeit\" \/>\n\t<meta name=\"twitter:data2\" content=\"1\u00a0Minute\" \/>\n<script type=\"application\/ld+json\" class=\"yoast-schema-graph\">{\"@context\":\"https:\/\/schema.org\",\"@graph\":[{\"@type\":\"Article\",\"@id\":\"https:\/\/www.dorstener-tafel.de\/?p=1729#article\",\"isPartOf\":{\"@id\":\"https:\/\/www.dorstener-tafel.de\/?p=1729\"},\"author\":{\"name\":\"jotw\",\"@id\":\"https:\/\/www.dorstener-tafel.de\/#\/schema\/person\/c9a6797db5c21dbeb0851056380dcb01\"},\"headline\":\"Sternsinger bescheren die Tafel\",\"datePublished\":\"2019-01-10T17:00:03+00:00\",\"dateModified\":\"2019-04-02T19:20:44+00:00\",\"mainEntityOfPage\":{\"@id\":\"https:\/\/www.dorstener-tafel.de\/?p=1729\"},\"wordCount\":197,\"commentCount\":0,\"image\":{\"@id\":\"https:\/\/www.dorstener-tafel.de\/?p=1729#primaryimage\"},\"thumbnailUrl\":\"https:\/\/www.kvg-dorsten.de\/dorstener-tafel\/wordpress\/wp-content\/uploads\/2019\/01\/2019-01-10-Sternsinger-Paulus-Tafel-Dsc03249-1200a.jpg\",\"articleSection\":[\"Aktuelles\"],\"inLanguage\":\"de\",\"potentialAction\":[{\"@type\":\"CommentAction\",\"name\":\"Comment\",\"target\":[\"https:\/\/www.dorstener-tafel.de\/?p=1729#respond\"]}]},{\"@type\":\"WebPage\",\"@id\":\"https:\/\/www.dorstener-tafel.de\/?p=1729\",\"url\":\"https:\/\/www.dorstener-tafel.de\/?p=1729\",\"name\":\"Sternsinger bescheren die Tafel - Home | Tafel Dorsten\",\"isPartOf\":{\"@id\":\"https:\/\/www.dorstener-tafel.de\/#website\"},\"primaryImageOfPage\":{\"@id\":\"https:\/\/www.dorstener-tafel.de\/?p=1729#primaryimage\"},\"image\":{\"@id\":\"https:\/\/www.dorstener-tafel.de\/?p=1729#primaryimage\"},\"thumbnailUrl\":\"https:\/\/www.kvg-dorsten.de\/dorstener-tafel\/wordpress\/wp-content\/uploads\/2019\/01\/2019-01-10-Sternsinger-Paulus-Tafel-Dsc03249-1200a.jpg\",\"datePublished\":\"2019-01-10T17:00:03+00:00\",\"dateModified\":\"2019-04-02T19:20:44+00:00\",\"author\":{\"@id\":\"https:\/\/www.dorstener-tafel.de\/#\/schema\/person\/c9a6797db5c21dbeb0851056380dcb01\"},\"breadcrumb\":{\"@id\":\"https:\/\/www.dorstener-tafel.de\/?p=1729#breadcrumb\"},\"inLanguage\":\"de\",\"potentialAction\":[{\"@type\":\"ReadAction\",\"target\":[\"https:\/\/www.dorstener-tafel.de\/?p=1729\"]}]},{\"@type\":\"ImageObject\",\"inLanguage\":\"de\",\"@id\":\"https:\/\/www.dorstener-tafel.de\/?p=1729#primaryimage\",\"url\":\"https:\/\/www.kvg-dorsten.de\/dorstener-tafel\/wordpress\/wp-content\/uploads\/2019\/01\/2019-01-10-Sternsinger-Paulus-Tafel-Dsc03249-1200a.jpg\",\"contentUrl\":\"https:\/\/www.kvg-dorsten.de\/dorstener-tafel\/wordpress\/wp-content\/uploads\/2019\/01\/2019-01-10-Sternsinger-Paulus-Tafel-Dsc03249-1200a.jpg\",\"width\":1200,\"height\":788,\"caption\":\"SONY DSC\"},{\"@type\":\"BreadcrumbList\",\"@id\":\"https:\/\/www.dorstener-tafel.de\/?p=1729#breadcrumb\",\"itemListElement\":[{\"@type\":\"ListItem\",\"position\":1,\"name\":\"Home\",\"item\":\"https:\/\/www.dorstener-tafel.de\/\"},{\"@type\":\"ListItem\",\"position\":2,\"name\":\"Sternsinger bescheren die Tafel\"}]},{\"@type\":\"WebSite\",\"@id\":\"https:\/\/www.dorstener-tafel.de\/#website\",\"url\":\"https:\/\/www.dorstener-tafel.de\/\",\"name\":\"Home | Tafel Dorsten\",\"description\":\"\",\"potentialAction\":[{\"@type\":\"SearchAction\",\"target\":{\"@type\":\"EntryPoint\",\"urlTemplate\":\"https:\/\/www.dorstener-tafel.de\/?s={search_term_string}\"},\"query-input\":{\"@type\":\"PropertyValueSpecification\",\"valueRequired\":true,\"valueName\":\"search_term_string\"}}],\"inLanguage\":\"de\"},{\"@type\":\"Person\",\"@id\":\"https:\/\/www.dorstener-tafel.de\/#\/schema\/person\/c9a6797db5c21dbeb0851056380dcb01\",\"name\":\"jotw\",\"image\":{\"@type\":\"ImageObject\",\"inLanguage\":\"de\",\"@id\":\"https:\/\/www.dorstener-tafel.de\/#\/schema\/person\/image\/\",\"url\":\"https:\/\/secure.gravatar.com\/avatar\/225c6088c3bfecfbb42a2a0d5c9556b6?s=96&d=retro&r=g\",\"contentUrl\":\"https:\/\/secure.gravatar.com\/avatar\/225c6088c3bfecfbb42a2a0d5c9556b6?s=96&d=retro&r=g\",\"caption\":\"jotw\"},\"url\":\"https:\/\/www.dorstener-tafel.de\/?author=1\"}]}<\/script>\n<!-- \/ Yoast SEO plugin. -->","yoast_head_json":{"title":"Sternsinger bescheren die Tafel - Home | Tafel Dorsten","robots":{"index":"index","follow":"follow","max-snippet":"max-snippet:-1","max-image-preview":"max-image-preview:large","max-video-preview":"max-video-preview:-1"},"canonical":"https:\/\/www.dorstener-tafel.de\/?p=1729","og_locale":"de_DE","og_type":"article","og_title":"Sternsinger bescheren die Tafel - Home | Tafel Dorsten","og_description":"Noch einmal schl\u00fcpften manche Sternsinger in ihr k\u00f6nigliches Gewand, dieses Mal nicht, um f\u00fcr behinderte, benachteiligte Kinder in aller Welt [&hellip;]","og_url":"https:\/\/www.dorstener-tafel.de\/?p=1729","og_site_name":"Home | Tafel Dorsten","article_publisher":"https:\/\/www.facebook.com\/Dorstener-Tafel-eV-710109832448127\/","article_published_time":"2019-01-10T17:00:03+00:00","article_modified_time":"2019-04-02T19:20:44+00:00","og_image":[{"width":1200,"height":788,"url":"https:\/\/www.kvg-dorsten.de\/dorstener-tafel\/wordpress\/wp-content\/uploads\/2019\/01\/2019-01-10-Sternsinger-Paulus-Tafel-Dsc03249-1200a.jpg","type":"image\/jpeg"}],"author":"jotw","twitter_card":"summary_large_image","twitter_misc":{"Verfasst von":"jotw","Gesch\u00e4tzte Lesezeit":"1\u00a0Minute"},"schema":{"@context":"https:\/\/schema.org","@graph":[{"@type":"Article","@id":"https:\/\/www.dorstener-tafel.de\/?p=1729#article","isPartOf":{"@id":"https:\/\/www.dorstener-tafel.de\/?p=1729"},"author":{"name":"jotw","@id":"https:\/\/www.dorstener-tafel.de\/#\/schema\/person\/c9a6797db5c21dbeb0851056380dcb01"},"headline":"Sternsinger bescheren die Tafel","datePublished":"2019-01-10T17:00:03+00:00","dateModified":"2019-04-02T19:20:44+00:00","mainEntityOfPage":{"@id":"https:\/\/www.dorstener-tafel.de\/?p=1729"},"wordCount":197,"commentCount":0,"image":{"@id":"https:\/\/www.dorstener-tafel.de\/?p=1729#primaryimage"},"thumbnailUrl":"https:\/\/www.kvg-dorsten.de\/dorstener-tafel\/wordpress\/wp-content\/uploads\/2019\/01\/2019-01-10-Sternsinger-Paulus-Tafel-Dsc03249-1200a.jpg","articleSection":["Aktuelles"],"inLanguage":"de","potentialAction":[{"@type":"CommentAction","name":"Comment","target":["https:\/\/www.dorstener-tafel.de\/?p=1729#respond"]}]},{"@type":"WebPage","@id":"https:\/\/www.dorstener-tafel.de\/?p=1729","url":"https:\/\/www.dorstener-tafel.de\/?p=1729","name":"Sternsinger bescheren die Tafel - Home | Tafel Dorsten","isPartOf":{"@id":"https:\/\/www.dorstener-tafel.de\/#website"},"primaryImageOfPage":{"@id":"https:\/\/www.dorstener-tafel.de\/?p=1729#primaryimage"},"image":{"@id":"https:\/\/www.dorstener-tafel.de\/?p=1729#primaryimage"},"thumbnailUrl":"https:\/\/www.kvg-dorsten.de\/dorstener-tafel\/wordpress\/wp-content\/uploads\/2019\/01\/2019-01-10-Sternsinger-Paulus-Tafel-Dsc03249-1200a.jpg","datePublished":"2019-01-10T17:00:03+00:00","dateModified":"2019-04-02T19:20:44+00:00","author":{"@id":"https:\/\/www.dorstener-tafel.de\/#\/schema\/person\/c9a6797db5c21dbeb0851056380dcb01"},"breadcrumb":{"@id":"https:\/\/www.dorstener-tafel.de\/?p=1729#breadcrumb"},"inLanguage":"de","potentialAction":[{"@type":"ReadAction","target":["https:\/\/www.dorstener-tafel.de\/?p=1729"]}]},{"@type":"ImageObject","inLanguage":"de","@id":"https:\/\/www.dorstener-tafel.de\/?p=1729#primaryimage","url":"https:\/\/www.kvg-dorsten.de\/dorstener-tafel\/wordpress\/wp-content\/uploads\/2019\/01\/2019-01-10-Sternsinger-Paulus-Tafel-Dsc03249-1200a.jpg","contentUrl":"https:\/\/www.kvg-dorsten.de\/dorstener-tafel\/wordpress\/wp-content\/uploads\/2019\/01\/2019-01-10-Sternsinger-Paulus-Tafel-Dsc03249-1200a.jpg","width":1200,"height":788,"caption":"SONY DSC"},{"@type":"BreadcrumbList","@id":"https:\/\/www.dorstener-tafel.de\/?p=1729#breadcrumb","itemListElement":[{"@type":"ListItem","position":1,"name":"Home","item":"https:\/\/www.dorstener-tafel.de\/"},{"@type":"ListItem","position":2,"name":"Sternsinger bescheren die Tafel"}]},{"@type":"WebSite","@id":"https:\/\/www.dorstener-tafel.de\/#website","url":"https:\/\/www.dorstener-tafel.de\/","name":"Home | Tafel Dorsten","description":"","potentialAction":[{"@type":"SearchAction","target":{"@type":"EntryPoint","urlTemplate":"https:\/\/www.dorstener-tafel.de\/?s={search_term_string}"},"query-input":{"@type":"PropertyValueSpecification","valueRequired":true,"valueName":"search_term_string"}}],"inLanguage":"de"},{"@type":"Person","@id":"https:\/\/www.dorstener-tafel.de\/#\/schema\/person\/c9a6797db5c21dbeb0851056380dcb01","name":"jotw","image":{"@type":"ImageObject","inLanguage":"de","@id":"https:\/\/www.dorstener-tafel.de\/#\/schema\/person\/image\/","url":"https:\/\/secure.gravatar.com\/avatar\/225c6088c3bfecfbb42a2a0d5c9556b6?s=96&d=retro&r=g","contentUrl":"https:\/\/secure.gravatar.com\/avatar\/225c6088c3bfecfbb42a2a0d5c9556b6?s=96&d=retro&r=g","caption":"jotw"},"url":"https:\/\/www.dorstener-tafel.de\/?author=1"}]}},"_links":{"self":[{"href":"https:\/\/www.dorstener-tafel.de\/index.php?rest_route=\/wp\/v2\/posts\/1729","targetHints":{"allow":["GET"]}}],"collection":[{"href":"https:\/\/www.dorstener-tafel.de\/index.php?rest_route=\/wp\/v2\/posts"}],"about":[{"href":"https:\/\/www.dorstener-tafel.de\/index.php?rest_route=\/wp\/v2\/types\/post"}],"author":[{"embeddable":true,"href":"https:\/\/www.dorstener-tafel.de\/index.php?rest_route=\/wp\/v2\/users\/1"}],"replies":[{"embeddable":true,"href":"https:\/\/www.dorstener-tafel.de\/index.php?rest_route=%2Fwp%2Fv2%2Fcomments&post=1729"}],"version-history":[{"count":4,"href":"https:\/\/www.dorstener-tafel.de\/index.php?rest_route=\/wp\/v2\/posts\/1729\/revisions"}],"predecessor-version":[{"id":1834,"href":"https:\/\/www.dorstener-tafel.de\/index.php?rest_route=\/wp\/v2\/posts\/1729\/revisions\/1834"}],"wp:featuredmedia":[{"embeddable":true,"href":"https:\/\/www.dorstener-tafel.de\/index.php?rest_route=\/wp\/v2\/media\/1730"}],"wp:attachment":[{"href":"https:\/\/www.dorstener-tafel.de\/index.php?rest_route=%2Fwp%2Fv2%2Fmedia&parent=1729"}],"wp:term":[{"taxonomy":"category","embeddable":true,"href":"https:\/\/www.dorstener-tafel.de\/index.php?rest_route=%2Fwp%2Fv2%2Fcategories&post=1729"},{"taxonomy":"post_tag","embeddable":true,"href":"https:\/\/www.dorstener-tafel.de\/index.php?rest_route=%2Fwp%2Fv2%2Ftags&post=1729"}],"curies":[{"name":"wp","href":"https:\/\/api.w.org\/{rel}","templated":true}]}}