{"id":1724,"date":"2019-01-06T00:43:51","date_gmt":"2019-01-05T23:43:51","guid":{"rendered":"http:\/\/www.dorstener-tafel.de\/?p=1724"},"modified":"2019-01-16T00:57:53","modified_gmt":"2019-01-15T23:57:53","slug":"umgekehrter-adventskalender-in-st-paulus-grosse-akzeptanz","status":"publish","type":"post","link":"https:\/\/www.dorstener-tafel.de\/?p=1724","title":{"rendered":"Umgekehrter Adventskalender in St. Paulus: gro\u00dfe Akzeptanz"},"content":{"rendered":"<p><strong>&#8230; und eine willkommene Erg\u00e4nzung des Angebots der TAFEL<\/strong><!--more--><\/p>\n<p>Adventskalender: Jeden Tag ein T\u00fcrchen auf und etwas Gutes herausnehmen, kennen jede &amp; jeder und das ist zu Recht etwas Sch\u00f6nes (nicht nur) f\u00fcr Kinder.<br \/>\nAber: Jeden Tag ein \u2018T\u00fcrchen\u2019 auf und etwas hineintun, was gut ist f\u00fcr andere, f\u00fcr Bed\u00fcrftige, kommt der Bedeutung von Advent &amp; Weihnachten deutlich n\u00e4her.<\/p>\n<p>Eine tolle Idee!<\/p>\n<p>Der Pfarreirat von St. Paulus lie\u00df sich spontan darauf ein und stellte vom 1. bis 24. Dezember K\u00f6rbe in die drei Kirchen St. Paulus, St. Josef und St. Marien, um darin lange haltbare Lebensmittel und Drogerieartikel, gespendet von den Gottesdienstbesuchern f\u00fcr die DORSTENER TAFEL, zu sammeln. Viele begeisterten sich f\u00fcr diese\u00a0<strong><a href=\"https:\/\/www.streetlife.wien\/2018\/11\/05\/umgekehrter_adventkalender\/\">Idee aus Wien<\/a><\/strong>; sie kamen deswegen nat\u00fcrlich nicht jeden Tag zur Kirche, sondern brachten zu den vier Sonntagsmessen gleich ein paar Artikel mit, mit denen die K\u00f6rbe gef\u00fcllt wurden, gleichsam als Adventskerzen, mit denen Licht in den Herzen Bed\u00fcrftiger entz\u00fcndet werden kann.<br \/>\nReaktion von Ursula Bensch vom Pfarreirat St. Paulus: \u201cIm n\u00e4chsten Jahr machen wir das \u2013 noch besser vorbereitet \u2013 wieder! Die Reaktionen der Kirchenbesucher waren jedenfalls sehr positiv.\u201d<\/p>\n<p>Die Sternsinger aus St. Marien vers\u00fc\u00dften die Aktion noch, indem sie traditionell die Schokoladen, Bonbons, Pralinen \u2026, die sie bei ihren Segensw\u00fcnschen in der Gemeinde neben den vielen Geldspenden \u2018pers\u00f6nlich\u2019 geschenkt bekamen, auch der TAFEL zur Verf\u00fcgung stellten, um damit anderen Kindern eine Freude zu machen. Klar, ein bisschen S\u00fc\u00dfes haben die kleinen K\u00f6nige verdienterma\u00dfen f\u00fcr sich selbst abgezwackt \u2026<\/p>\n<p>Beim Mittagessen der Sternsinger im Pfarrheim St. Marien am Samstag wurden die Spenden \u00fcbergeben. Johannes Wulf als Vertreter der TAFEL dankte dem Pfarreirat St. Paulus und allen Spendern daf\u00fcr, die Idee vom \u2018Umgekehrten Adventskalender\u2019 umgesetzt zu haben. An die Sternsinger und ihre Begleiter gewandt sagte er: \u201cIhr habt Euch die Krone aufgesetzt und seid zwei Tage bei sch\u2026 schlechtem Wetter durch die Gemeinde gelaufen, um Geld zu sammeln, mit dem behinderten Kindern \u00fcberall auf dieser Erde ein wenig geholfen werden kann. Ihr habt so mit Eurem Einsatz diese unsere Welt ein klein bisschen besser und gerechter gemacht: Ihr seid richtige K\u00f6nige geworden und tragt Eure Kronen zu Recht!\u201d<\/p>\n<p><a href=\"http:\/\/www.kvg-dorsten.de\/dorstener-tafel\/wordpress\/wp-content\/uploads\/2019\/01\/DSC02359a.jpg\"><img loading=\"lazy\" decoding=\"async\" class=\"alignnone size-full wp-image-1725\" src=\"http:\/\/www.kvg-dorsten.de\/dorstener-tafel\/wordpress\/wp-content\/uploads\/2019\/01\/DSC02359a.jpg\" alt=\"\" width=\"5111\" height=\"2397\" srcset=\"https:\/\/www.kvg-dorsten.de\/dorstener-tafel\/wordpress\/wp-content\/uploads\/2019\/01\/DSC02359a.jpg 5111w, https:\/\/www.kvg-dorsten.de\/dorstener-tafel\/wordpress\/wp-content\/uploads\/2019\/01\/DSC02359a-300x141.jpg 300w, https:\/\/www.kvg-dorsten.de\/dorstener-tafel\/wordpress\/wp-content\/uploads\/2019\/01\/DSC02359a-768x360.jpg 768w, https:\/\/www.kvg-dorsten.de\/dorstener-tafel\/wordpress\/wp-content\/uploads\/2019\/01\/DSC02359a-1024x480.jpg 1024w\" sizes=\"auto, (max-width: 5111px) 100vw, 5111px\" \/><\/a><\/p>\n<p><a href=\"http:\/\/www.kvg-dorsten.de\/dorstener-tafel\/wordpress\/wp-content\/uploads\/2019\/01\/2019-01-09-Umgekehrter-Adventskalender-VLW-Medienhaus-Lensing_E-Paper-Ausgabe_RN-DN-Dorsten_Mittwoch-9-Januar-2019.jpg\"><img loading=\"lazy\" decoding=\"async\" class=\"alignnone wp-image-1735 size-large\" src=\"http:\/\/www.kvg-dorsten.de\/dorstener-tafel\/wordpress\/wp-content\/uploads\/2019\/01\/2019-01-09-Umgekehrter-Adventskalender-VLW-Medienhaus-Lensing_E-Paper-Ausgabe_RN-DN-Dorsten_Mittwoch-9-Januar-2019-515x1024.jpg\" alt=\"\" width=\"515\" height=\"1024\" srcset=\"https:\/\/www.kvg-dorsten.de\/dorstener-tafel\/wordpress\/wp-content\/uploads\/2019\/01\/2019-01-09-Umgekehrter-Adventskalender-VLW-Medienhaus-Lensing_E-Paper-Ausgabe_RN-DN-Dorsten_Mittwoch-9-Januar-2019-515x1024.jpg 515w, https:\/\/www.kvg-dorsten.de\/dorstener-tafel\/wordpress\/wp-content\/uploads\/2019\/01\/2019-01-09-Umgekehrter-Adventskalender-VLW-Medienhaus-Lensing_E-Paper-Ausgabe_RN-DN-Dorsten_Mittwoch-9-Januar-2019-151x300.jpg 151w, https:\/\/www.kvg-dorsten.de\/dorstener-tafel\/wordpress\/wp-content\/uploads\/2019\/01\/2019-01-09-Umgekehrter-Adventskalender-VLW-Medienhaus-Lensing_E-Paper-Ausgabe_RN-DN-Dorsten_Mittwoch-9-Januar-2019-768x1528.jpg 768w, https:\/\/www.kvg-dorsten.de\/dorstener-tafel\/wordpress\/wp-content\/uploads\/2019\/01\/2019-01-09-Umgekehrter-Adventskalender-VLW-Medienhaus-Lensing_E-Paper-Ausgabe_RN-DN-Dorsten_Mittwoch-9-Januar-2019.jpg 1087w\" sizes=\"auto, (max-width: 515px) 100vw, 515px\" \/><\/a><\/p>\n","protected":false},"excerpt":{"rendered":"<p>&#8230; und eine willkommene Erg\u00e4nzung des Angebots der TAFEL<\/p>\n","protected":false},"author":1,"featured_media":1726,"comment_status":"open","ping_status":"closed","sticky":false,"template":"","format":"standard","meta":{"footnotes":""},"categories":[1,4],"tags":[],"class_list":["post-1724","post","type-post","status-publish","format-standard","has-post-thumbnail","hentry","category-allgemein","category-presse"],"yoast_head":"<!-- This site is optimized with the Yoast SEO plugin v26.8 - https:\/\/yoast.com\/product\/yoast-seo-wordpress\/ -->\n<title>Umgekehrter Adventskalender in St. Paulus: gro\u00dfe Akzeptanz - Home | Tafel Dorsten<\/title>\n<meta name=\"robots\" content=\"index, follow, max-snippet:-1, max-image-preview:large, max-video-preview:-1\" \/>\n<link rel=\"canonical\" href=\"https:\/\/www.dorstener-tafel.de\/?p=1724\" \/>\n<meta property=\"og:locale\" content=\"de_DE\" \/>\n<meta property=\"og:type\" content=\"article\" \/>\n<meta property=\"og:title\" content=\"Umgekehrter Adventskalender in St. Paulus: gro\u00dfe Akzeptanz - Home | Tafel Dorsten\" \/>\n<meta property=\"og:description\" content=\"&#8230; und eine willkommene Erg\u00e4nzung des Angebots der TAFEL\" \/>\n<meta property=\"og:url\" content=\"https:\/\/www.dorstener-tafel.de\/?p=1724\" \/>\n<meta property=\"og:site_name\" content=\"Home | Tafel Dorsten\" \/>\n<meta property=\"article:publisher\" content=\"https:\/\/www.facebook.com\/Dorstener-Tafel-eV-710109832448127\/\" \/>\n<meta property=\"article:published_time\" content=\"2019-01-05T23:43:51+00:00\" \/>\n<meta property=\"article:modified_time\" content=\"2019-01-15T23:57:53+00:00\" \/>\n<meta property=\"og:image\" content=\"https:\/\/www.kvg-dorsten.de\/dorstener-tafel\/wordpress\/wp-content\/uploads\/2019\/01\/DSC02356a.jpg\" \/>\n\t<meta property=\"og:image:width\" content=\"4821\" \/>\n\t<meta property=\"og:image:height\" content=\"2246\" \/>\n\t<meta property=\"og:image:type\" content=\"image\/jpeg\" \/>\n<meta name=\"author\" content=\"jotw\" \/>\n<meta name=\"twitter:card\" content=\"summary_large_image\" \/>\n<meta name=\"twitter:label1\" content=\"Verfasst von\" \/>\n\t<meta name=\"twitter:data1\" content=\"jotw\" \/>\n\t<meta name=\"twitter:label2\" content=\"Gesch\u00e4tzte Lesezeit\" \/>\n\t<meta name=\"twitter:data2\" content=\"2\u00a0Minuten\" \/>\n<script type=\"application\/ld+json\" class=\"yoast-schema-graph\">{\"@context\":\"https:\/\/schema.org\",\"@graph\":[{\"@type\":\"Article\",\"@id\":\"https:\/\/www.dorstener-tafel.de\/?p=1724#article\",\"isPartOf\":{\"@id\":\"https:\/\/www.dorstener-tafel.de\/?p=1724\"},\"author\":{\"name\":\"jotw\",\"@id\":\"https:\/\/www.dorstener-tafel.de\/#\/schema\/person\/c9a6797db5c21dbeb0851056380dcb01\"},\"headline\":\"Umgekehrter Adventskalender in St. Paulus: gro\u00dfe Akzeptanz\",\"datePublished\":\"2019-01-05T23:43:51+00:00\",\"dateModified\":\"2019-01-15T23:57:53+00:00\",\"mainEntityOfPage\":{\"@id\":\"https:\/\/www.dorstener-tafel.de\/?p=1724\"},\"wordCount\":380,\"commentCount\":0,\"image\":{\"@id\":\"https:\/\/www.dorstener-tafel.de\/?p=1724#primaryimage\"},\"thumbnailUrl\":\"https:\/\/www.kvg-dorsten.de\/dorstener-tafel\/wordpress\/wp-content\/uploads\/2019\/01\/DSC02356a.jpg\",\"articleSection\":[\"Aktuelles\",\"Presse\"],\"inLanguage\":\"de\",\"potentialAction\":[{\"@type\":\"CommentAction\",\"name\":\"Comment\",\"target\":[\"https:\/\/www.dorstener-tafel.de\/?p=1724#respond\"]}]},{\"@type\":\"WebPage\",\"@id\":\"https:\/\/www.dorstener-tafel.de\/?p=1724\",\"url\":\"https:\/\/www.dorstener-tafel.de\/?p=1724\",\"name\":\"Umgekehrter Adventskalender in St. Paulus: gro\u00dfe Akzeptanz - Home | Tafel Dorsten\",\"isPartOf\":{\"@id\":\"https:\/\/www.dorstener-tafel.de\/#website\"},\"primaryImageOfPage\":{\"@id\":\"https:\/\/www.dorstener-tafel.de\/?p=1724#primaryimage\"},\"image\":{\"@id\":\"https:\/\/www.dorstener-tafel.de\/?p=1724#primaryimage\"},\"thumbnailUrl\":\"https:\/\/www.kvg-dorsten.de\/dorstener-tafel\/wordpress\/wp-content\/uploads\/2019\/01\/DSC02356a.jpg\",\"datePublished\":\"2019-01-05T23:43:51+00:00\",\"dateModified\":\"2019-01-15T23:57:53+00:00\",\"author\":{\"@id\":\"https:\/\/www.dorstener-tafel.de\/#\/schema\/person\/c9a6797db5c21dbeb0851056380dcb01\"},\"breadcrumb\":{\"@id\":\"https:\/\/www.dorstener-tafel.de\/?p=1724#breadcrumb\"},\"inLanguage\":\"de\",\"potentialAction\":[{\"@type\":\"ReadAction\",\"target\":[\"https:\/\/www.dorstener-tafel.de\/?p=1724\"]}]},{\"@type\":\"ImageObject\",\"inLanguage\":\"de\",\"@id\":\"https:\/\/www.dorstener-tafel.de\/?p=1724#primaryimage\",\"url\":\"https:\/\/www.kvg-dorsten.de\/dorstener-tafel\/wordpress\/wp-content\/uploads\/2019\/01\/DSC02356a.jpg\",\"contentUrl\":\"https:\/\/www.kvg-dorsten.de\/dorstener-tafel\/wordpress\/wp-content\/uploads\/2019\/01\/DSC02356a.jpg\",\"width\":4821,\"height\":2246},{\"@type\":\"BreadcrumbList\",\"@id\":\"https:\/\/www.dorstener-tafel.de\/?p=1724#breadcrumb\",\"itemListElement\":[{\"@type\":\"ListItem\",\"position\":1,\"name\":\"Home\",\"item\":\"https:\/\/www.dorstener-tafel.de\/\"},{\"@type\":\"ListItem\",\"position\":2,\"name\":\"Umgekehrter Adventskalender in St. Paulus: gro\u00dfe Akzeptanz\"}]},{\"@type\":\"WebSite\",\"@id\":\"https:\/\/www.dorstener-tafel.de\/#website\",\"url\":\"https:\/\/www.dorstener-tafel.de\/\",\"name\":\"Home | Tafel Dorsten\",\"description\":\"\",\"potentialAction\":[{\"@type\":\"SearchAction\",\"target\":{\"@type\":\"EntryPoint\",\"urlTemplate\":\"https:\/\/www.dorstener-tafel.de\/?s={search_term_string}\"},\"query-input\":{\"@type\":\"PropertyValueSpecification\",\"valueRequired\":true,\"valueName\":\"search_term_string\"}}],\"inLanguage\":\"de\"},{\"@type\":\"Person\",\"@id\":\"https:\/\/www.dorstener-tafel.de\/#\/schema\/person\/c9a6797db5c21dbeb0851056380dcb01\",\"name\":\"jotw\",\"image\":{\"@type\":\"ImageObject\",\"inLanguage\":\"de\",\"@id\":\"https:\/\/www.dorstener-tafel.de\/#\/schema\/person\/image\/\",\"url\":\"https:\/\/secure.gravatar.com\/avatar\/225c6088c3bfecfbb42a2a0d5c9556b6?s=96&d=retro&r=g\",\"contentUrl\":\"https:\/\/secure.gravatar.com\/avatar\/225c6088c3bfecfbb42a2a0d5c9556b6?s=96&d=retro&r=g\",\"caption\":\"jotw\"},\"url\":\"https:\/\/www.dorstener-tafel.de\/?author=1\"}]}<\/script>\n<!-- \/ Yoast SEO plugin. -->","yoast_head_json":{"title":"Umgekehrter Adventskalender in St. Paulus: gro\u00dfe Akzeptanz - Home | Tafel Dorsten","robots":{"index":"index","follow":"follow","max-snippet":"max-snippet:-1","max-image-preview":"max-image-preview:large","max-video-preview":"max-video-preview:-1"},"canonical":"https:\/\/www.dorstener-tafel.de\/?p=1724","og_locale":"de_DE","og_type":"article","og_title":"Umgekehrter Adventskalender in St. Paulus: gro\u00dfe Akzeptanz - Home | Tafel Dorsten","og_description":"&#8230; und eine willkommene Erg\u00e4nzung des Angebots der TAFEL","og_url":"https:\/\/www.dorstener-tafel.de\/?p=1724","og_site_name":"Home | Tafel Dorsten","article_publisher":"https:\/\/www.facebook.com\/Dorstener-Tafel-eV-710109832448127\/","article_published_time":"2019-01-05T23:43:51+00:00","article_modified_time":"2019-01-15T23:57:53+00:00","og_image":[{"width":4821,"height":2246,"url":"https:\/\/www.kvg-dorsten.de\/dorstener-tafel\/wordpress\/wp-content\/uploads\/2019\/01\/DSC02356a.jpg","type":"image\/jpeg"}],"author":"jotw","twitter_card":"summary_large_image","twitter_misc":{"Verfasst von":"jotw","Gesch\u00e4tzte Lesezeit":"2\u00a0Minuten"},"schema":{"@context":"https:\/\/schema.org","@graph":[{"@type":"Article","@id":"https:\/\/www.dorstener-tafel.de\/?p=1724#article","isPartOf":{"@id":"https:\/\/www.dorstener-tafel.de\/?p=1724"},"author":{"name":"jotw","@id":"https:\/\/www.dorstener-tafel.de\/#\/schema\/person\/c9a6797db5c21dbeb0851056380dcb01"},"headline":"Umgekehrter Adventskalender in St. Paulus: gro\u00dfe Akzeptanz","datePublished":"2019-01-05T23:43:51+00:00","dateModified":"2019-01-15T23:57:53+00:00","mainEntityOfPage":{"@id":"https:\/\/www.dorstener-tafel.de\/?p=1724"},"wordCount":380,"commentCount":0,"image":{"@id":"https:\/\/www.dorstener-tafel.de\/?p=1724#primaryimage"},"thumbnailUrl":"https:\/\/www.kvg-dorsten.de\/dorstener-tafel\/wordpress\/wp-content\/uploads\/2019\/01\/DSC02356a.jpg","articleSection":["Aktuelles","Presse"],"inLanguage":"de","potentialAction":[{"@type":"CommentAction","name":"Comment","target":["https:\/\/www.dorstener-tafel.de\/?p=1724#respond"]}]},{"@type":"WebPage","@id":"https:\/\/www.dorstener-tafel.de\/?p=1724","url":"https:\/\/www.dorstener-tafel.de\/?p=1724","name":"Umgekehrter Adventskalender in St. Paulus: gro\u00dfe Akzeptanz - Home | Tafel Dorsten","isPartOf":{"@id":"https:\/\/www.dorstener-tafel.de\/#website"},"primaryImageOfPage":{"@id":"https:\/\/www.dorstener-tafel.de\/?p=1724#primaryimage"},"image":{"@id":"https:\/\/www.dorstener-tafel.de\/?p=1724#primaryimage"},"thumbnailUrl":"https:\/\/www.kvg-dorsten.de\/dorstener-tafel\/wordpress\/wp-content\/uploads\/2019\/01\/DSC02356a.jpg","datePublished":"2019-01-05T23:43:51+00:00","dateModified":"2019-01-15T23:57:53+00:00","author":{"@id":"https:\/\/www.dorstener-tafel.de\/#\/schema\/person\/c9a6797db5c21dbeb0851056380dcb01"},"breadcrumb":{"@id":"https:\/\/www.dorstener-tafel.de\/?p=1724#breadcrumb"},"inLanguage":"de","potentialAction":[{"@type":"ReadAction","target":["https:\/\/www.dorstener-tafel.de\/?p=1724"]}]},{"@type":"ImageObject","inLanguage":"de","@id":"https:\/\/www.dorstener-tafel.de\/?p=1724#primaryimage","url":"https:\/\/www.kvg-dorsten.de\/dorstener-tafel\/wordpress\/wp-content\/uploads\/2019\/01\/DSC02356a.jpg","contentUrl":"https:\/\/www.kvg-dorsten.de\/dorstener-tafel\/wordpress\/wp-content\/uploads\/2019\/01\/DSC02356a.jpg","width":4821,"height":2246},{"@type":"BreadcrumbList","@id":"https:\/\/www.dorstener-tafel.de\/?p=1724#breadcrumb","itemListElement":[{"@type":"ListItem","position":1,"name":"Home","item":"https:\/\/www.dorstener-tafel.de\/"},{"@type":"ListItem","position":2,"name":"Umgekehrter Adventskalender in St. Paulus: gro\u00dfe Akzeptanz"}]},{"@type":"WebSite","@id":"https:\/\/www.dorstener-tafel.de\/#website","url":"https:\/\/www.dorstener-tafel.de\/","name":"Home | Tafel Dorsten","description":"","potentialAction":[{"@type":"SearchAction","target":{"@type":"EntryPoint","urlTemplate":"https:\/\/www.dorstener-tafel.de\/?s={search_term_string}"},"query-input":{"@type":"PropertyValueSpecification","valueRequired":true,"valueName":"search_term_string"}}],"inLanguage":"de"},{"@type":"Person","@id":"https:\/\/www.dorstener-tafel.de\/#\/schema\/person\/c9a6797db5c21dbeb0851056380dcb01","name":"jotw","image":{"@type":"ImageObject","inLanguage":"de","@id":"https:\/\/www.dorstener-tafel.de\/#\/schema\/person\/image\/","url":"https:\/\/secure.gravatar.com\/avatar\/225c6088c3bfecfbb42a2a0d5c9556b6?s=96&d=retro&r=g","contentUrl":"https:\/\/secure.gravatar.com\/avatar\/225c6088c3bfecfbb42a2a0d5c9556b6?s=96&d=retro&r=g","caption":"jotw"},"url":"https:\/\/www.dorstener-tafel.de\/?author=1"}]}},"_links":{"self":[{"href":"https:\/\/www.dorstener-tafel.de\/index.php?rest_route=\/wp\/v2\/posts\/1724","targetHints":{"allow":["GET"]}}],"collection":[{"href":"https:\/\/www.dorstener-tafel.de\/index.php?rest_route=\/wp\/v2\/posts"}],"about":[{"href":"https:\/\/www.dorstener-tafel.de\/index.php?rest_route=\/wp\/v2\/types\/post"}],"author":[{"embeddable":true,"href":"https:\/\/www.dorstener-tafel.de\/index.php?rest_route=\/wp\/v2\/users\/1"}],"replies":[{"embeddable":true,"href":"https:\/\/www.dorstener-tafel.de\/index.php?rest_route=%2Fwp%2Fv2%2Fcomments&post=1724"}],"version-history":[{"count":4,"href":"https:\/\/www.dorstener-tafel.de\/index.php?rest_route=\/wp\/v2\/posts\/1724\/revisions"}],"predecessor-version":[{"id":1737,"href":"https:\/\/www.dorstener-tafel.de\/index.php?rest_route=\/wp\/v2\/posts\/1724\/revisions\/1737"}],"wp:featuredmedia":[{"embeddable":true,"href":"https:\/\/www.dorstener-tafel.de\/index.php?rest_route=\/wp\/v2\/media\/1726"}],"wp:attachment":[{"href":"https:\/\/www.dorstener-tafel.de\/index.php?rest_route=%2Fwp%2Fv2%2Fmedia&parent=1724"}],"wp:term":[{"taxonomy":"category","embeddable":true,"href":"https:\/\/www.dorstener-tafel.de\/index.php?rest_route=%2Fwp%2Fv2%2Fcategories&post=1724"},{"taxonomy":"post_tag","embeddable":true,"href":"https:\/\/www.dorstener-tafel.de\/index.php?rest_route=%2Fwp%2Fv2%2Ftags&post=1724"}],"curies":[{"name":"wp","href":"https:\/\/api.w.org\/{rel}","templated":true}]}}