{"id":1716,"date":"2018-12-11T21:55:09","date_gmt":"2018-12-11T20:55:09","guid":{"rendered":"http:\/\/www.dorstener-tafel.de\/?p=1716"},"modified":"2018-12-19T22:17:21","modified_gmt":"2018-12-19T21:17:21","slug":"dankeschoen-an-den-tc-deuten-und-die-volksbank-mitarbeiterinnen","status":"publish","type":"post","link":"https:\/\/www.dorstener-tafel.de\/?p=1716","title":{"rendered":"Dankesch\u00f6n an den TC Deuten und die Volksbank-Mitarbeiter*innen!"},"content":{"rendered":"<p><strong>Alle Jahre wieder: die Damen des TC Deuten engagieren sich auch au\u00dferhalb des Platzes<\/strong><\/p>\n<p><a href=\"http:\/\/www.kvg-dorsten.de\/dorstener-tafel\/wordpress\/wp-content\/uploads\/2018\/12\/2018-12-19-TC-Deuten-P\u00e4ckchen1.png\"><img loading=\"lazy\" decoding=\"async\" class=\"alignnone size-full wp-image-1717\" src=\"http:\/\/www.kvg-dorsten.de\/dorstener-tafel\/wordpress\/wp-content\/uploads\/2018\/12\/2018-12-19-TC-Deuten-P\u00e4ckchen1.png\" alt=\"\" width=\"605\" height=\"373\" srcset=\"https:\/\/www.kvg-dorsten.de\/dorstener-tafel\/wordpress\/wp-content\/uploads\/2018\/12\/2018-12-19-TC-Deuten-P\u00e4ckchen1.png 605w, https:\/\/www.kvg-dorsten.de\/dorstener-tafel\/wordpress\/wp-content\/uploads\/2018\/12\/2018-12-19-TC-Deuten-P\u00e4ckchen1-300x185.png 300w\" sizes=\"auto, (max-width: 605px) 100vw, 605px\" \/><\/a><\/p>\n<p><img loading=\"lazy\" decoding=\"async\" class=\"wp-image-1720 alignleft\" src=\"http:\/\/www.kvg-dorsten.de\/dorstener-tafel\/wordpress\/wp-content\/uploads\/2018\/12\/tc-deuten-herz-13151871_1073512009389074_7099792435891651831_n.jpg\" alt=\"\" width=\"50\" height=\"50\" srcset=\"https:\/\/www.kvg-dorsten.de\/dorstener-tafel\/wordpress\/wp-content\/uploads\/2018\/12\/tc-deuten-herz-13151871_1073512009389074_7099792435891651831_n.jpg 458w, https:\/\/www.kvg-dorsten.de\/dorstener-tafel\/wordpress\/wp-content\/uploads\/2018\/12\/tc-deuten-herz-13151871_1073512009389074_7099792435891651831_n-150x150.jpg 150w, https:\/\/www.kvg-dorsten.de\/dorstener-tafel\/wordpress\/wp-content\/uploads\/2018\/12\/tc-deuten-herz-13151871_1073512009389074_7099792435891651831_n-300x300.jpg 300w\" sizes=\"auto, (max-width: 50px) 100vw, 50px\" \/>Auf seiner Facebook-Seite schreibt der Verein dazu:<\/p>\n<p>\/\/ Weihnachtsaktion<\/p>\n<p>Bei aller Konsum- und Festtagsfreude zu Weihnachten denken unsere Damen in jedem Jahr auch an die Menschen in unserer Stadt, denen es nicht so gut geht.<br \/>\nWie banal und unwichtig es manchmal ist, wenn wir uns \u00fcber Abstiege oder verlorene Matches aufregen, wird deutlich, wenn uns die Sorgen und N\u00f6te vieler Mitmenschen in Dorsten bewusst werden.\u00a0In den Weihnachtspaketen unserer Damen, die die\u00a0<u><a href=\"https:\/\/www.facebook.com\/dorstenertafel\/?__tn__=K-R&amp;eid=ARDVI0VX0_MXD_s7QThiW1ANb8H3HG1mxpzZw4xKpqOkbkxpWZD5Co6QITFglPMTjWDi6bc_yX3OCJdr&amp;fref=mentions&amp;__xts__%5B0%5D=68.ARBPdy_7tvDuGuo8dvA18wgBFwTXb-JU9GZBKbU3thmBwLnZ3C3FuaRjOKMVd-MQo4-LaRECWFZEW2043COf7Xh_aIXyNp5fK1wu35P0z5zigq3aVZ9tRnJLMPD-u1tFv-7gUoo_sefQc-GwV-9pGBTho4ORD3NOAyGmVdqoqQW_gKFStZLLzBWDuhfxwxiunvp1nvf4YJBO5GCVKr11bNzsDW7LWFan1LIj0OHjel8Qnwrr3JQE-racR_JR4vq1Cw8i0Q9BWOZBayjLMM0YaHFOyidbesKCJdAejT0XYkMs6PEBRg594RfrJUNtLpkuqk21PhNebXMiLRDG-emZBoZjWA\">Dorstener Tafel e.V.<\/a><\/u>\u00a0in diesen Tagen bed\u00fcrftigen B\u00fcrgern \u00fcbergibt, befinden sich haltbare Lebensmittel, Spielzeug oder auch Pflegeartikel.<\/p>\n<p>Es ist sicherlich nur ein kleiner Beitrag, um Not zu lindern, aber ganz sicher in jedem Jahr eine tolle Aktion, die von Herzen kommt.\u00a0\u2764\ufe0f\ud83c\udfbe\ud83d\udc4d<\/p>\n<hr \/>\n<p>Offensichtlich interessieren sich die Mitarbeiter*innen der Vereinten Volksbank auch f\u00fcr die, die zu wenig Geld haben, n\u00e4mlich die bed\u00fcrftigen Mitmenschen in unserer Stadt<\/p>\n<p><a href=\"http:\/\/www.kvg-dorsten.de\/dorstener-tafel\/wordpress\/wp-content\/uploads\/2018\/12\/2018-12-19-Volksbank-48380736_2015543365202743_5959961202799935488_n.jpg\"><img loading=\"lazy\" decoding=\"async\" class=\"alignnone wp-image-1718\" src=\"http:\/\/www.kvg-dorsten.de\/dorstener-tafel\/wordpress\/wp-content\/uploads\/2018\/12\/2018-12-19-Volksbank-48380736_2015543365202743_5959961202799935488_n.jpg\" alt=\"\" width=\"605\" height=\"807\" srcset=\"https:\/\/www.kvg-dorsten.de\/dorstener-tafel\/wordpress\/wp-content\/uploads\/2018\/12\/2018-12-19-Volksbank-48380736_2015543365202743_5959961202799935488_n.jpg 720w, https:\/\/www.kvg-dorsten.de\/dorstener-tafel\/wordpress\/wp-content\/uploads\/2018\/12\/2018-12-19-Volksbank-48380736_2015543365202743_5959961202799935488_n-225x300.jpg 225w\" sizes=\"auto, (max-width: 605px) 100vw, 605px\" \/><\/a><\/p>\n<p><a href=\"http:\/\/www.kvg-dorsten.de\/dorstener-tafel\/wordpress\/wp-content\/uploads\/2018\/12\/vb-ico.png\"><img loading=\"lazy\" decoding=\"async\" class=\"size-full wp-image-1719 alignleft\" src=\"http:\/\/www.kvg-dorsten.de\/dorstener-tafel\/wordpress\/wp-content\/uploads\/2018\/12\/vb-ico.png\" alt=\"\" width=\"50\" height=\"50\" \/><\/a>Der Facebook-Eintrag dazu:<\/p>\n<p>Unsere Kolleginnen und Kollegen haben flei\u00dfig P\u00e4ckchen f\u00fcr die\u00a0<a href=\"https:\/\/www.facebook.com\/dorstenertafel\/?__xts__%5B0%5D=68.ARC-FuoiPTvxJlpVglwBHdTEf1lv1cnkzotCJks-1B0kzmwXz_6MZrU3sYtf-5D73njbK0yMdMUsVyfk5juxnZOeAVuovfuRUq6xW1W2Cpd1oAgmyPm0kItUt0vfyjFCS0JrFk9KzHj1cL412GKIL6txTgV-B-rOqkykP8hEaHZ3h8CZPvP6sqbWAF7IEn-wPGSimaxoLq1YENdULOYBmselfI6D6hGmZG0s1VzHSKqR-sVPaGPYPudNfHVWwErf3nCUydpXahpH-qYhiVJRigiojhsX2NXwHBzhmCKZu9qYfv0gzEhjhi-bCRftuwEyGbU6&amp;__tn__=%2CdK%2AF-R&amp;eid=ARBfNbo8EhYQ1CQB6HpuvE8d_vJcnO5fyvlMiQBbrmAT_O8uleppoOkdWwXFceo-fe12PwvQT4G-7j1d\">Dorstener Tafel e.V.<\/a>\u00a0gepackt.\u00a0\ud83c\udf81Wir freuen uns, dass wir die Weihnachtsaktion der Tafel auch in diesem Jahr unterst\u00fctzen k\u00f6nnen.\ud83c\udf84<\/p>\n","protected":false},"excerpt":{"rendered":"<p>Alle Jahre wieder: die Damen des TC Deuten engagieren sich auch au\u00dferhalb des Platzes Auf seiner Facebook-Seite schreibt der Verein [&hellip;]<\/p>\n","protected":false},"author":1,"featured_media":1415,"comment_status":"open","ping_status":"closed","sticky":false,"template":"","format":"standard","meta":{"footnotes":""},"categories":[1],"tags":[],"class_list":["post-1716","post","type-post","status-publish","format-standard","has-post-thumbnail","hentry","category-allgemein"],"yoast_head":"<!-- This site is optimized with the Yoast SEO plugin v26.8 - https:\/\/yoast.com\/product\/yoast-seo-wordpress\/ -->\n<title>Dankesch\u00f6n an den TC Deuten und die Volksbank-Mitarbeiter*innen! - Home | Tafel Dorsten<\/title>\n<meta name=\"robots\" content=\"index, follow, max-snippet:-1, max-image-preview:large, max-video-preview:-1\" \/>\n<link rel=\"canonical\" href=\"https:\/\/www.dorstener-tafel.de\/?p=1716\" \/>\n<meta property=\"og:locale\" content=\"de_DE\" \/>\n<meta property=\"og:type\" content=\"article\" \/>\n<meta property=\"og:title\" content=\"Dankesch\u00f6n an den TC Deuten und die Volksbank-Mitarbeiter*innen! - Home | Tafel Dorsten\" \/>\n<meta property=\"og:description\" content=\"Alle Jahre wieder: die Damen des TC Deuten engagieren sich auch au\u00dferhalb des Platzes Auf seiner Facebook-Seite schreibt der Verein [&hellip;]\" \/>\n<meta property=\"og:url\" content=\"https:\/\/www.dorstener-tafel.de\/?p=1716\" \/>\n<meta property=\"og:site_name\" content=\"Home | Tafel Dorsten\" \/>\n<meta property=\"article:publisher\" content=\"https:\/\/www.facebook.com\/Dorstener-Tafel-eV-710109832448127\/\" \/>\n<meta property=\"article:published_time\" content=\"2018-12-11T20:55:09+00:00\" \/>\n<meta property=\"article:modified_time\" content=\"2018-12-19T21:17:21+00:00\" \/>\n<meta property=\"og:image\" content=\"https:\/\/www.kvg-dorsten.de\/dorstener-tafel\/wordpress\/wp-content\/uploads\/2018\/02\/2018-02-28-Header-2000px-2-Autos-Linie.png\" \/>\n\t<meta property=\"og:image:width\" content=\"1958\" \/>\n\t<meta property=\"og:image:height\" content=\"336\" \/>\n\t<meta property=\"og:image:type\" content=\"image\/png\" \/>\n<meta name=\"author\" content=\"jotw\" \/>\n<meta name=\"twitter:card\" content=\"summary_large_image\" \/>\n<meta name=\"twitter:label1\" content=\"Verfasst von\" \/>\n\t<meta name=\"twitter:data1\" content=\"jotw\" \/>\n\t<meta name=\"twitter:label2\" content=\"Gesch\u00e4tzte Lesezeit\" \/>\n\t<meta name=\"twitter:data2\" content=\"1\u00a0Minute\" \/>\n<script type=\"application\/ld+json\" class=\"yoast-schema-graph\">{\"@context\":\"https:\/\/schema.org\",\"@graph\":[{\"@type\":\"Article\",\"@id\":\"https:\/\/www.dorstener-tafel.de\/?p=1716#article\",\"isPartOf\":{\"@id\":\"https:\/\/www.dorstener-tafel.de\/?p=1716\"},\"author\":{\"name\":\"jotw\",\"@id\":\"https:\/\/www.dorstener-tafel.de\/#\/schema\/person\/c9a6797db5c21dbeb0851056380dcb01\"},\"headline\":\"Dankesch\u00f6n an den TC Deuten und die Volksbank-Mitarbeiter*innen!\",\"datePublished\":\"2018-12-11T20:55:09+00:00\",\"dateModified\":\"2018-12-19T21:17:21+00:00\",\"mainEntityOfPage\":{\"@id\":\"https:\/\/www.dorstener-tafel.de\/?p=1716\"},\"wordCount\":205,\"commentCount\":0,\"image\":{\"@id\":\"https:\/\/www.dorstener-tafel.de\/?p=1716#primaryimage\"},\"thumbnailUrl\":\"https:\/\/www.kvg-dorsten.de\/dorstener-tafel\/wordpress\/wp-content\/uploads\/2018\/02\/2018-02-28-Header-2000px-2-Autos-Linie.png\",\"articleSection\":[\"Aktuelles\"],\"inLanguage\":\"de\",\"potentialAction\":[{\"@type\":\"CommentAction\",\"name\":\"Comment\",\"target\":[\"https:\/\/www.dorstener-tafel.de\/?p=1716#respond\"]}]},{\"@type\":\"WebPage\",\"@id\":\"https:\/\/www.dorstener-tafel.de\/?p=1716\",\"url\":\"https:\/\/www.dorstener-tafel.de\/?p=1716\",\"name\":\"Dankesch\u00f6n an den TC Deuten und die Volksbank-Mitarbeiter*innen! - Home | Tafel Dorsten\",\"isPartOf\":{\"@id\":\"https:\/\/www.dorstener-tafel.de\/#website\"},\"primaryImageOfPage\":{\"@id\":\"https:\/\/www.dorstener-tafel.de\/?p=1716#primaryimage\"},\"image\":{\"@id\":\"https:\/\/www.dorstener-tafel.de\/?p=1716#primaryimage\"},\"thumbnailUrl\":\"https:\/\/www.kvg-dorsten.de\/dorstener-tafel\/wordpress\/wp-content\/uploads\/2018\/02\/2018-02-28-Header-2000px-2-Autos-Linie.png\",\"datePublished\":\"2018-12-11T20:55:09+00:00\",\"dateModified\":\"2018-12-19T21:17:21+00:00\",\"author\":{\"@id\":\"https:\/\/www.dorstener-tafel.de\/#\/schema\/person\/c9a6797db5c21dbeb0851056380dcb01\"},\"breadcrumb\":{\"@id\":\"https:\/\/www.dorstener-tafel.de\/?p=1716#breadcrumb\"},\"inLanguage\":\"de\",\"potentialAction\":[{\"@type\":\"ReadAction\",\"target\":[\"https:\/\/www.dorstener-tafel.de\/?p=1716\"]}]},{\"@type\":\"ImageObject\",\"inLanguage\":\"de\",\"@id\":\"https:\/\/www.dorstener-tafel.de\/?p=1716#primaryimage\",\"url\":\"https:\/\/www.kvg-dorsten.de\/dorstener-tafel\/wordpress\/wp-content\/uploads\/2018\/02\/2018-02-28-Header-2000px-2-Autos-Linie.png\",\"contentUrl\":\"https:\/\/www.kvg-dorsten.de\/dorstener-tafel\/wordpress\/wp-content\/uploads\/2018\/02\/2018-02-28-Header-2000px-2-Autos-Linie.png\",\"width\":1958,\"height\":336},{\"@type\":\"BreadcrumbList\",\"@id\":\"https:\/\/www.dorstener-tafel.de\/?p=1716#breadcrumb\",\"itemListElement\":[{\"@type\":\"ListItem\",\"position\":1,\"name\":\"Home\",\"item\":\"https:\/\/www.dorstener-tafel.de\/\"},{\"@type\":\"ListItem\",\"position\":2,\"name\":\"Dankesch\u00f6n an den TC Deuten und die Volksbank-Mitarbeiter*innen!\"}]},{\"@type\":\"WebSite\",\"@id\":\"https:\/\/www.dorstener-tafel.de\/#website\",\"url\":\"https:\/\/www.dorstener-tafel.de\/\",\"name\":\"Home | Tafel Dorsten\",\"description\":\"\",\"potentialAction\":[{\"@type\":\"SearchAction\",\"target\":{\"@type\":\"EntryPoint\",\"urlTemplate\":\"https:\/\/www.dorstener-tafel.de\/?s={search_term_string}\"},\"query-input\":{\"@type\":\"PropertyValueSpecification\",\"valueRequired\":true,\"valueName\":\"search_term_string\"}}],\"inLanguage\":\"de\"},{\"@type\":\"Person\",\"@id\":\"https:\/\/www.dorstener-tafel.de\/#\/schema\/person\/c9a6797db5c21dbeb0851056380dcb01\",\"name\":\"jotw\",\"image\":{\"@type\":\"ImageObject\",\"inLanguage\":\"de\",\"@id\":\"https:\/\/www.dorstener-tafel.de\/#\/schema\/person\/image\/\",\"url\":\"https:\/\/secure.gravatar.com\/avatar\/225c6088c3bfecfbb42a2a0d5c9556b6?s=96&d=retro&r=g\",\"contentUrl\":\"https:\/\/secure.gravatar.com\/avatar\/225c6088c3bfecfbb42a2a0d5c9556b6?s=96&d=retro&r=g\",\"caption\":\"jotw\"},\"url\":\"https:\/\/www.dorstener-tafel.de\/?author=1\"}]}<\/script>\n<!-- \/ Yoast SEO plugin. -->","yoast_head_json":{"title":"Dankesch\u00f6n an den TC Deuten und die Volksbank-Mitarbeiter*innen! - Home | Tafel Dorsten","robots":{"index":"index","follow":"follow","max-snippet":"max-snippet:-1","max-image-preview":"max-image-preview:large","max-video-preview":"max-video-preview:-1"},"canonical":"https:\/\/www.dorstener-tafel.de\/?p=1716","og_locale":"de_DE","og_type":"article","og_title":"Dankesch\u00f6n an den TC Deuten und die Volksbank-Mitarbeiter*innen! - Home | Tafel Dorsten","og_description":"Alle Jahre wieder: die Damen des TC Deuten engagieren sich auch au\u00dferhalb des Platzes Auf seiner Facebook-Seite schreibt der Verein [&hellip;]","og_url":"https:\/\/www.dorstener-tafel.de\/?p=1716","og_site_name":"Home | Tafel Dorsten","article_publisher":"https:\/\/www.facebook.com\/Dorstener-Tafel-eV-710109832448127\/","article_published_time":"2018-12-11T20:55:09+00:00","article_modified_time":"2018-12-19T21:17:21+00:00","og_image":[{"width":1958,"height":336,"url":"https:\/\/www.kvg-dorsten.de\/dorstener-tafel\/wordpress\/wp-content\/uploads\/2018\/02\/2018-02-28-Header-2000px-2-Autos-Linie.png","type":"image\/png"}],"author":"jotw","twitter_card":"summary_large_image","twitter_misc":{"Verfasst von":"jotw","Gesch\u00e4tzte Lesezeit":"1\u00a0Minute"},"schema":{"@context":"https:\/\/schema.org","@graph":[{"@type":"Article","@id":"https:\/\/www.dorstener-tafel.de\/?p=1716#article","isPartOf":{"@id":"https:\/\/www.dorstener-tafel.de\/?p=1716"},"author":{"name":"jotw","@id":"https:\/\/www.dorstener-tafel.de\/#\/schema\/person\/c9a6797db5c21dbeb0851056380dcb01"},"headline":"Dankesch\u00f6n an den TC Deuten und die Volksbank-Mitarbeiter*innen!","datePublished":"2018-12-11T20:55:09+00:00","dateModified":"2018-12-19T21:17:21+00:00","mainEntityOfPage":{"@id":"https:\/\/www.dorstener-tafel.de\/?p=1716"},"wordCount":205,"commentCount":0,"image":{"@id":"https:\/\/www.dorstener-tafel.de\/?p=1716#primaryimage"},"thumbnailUrl":"https:\/\/www.kvg-dorsten.de\/dorstener-tafel\/wordpress\/wp-content\/uploads\/2018\/02\/2018-02-28-Header-2000px-2-Autos-Linie.png","articleSection":["Aktuelles"],"inLanguage":"de","potentialAction":[{"@type":"CommentAction","name":"Comment","target":["https:\/\/www.dorstener-tafel.de\/?p=1716#respond"]}]},{"@type":"WebPage","@id":"https:\/\/www.dorstener-tafel.de\/?p=1716","url":"https:\/\/www.dorstener-tafel.de\/?p=1716","name":"Dankesch\u00f6n an den TC Deuten und die Volksbank-Mitarbeiter*innen! - Home | Tafel Dorsten","isPartOf":{"@id":"https:\/\/www.dorstener-tafel.de\/#website"},"primaryImageOfPage":{"@id":"https:\/\/www.dorstener-tafel.de\/?p=1716#primaryimage"},"image":{"@id":"https:\/\/www.dorstener-tafel.de\/?p=1716#primaryimage"},"thumbnailUrl":"https:\/\/www.kvg-dorsten.de\/dorstener-tafel\/wordpress\/wp-content\/uploads\/2018\/02\/2018-02-28-Header-2000px-2-Autos-Linie.png","datePublished":"2018-12-11T20:55:09+00:00","dateModified":"2018-12-19T21:17:21+00:00","author":{"@id":"https:\/\/www.dorstener-tafel.de\/#\/schema\/person\/c9a6797db5c21dbeb0851056380dcb01"},"breadcrumb":{"@id":"https:\/\/www.dorstener-tafel.de\/?p=1716#breadcrumb"},"inLanguage":"de","potentialAction":[{"@type":"ReadAction","target":["https:\/\/www.dorstener-tafel.de\/?p=1716"]}]},{"@type":"ImageObject","inLanguage":"de","@id":"https:\/\/www.dorstener-tafel.de\/?p=1716#primaryimage","url":"https:\/\/www.kvg-dorsten.de\/dorstener-tafel\/wordpress\/wp-content\/uploads\/2018\/02\/2018-02-28-Header-2000px-2-Autos-Linie.png","contentUrl":"https:\/\/www.kvg-dorsten.de\/dorstener-tafel\/wordpress\/wp-content\/uploads\/2018\/02\/2018-02-28-Header-2000px-2-Autos-Linie.png","width":1958,"height":336},{"@type":"BreadcrumbList","@id":"https:\/\/www.dorstener-tafel.de\/?p=1716#breadcrumb","itemListElement":[{"@type":"ListItem","position":1,"name":"Home","item":"https:\/\/www.dorstener-tafel.de\/"},{"@type":"ListItem","position":2,"name":"Dankesch\u00f6n an den TC Deuten und die Volksbank-Mitarbeiter*innen!"}]},{"@type":"WebSite","@id":"https:\/\/www.dorstener-tafel.de\/#website","url":"https:\/\/www.dorstener-tafel.de\/","name":"Home | Tafel Dorsten","description":"","potentialAction":[{"@type":"SearchAction","target":{"@type":"EntryPoint","urlTemplate":"https:\/\/www.dorstener-tafel.de\/?s={search_term_string}"},"query-input":{"@type":"PropertyValueSpecification","valueRequired":true,"valueName":"search_term_string"}}],"inLanguage":"de"},{"@type":"Person","@id":"https:\/\/www.dorstener-tafel.de\/#\/schema\/person\/c9a6797db5c21dbeb0851056380dcb01","name":"jotw","image":{"@type":"ImageObject","inLanguage":"de","@id":"https:\/\/www.dorstener-tafel.de\/#\/schema\/person\/image\/","url":"https:\/\/secure.gravatar.com\/avatar\/225c6088c3bfecfbb42a2a0d5c9556b6?s=96&d=retro&r=g","contentUrl":"https:\/\/secure.gravatar.com\/avatar\/225c6088c3bfecfbb42a2a0d5c9556b6?s=96&d=retro&r=g","caption":"jotw"},"url":"https:\/\/www.dorstener-tafel.de\/?author=1"}]}},"_links":{"self":[{"href":"https:\/\/www.dorstener-tafel.de\/index.php?rest_route=\/wp\/v2\/posts\/1716","targetHints":{"allow":["GET"]}}],"collection":[{"href":"https:\/\/www.dorstener-tafel.de\/index.php?rest_route=\/wp\/v2\/posts"}],"about":[{"href":"https:\/\/www.dorstener-tafel.de\/index.php?rest_route=\/wp\/v2\/types\/post"}],"author":[{"embeddable":true,"href":"https:\/\/www.dorstener-tafel.de\/index.php?rest_route=\/wp\/v2\/users\/1"}],"replies":[{"embeddable":true,"href":"https:\/\/www.dorstener-tafel.de\/index.php?rest_route=%2Fwp%2Fv2%2Fcomments&post=1716"}],"version-history":[{"count":1,"href":"https:\/\/www.dorstener-tafel.de\/index.php?rest_route=\/wp\/v2\/posts\/1716\/revisions"}],"predecessor-version":[{"id":1721,"href":"https:\/\/www.dorstener-tafel.de\/index.php?rest_route=\/wp\/v2\/posts\/1716\/revisions\/1721"}],"wp:featuredmedia":[{"embeddable":true,"href":"https:\/\/www.dorstener-tafel.de\/index.php?rest_route=\/wp\/v2\/media\/1415"}],"wp:attachment":[{"href":"https:\/\/www.dorstener-tafel.de\/index.php?rest_route=%2Fwp%2Fv2%2Fmedia&parent=1716"}],"wp:term":[{"taxonomy":"category","embeddable":true,"href":"https:\/\/www.dorstener-tafel.de\/index.php?rest_route=%2Fwp%2Fv2%2Fcategories&post=1716"},{"taxonomy":"post_tag","embeddable":true,"href":"https:\/\/www.dorstener-tafel.de\/index.php?rest_route=%2Fwp%2Fv2%2Ftags&post=1716"}],"curies":[{"name":"wp","href":"https:\/\/api.w.org\/{rel}","templated":true}]}}