{"id":1709,"date":"2018-12-14T18:22:12","date_gmt":"2018-12-14T17:22:12","guid":{"rendered":"http:\/\/www.dorstener-tafel.de\/?p=1709"},"modified":"2018-12-15T03:18:08","modified_gmt":"2018-12-15T02:18:08","slug":"froehliche-weihnachten-fuer-alle-5","status":"publish","type":"post","link":"https:\/\/www.dorstener-tafel.de\/?p=1709","title":{"rendered":"Fr\u00f6hliche Weihnachten! F\u00fcr alle!"},"content":{"rendered":"<p><span style=\"color: #993366;\">Am Donnerstag gab\u00b4s in der Barkenberger Laden-Passage eine gro\u00dfe Schlange:\u00a0<\/span><!--more--><\/p>\n<p><span style=\"color: #993366;\">Zum Abschluss der diesj\u00e4hrigen Weihnachtsp\u00e4ckchenaktion fand die (etwas vorzeitige, aber deswegen nicht weniger herzliche) Bescherung statt: knapp 130 gut gef\u00fcllte P\u00e4ckchen sorgten f\u00fcr Freude bei den Beschenkten. Haltbare Lebensmittel, S\u00fc\u00dfigkeiten und Weihnachtsgeb\u00e4ck, duftende Parf\u00fcmerie- und Drogerieartikel, Spielzeug, Kuscheltiere, Bilderb\u00fccher und weihnachtlicher Schmuck sorgen nun f\u00fcr strahlende Kinderaugen &#8211; und ein wenig Entlastung bei vielen bed\u00fcrftigen Familien in unserer Stadt.<\/span><br \/>\n<span style=\"color: #993366;\">Erfahrungsgem\u00e4\u00df kommt manches P\u00e4ckchen noch versp\u00e4tet an: auch die geben wir gerne weiter an die Mitb\u00fcrgerinnen und Mitb\u00fcrger, die die Sachen brauchen.<\/span><\/p>\n<p><span style=\"color: #993366;\">Jetzt ist aber schon mal Zeit f\u00fcr ein herzliches Dankesch\u00f6n: an unseren Schirmherrn, B\u00fcrgermeister Stockhoff, die Stadtinfo Dorsten und die Pressestelle der Stadt Dorsten, die die TAFEL aktiv unterst\u00fctzt haben in dieser Aktion, an die Dorstener Medien Dorstener Zeitung, Stadtspiegel, Lokallust und Dorsten-Online.de f\u00fcr ihre umfangreiche Berichterstattung in Wort &amp; Bild, an die LEG, die uns den leerstehenden Laden als Lager zur Verf\u00fcgung gestellt hat, an die Sammelstellen in der ganzen Stadt, in denen sich die Mitarbeiter*innen Jahr f\u00fcr Jahr diese zus\u00e4tzliche Arbeit aufhalsen, an unsere Fahrer und Beifahrer f\u00fcr die ehrenamtlich erbrachten Stunden beim Abholen der Pakete, an unsere Mitarbeiter*innen, die &#8211; ebenfalls neben ihrer regelm\u00e4\u00dfig gespendeten Zeit &#8211; die P\u00e4ckchen kontrolliert, umgepackt, sortiert &#8230; haben.<\/span><br \/>\n<strong><span style=\"color: #993366;\">Ein besonderes Dankesch\u00f6n geht nat\u00fcrlich an all die Spenderinnen und Spender, die sich das Motto dieser Aktion &#8222;Fr\u00f6hliche Weihnachten! F\u00fcr alle!&#8220; zu eigen gemacht haben: Sie haben mit den P\u00e4ckchen bed\u00fcrftigen Mit-Menschen geholfen und unsere Stadt ein wenig lebens- und liebenswerter gemacht! Danke!<\/span><\/strong><\/p>\n","protected":false},"excerpt":{"rendered":"<p>Am Donnerstag gab\u00b4s in der Barkenberger Laden-Passage eine gro\u00dfe Schlange:\u00a0<\/p>\n","protected":false},"author":1,"featured_media":565,"comment_status":"open","ping_status":"closed","sticky":false,"template":"","format":"standard","meta":{"footnotes":""},"categories":[1],"tags":[],"class_list":["post-1709","post","type-post","status-publish","format-standard","has-post-thumbnail","hentry","category-allgemein"],"yoast_head":"<!-- This site is optimized with the Yoast SEO plugin v26.8 - https:\/\/yoast.com\/product\/yoast-seo-wordpress\/ -->\n<title>Fr\u00f6hliche Weihnachten! F\u00fcr alle! - Home | Tafel Dorsten<\/title>\n<meta name=\"robots\" content=\"index, follow, max-snippet:-1, max-image-preview:large, max-video-preview:-1\" \/>\n<link rel=\"canonical\" href=\"https:\/\/www.dorstener-tafel.de\/?p=1709\" \/>\n<meta property=\"og:locale\" content=\"de_DE\" \/>\n<meta property=\"og:type\" content=\"article\" \/>\n<meta property=\"og:title\" content=\"Fr\u00f6hliche Weihnachten! F\u00fcr alle! - Home | Tafel Dorsten\" \/>\n<meta property=\"og:description\" content=\"Am Donnerstag gab\u00b4s in der Barkenberger Laden-Passage eine gro\u00dfe Schlange:\u00a0\" \/>\n<meta property=\"og:url\" content=\"https:\/\/www.dorstener-tafel.de\/?p=1709\" \/>\n<meta property=\"og:site_name\" content=\"Home | Tafel Dorsten\" \/>\n<meta property=\"article:publisher\" content=\"https:\/\/www.facebook.com\/Dorstener-Tafel-eV-710109832448127\/\" \/>\n<meta property=\"article:published_time\" content=\"2018-12-14T17:22:12+00:00\" \/>\n<meta property=\"article:modified_time\" content=\"2018-12-15T02:18:08+00:00\" \/>\n<meta property=\"og:image\" content=\"https:\/\/www.kvg-dorsten.de\/dorstener-tafel\/wordpress\/wp-content\/uploads\/2016\/01\/2015-12-Weihnachtspaeckchen.jpg\" \/>\n\t<meta property=\"og:image:width\" content=\"759\" \/>\n\t<meta property=\"og:image:height\" content=\"586\" \/>\n\t<meta property=\"og:image:type\" content=\"image\/jpeg\" \/>\n<meta name=\"author\" content=\"jotw\" \/>\n<meta name=\"twitter:card\" content=\"summary_large_image\" \/>\n<meta name=\"twitter:label1\" content=\"Verfasst von\" \/>\n\t<meta name=\"twitter:data1\" content=\"jotw\" \/>\n\t<meta name=\"twitter:label2\" content=\"Gesch\u00e4tzte Lesezeit\" \/>\n\t<meta name=\"twitter:data2\" content=\"1\u00a0Minute\" \/>\n<script type=\"application\/ld+json\" class=\"yoast-schema-graph\">{\"@context\":\"https:\/\/schema.org\",\"@graph\":[{\"@type\":\"Article\",\"@id\":\"https:\/\/www.dorstener-tafel.de\/?p=1709#article\",\"isPartOf\":{\"@id\":\"https:\/\/www.dorstener-tafel.de\/?p=1709\"},\"author\":{\"name\":\"jotw\",\"@id\":\"https:\/\/www.dorstener-tafel.de\/#\/schema\/person\/c9a6797db5c21dbeb0851056380dcb01\"},\"headline\":\"Fr\u00f6hliche Weihnachten! F\u00fcr alle!\",\"datePublished\":\"2018-12-14T17:22:12+00:00\",\"dateModified\":\"2018-12-15T02:18:08+00:00\",\"mainEntityOfPage\":{\"@id\":\"https:\/\/www.dorstener-tafel.de\/?p=1709\"},\"wordCount\":292,\"commentCount\":0,\"image\":{\"@id\":\"https:\/\/www.dorstener-tafel.de\/?p=1709#primaryimage\"},\"thumbnailUrl\":\"https:\/\/www.kvg-dorsten.de\/dorstener-tafel\/wordpress\/wp-content\/uploads\/2016\/01\/2015-12-Weihnachtspaeckchen.jpg\",\"articleSection\":[\"Aktuelles\"],\"inLanguage\":\"de\",\"potentialAction\":[{\"@type\":\"CommentAction\",\"name\":\"Comment\",\"target\":[\"https:\/\/www.dorstener-tafel.de\/?p=1709#respond\"]}]},{\"@type\":\"WebPage\",\"@id\":\"https:\/\/www.dorstener-tafel.de\/?p=1709\",\"url\":\"https:\/\/www.dorstener-tafel.de\/?p=1709\",\"name\":\"Fr\u00f6hliche Weihnachten! F\u00fcr alle! - Home | Tafel Dorsten\",\"isPartOf\":{\"@id\":\"https:\/\/www.dorstener-tafel.de\/#website\"},\"primaryImageOfPage\":{\"@id\":\"https:\/\/www.dorstener-tafel.de\/?p=1709#primaryimage\"},\"image\":{\"@id\":\"https:\/\/www.dorstener-tafel.de\/?p=1709#primaryimage\"},\"thumbnailUrl\":\"https:\/\/www.kvg-dorsten.de\/dorstener-tafel\/wordpress\/wp-content\/uploads\/2016\/01\/2015-12-Weihnachtspaeckchen.jpg\",\"datePublished\":\"2018-12-14T17:22:12+00:00\",\"dateModified\":\"2018-12-15T02:18:08+00:00\",\"author\":{\"@id\":\"https:\/\/www.dorstener-tafel.de\/#\/schema\/person\/c9a6797db5c21dbeb0851056380dcb01\"},\"breadcrumb\":{\"@id\":\"https:\/\/www.dorstener-tafel.de\/?p=1709#breadcrumb\"},\"inLanguage\":\"de\",\"potentialAction\":[{\"@type\":\"ReadAction\",\"target\":[\"https:\/\/www.dorstener-tafel.de\/?p=1709\"]}]},{\"@type\":\"ImageObject\",\"inLanguage\":\"de\",\"@id\":\"https:\/\/www.dorstener-tafel.de\/?p=1709#primaryimage\",\"url\":\"https:\/\/www.kvg-dorsten.de\/dorstener-tafel\/wordpress\/wp-content\/uploads\/2016\/01\/2015-12-Weihnachtspaeckchen.jpg\",\"contentUrl\":\"https:\/\/www.kvg-dorsten.de\/dorstener-tafel\/wordpress\/wp-content\/uploads\/2016\/01\/2015-12-Weihnachtspaeckchen.jpg\",\"width\":759,\"height\":586},{\"@type\":\"BreadcrumbList\",\"@id\":\"https:\/\/www.dorstener-tafel.de\/?p=1709#breadcrumb\",\"itemListElement\":[{\"@type\":\"ListItem\",\"position\":1,\"name\":\"Home\",\"item\":\"https:\/\/www.dorstener-tafel.de\/\"},{\"@type\":\"ListItem\",\"position\":2,\"name\":\"Fr\u00f6hliche Weihnachten! F\u00fcr alle!\"}]},{\"@type\":\"WebSite\",\"@id\":\"https:\/\/www.dorstener-tafel.de\/#website\",\"url\":\"https:\/\/www.dorstener-tafel.de\/\",\"name\":\"Home | Tafel Dorsten\",\"description\":\"\",\"potentialAction\":[{\"@type\":\"SearchAction\",\"target\":{\"@type\":\"EntryPoint\",\"urlTemplate\":\"https:\/\/www.dorstener-tafel.de\/?s={search_term_string}\"},\"query-input\":{\"@type\":\"PropertyValueSpecification\",\"valueRequired\":true,\"valueName\":\"search_term_string\"}}],\"inLanguage\":\"de\"},{\"@type\":\"Person\",\"@id\":\"https:\/\/www.dorstener-tafel.de\/#\/schema\/person\/c9a6797db5c21dbeb0851056380dcb01\",\"name\":\"jotw\",\"image\":{\"@type\":\"ImageObject\",\"inLanguage\":\"de\",\"@id\":\"https:\/\/www.dorstener-tafel.de\/#\/schema\/person\/image\/\",\"url\":\"https:\/\/secure.gravatar.com\/avatar\/225c6088c3bfecfbb42a2a0d5c9556b6?s=96&d=retro&r=g\",\"contentUrl\":\"https:\/\/secure.gravatar.com\/avatar\/225c6088c3bfecfbb42a2a0d5c9556b6?s=96&d=retro&r=g\",\"caption\":\"jotw\"},\"url\":\"https:\/\/www.dorstener-tafel.de\/?author=1\"}]}<\/script>\n<!-- \/ Yoast SEO plugin. -->","yoast_head_json":{"title":"Fr\u00f6hliche Weihnachten! F\u00fcr alle! - Home | Tafel Dorsten","robots":{"index":"index","follow":"follow","max-snippet":"max-snippet:-1","max-image-preview":"max-image-preview:large","max-video-preview":"max-video-preview:-1"},"canonical":"https:\/\/www.dorstener-tafel.de\/?p=1709","og_locale":"de_DE","og_type":"article","og_title":"Fr\u00f6hliche Weihnachten! F\u00fcr alle! - Home | Tafel Dorsten","og_description":"Am Donnerstag gab\u00b4s in der Barkenberger Laden-Passage eine gro\u00dfe Schlange:\u00a0","og_url":"https:\/\/www.dorstener-tafel.de\/?p=1709","og_site_name":"Home | Tafel Dorsten","article_publisher":"https:\/\/www.facebook.com\/Dorstener-Tafel-eV-710109832448127\/","article_published_time":"2018-12-14T17:22:12+00:00","article_modified_time":"2018-12-15T02:18:08+00:00","og_image":[{"width":759,"height":586,"url":"https:\/\/www.kvg-dorsten.de\/dorstener-tafel\/wordpress\/wp-content\/uploads\/2016\/01\/2015-12-Weihnachtspaeckchen.jpg","type":"image\/jpeg"}],"author":"jotw","twitter_card":"summary_large_image","twitter_misc":{"Verfasst von":"jotw","Gesch\u00e4tzte Lesezeit":"1\u00a0Minute"},"schema":{"@context":"https:\/\/schema.org","@graph":[{"@type":"Article","@id":"https:\/\/www.dorstener-tafel.de\/?p=1709#article","isPartOf":{"@id":"https:\/\/www.dorstener-tafel.de\/?p=1709"},"author":{"name":"jotw","@id":"https:\/\/www.dorstener-tafel.de\/#\/schema\/person\/c9a6797db5c21dbeb0851056380dcb01"},"headline":"Fr\u00f6hliche Weihnachten! F\u00fcr alle!","datePublished":"2018-12-14T17:22:12+00:00","dateModified":"2018-12-15T02:18:08+00:00","mainEntityOfPage":{"@id":"https:\/\/www.dorstener-tafel.de\/?p=1709"},"wordCount":292,"commentCount":0,"image":{"@id":"https:\/\/www.dorstener-tafel.de\/?p=1709#primaryimage"},"thumbnailUrl":"https:\/\/www.kvg-dorsten.de\/dorstener-tafel\/wordpress\/wp-content\/uploads\/2016\/01\/2015-12-Weihnachtspaeckchen.jpg","articleSection":["Aktuelles"],"inLanguage":"de","potentialAction":[{"@type":"CommentAction","name":"Comment","target":["https:\/\/www.dorstener-tafel.de\/?p=1709#respond"]}]},{"@type":"WebPage","@id":"https:\/\/www.dorstener-tafel.de\/?p=1709","url":"https:\/\/www.dorstener-tafel.de\/?p=1709","name":"Fr\u00f6hliche Weihnachten! F\u00fcr alle! - Home | Tafel Dorsten","isPartOf":{"@id":"https:\/\/www.dorstener-tafel.de\/#website"},"primaryImageOfPage":{"@id":"https:\/\/www.dorstener-tafel.de\/?p=1709#primaryimage"},"image":{"@id":"https:\/\/www.dorstener-tafel.de\/?p=1709#primaryimage"},"thumbnailUrl":"https:\/\/www.kvg-dorsten.de\/dorstener-tafel\/wordpress\/wp-content\/uploads\/2016\/01\/2015-12-Weihnachtspaeckchen.jpg","datePublished":"2018-12-14T17:22:12+00:00","dateModified":"2018-12-15T02:18:08+00:00","author":{"@id":"https:\/\/www.dorstener-tafel.de\/#\/schema\/person\/c9a6797db5c21dbeb0851056380dcb01"},"breadcrumb":{"@id":"https:\/\/www.dorstener-tafel.de\/?p=1709#breadcrumb"},"inLanguage":"de","potentialAction":[{"@type":"ReadAction","target":["https:\/\/www.dorstener-tafel.de\/?p=1709"]}]},{"@type":"ImageObject","inLanguage":"de","@id":"https:\/\/www.dorstener-tafel.de\/?p=1709#primaryimage","url":"https:\/\/www.kvg-dorsten.de\/dorstener-tafel\/wordpress\/wp-content\/uploads\/2016\/01\/2015-12-Weihnachtspaeckchen.jpg","contentUrl":"https:\/\/www.kvg-dorsten.de\/dorstener-tafel\/wordpress\/wp-content\/uploads\/2016\/01\/2015-12-Weihnachtspaeckchen.jpg","width":759,"height":586},{"@type":"BreadcrumbList","@id":"https:\/\/www.dorstener-tafel.de\/?p=1709#breadcrumb","itemListElement":[{"@type":"ListItem","position":1,"name":"Home","item":"https:\/\/www.dorstener-tafel.de\/"},{"@type":"ListItem","position":2,"name":"Fr\u00f6hliche Weihnachten! F\u00fcr alle!"}]},{"@type":"WebSite","@id":"https:\/\/www.dorstener-tafel.de\/#website","url":"https:\/\/www.dorstener-tafel.de\/","name":"Home | Tafel Dorsten","description":"","potentialAction":[{"@type":"SearchAction","target":{"@type":"EntryPoint","urlTemplate":"https:\/\/www.dorstener-tafel.de\/?s={search_term_string}"},"query-input":{"@type":"PropertyValueSpecification","valueRequired":true,"valueName":"search_term_string"}}],"inLanguage":"de"},{"@type":"Person","@id":"https:\/\/www.dorstener-tafel.de\/#\/schema\/person\/c9a6797db5c21dbeb0851056380dcb01","name":"jotw","image":{"@type":"ImageObject","inLanguage":"de","@id":"https:\/\/www.dorstener-tafel.de\/#\/schema\/person\/image\/","url":"https:\/\/secure.gravatar.com\/avatar\/225c6088c3bfecfbb42a2a0d5c9556b6?s=96&d=retro&r=g","contentUrl":"https:\/\/secure.gravatar.com\/avatar\/225c6088c3bfecfbb42a2a0d5c9556b6?s=96&d=retro&r=g","caption":"jotw"},"url":"https:\/\/www.dorstener-tafel.de\/?author=1"}]}},"_links":{"self":[{"href":"https:\/\/www.dorstener-tafel.de\/index.php?rest_route=\/wp\/v2\/posts\/1709","targetHints":{"allow":["GET"]}}],"collection":[{"href":"https:\/\/www.dorstener-tafel.de\/index.php?rest_route=\/wp\/v2\/posts"}],"about":[{"href":"https:\/\/www.dorstener-tafel.de\/index.php?rest_route=\/wp\/v2\/types\/post"}],"author":[{"embeddable":true,"href":"https:\/\/www.dorstener-tafel.de\/index.php?rest_route=\/wp\/v2\/users\/1"}],"replies":[{"embeddable":true,"href":"https:\/\/www.dorstener-tafel.de\/index.php?rest_route=%2Fwp%2Fv2%2Fcomments&post=1709"}],"version-history":[{"count":6,"href":"https:\/\/www.dorstener-tafel.de\/index.php?rest_route=\/wp\/v2\/posts\/1709\/revisions"}],"predecessor-version":[{"id":1715,"href":"https:\/\/www.dorstener-tafel.de\/index.php?rest_route=\/wp\/v2\/posts\/1709\/revisions\/1715"}],"wp:featuredmedia":[{"embeddable":true,"href":"https:\/\/www.dorstener-tafel.de\/index.php?rest_route=\/wp\/v2\/media\/565"}],"wp:attachment":[{"href":"https:\/\/www.dorstener-tafel.de\/index.php?rest_route=%2Fwp%2Fv2%2Fmedia&parent=1709"}],"wp:term":[{"taxonomy":"category","embeddable":true,"href":"https:\/\/www.dorstener-tafel.de\/index.php?rest_route=%2Fwp%2Fv2%2Fcategories&post=1709"},{"taxonomy":"post_tag","embeddable":true,"href":"https:\/\/www.dorstener-tafel.de\/index.php?rest_route=%2Fwp%2Fv2%2Ftags&post=1709"}],"curies":[{"name":"wp","href":"https:\/\/api.w.org\/{rel}","templated":true}]}}