{"id":1687,"date":"2018-12-06T17:37:51","date_gmt":"2018-12-06T16:37:51","guid":{"rendered":"http:\/\/www.dorstener-tafel.de\/?p=1687"},"modified":"2018-12-07T01:52:17","modified_gmt":"2018-12-07T00:52:17","slug":"rette-lebensmittel-teller-statt-tonne","status":"publish","type":"post","link":"https:\/\/www.dorstener-tafel.de\/?p=1687","title":{"rendered":"Rette Lebensmittel! Teller statt Tonne!"},"content":{"rendered":"<p><strong>Dorstener Foodsaver starten ihr Projekt<\/strong><\/p>\n<p>&#8222;Ich kann es nicht mit meinem Gewissen vereinbaren, dass gute Lebensmittel weggeschmissen werden.&#8220; Mit einer kleinen programmatischen, engagierten Ansprache und im Beisein der Kooperationspartner Dorstener Arbeit, Stadt Dorsten, Stiftsquelle und Dorstener Tafel startete heute Nicky Johannsen, Botschafterin der Dorstener Foodsaver, diese Nachhaltigkeitsinitiative (siehe auch <strong><a href=\"http:\/\/www.dorstener-tafel.de\/?p=1681\">hier<\/a><\/strong>).<\/p>\n<p>Die DORSTENER TAFEL, zur Unterst\u00fctzung von Bed\u00fcrftigen gegr\u00fcndet und in zweiter Linie angetreten, um Lebensmittel vor der Vernichtung zu retten, unterst\u00fctzt gerne diese Lebensmittelretter, die auch Waren, die bei der TAFEL nicht mehr an die Kund*innen abgegeben werden d\u00fcrfen, kostenlos f\u00fcr jedefrau&amp;jedermann anbieten.<\/p>\n<p>Kontakt: dorsten@lebensmittelretten.de<\/p>\n<figure id=\"attachment_1689\" aria-describedby=\"caption-attachment-1689\" style=\"width: 300px\" class=\"wp-caption aligncenter\"><a href=\"http:\/\/www.kvg-dorsten.de\/dorstener-tafel\/wordpress\/wp-content\/uploads\/2018\/12\/DSC02126.jpg\"><img loading=\"lazy\" decoding=\"async\" class=\"wp-image-1689 size-medium\" src=\"http:\/\/www.kvg-dorsten.de\/dorstener-tafel\/wordpress\/wp-content\/uploads\/2018\/12\/DSC02126-300x225.jpg\" alt=\"\" width=\"300\" height=\"225\" srcset=\"https:\/\/www.kvg-dorsten.de\/dorstener-tafel\/wordpress\/wp-content\/uploads\/2018\/12\/DSC02126-300x225.jpg 300w, https:\/\/www.kvg-dorsten.de\/dorstener-tafel\/wordpress\/wp-content\/uploads\/2018\/12\/DSC02126-768x576.jpg 768w, https:\/\/www.kvg-dorsten.de\/dorstener-tafel\/wordpress\/wp-content\/uploads\/2018\/12\/DSC02126-1024x768.jpg 1024w\" sizes=\"auto, (max-width: 300px) 100vw, 300px\" \/><\/a><figcaption id=\"caption-attachment-1689\" class=\"wp-caption-text\">Nicky Johannsen mit ihrem Vater Dieter bei der Vorstellung des Projekts<\/figcaption><\/figure>\n<p>&nbsp;<\/p>\n<figure id=\"attachment_1688\" aria-describedby=\"caption-attachment-1688\" style=\"width: 225px\" class=\"wp-caption aligncenter\"><img loading=\"lazy\" decoding=\"async\" class=\"wp-image-1688 size-medium\" src=\"http:\/\/www.kvg-dorsten.de\/dorstener-tafel\/wordpress\/wp-content\/uploads\/2018\/12\/DSC02124-e1544113394577-225x300.jpg\" alt=\"\" width=\"225\" height=\"300\" srcset=\"https:\/\/www.kvg-dorsten.de\/dorstener-tafel\/wordpress\/wp-content\/uploads\/2018\/12\/DSC02124-e1544113394577-225x300.jpg 225w, https:\/\/www.kvg-dorsten.de\/dorstener-tafel\/wordpress\/wp-content\/uploads\/2018\/12\/DSC02124-e1544113394577-768x1024.jpg 768w\" sizes=\"auto, (max-width: 225px) 100vw, 225px\" \/><figcaption id=\"caption-attachment-1688\" class=\"wp-caption-text\">Diesen kleinen Raum hat die Dorstener Arbeit den Foodsavern zur Verf\u00fcgung gestellt (am Holzplatz an der Rampe zwischen Moschee und Berufskolleg)<\/figcaption><\/figure>\n<p>&nbsp;<\/p>\n<figure id=\"attachment_1690\" aria-describedby=\"caption-attachment-1690\" style=\"width: 145px\" class=\"wp-caption aligncenter\"><a href=\"http:\/\/www.kvg-dorsten.de\/dorstener-tafel\/wordpress\/wp-content\/uploads\/2018\/12\/fair-teiler-flyer-vorderseite.jpg\"><img loading=\"lazy\" decoding=\"async\" class=\"wp-image-1690 size-medium\" src=\"http:\/\/www.kvg-dorsten.de\/dorstener-tafel\/wordpress\/wp-content\/uploads\/2018\/12\/fair-teiler-flyer-vorderseite-145x300.jpg\" alt=\"\" width=\"145\" height=\"300\" srcset=\"https:\/\/www.kvg-dorsten.de\/dorstener-tafel\/wordpress\/wp-content\/uploads\/2018\/12\/fair-teiler-flyer-vorderseite-145x300.jpg 145w, https:\/\/www.kvg-dorsten.de\/dorstener-tafel\/wordpress\/wp-content\/uploads\/2018\/12\/fair-teiler-flyer-vorderseite-495x1024.jpg 495w, https:\/\/www.kvg-dorsten.de\/dorstener-tafel\/wordpress\/wp-content\/uploads\/2018\/12\/fair-teiler-flyer-vorderseite.jpg 592w\" sizes=\"auto, (max-width: 145px) 100vw, 145px\" \/><\/a><figcaption id=\"caption-attachment-1690\" class=\"wp-caption-text\">Flyer der Dorstener Foodsaver<\/figcaption><\/figure>\n<p><a href=\"http:\/\/www.kvg-dorsten.de\/dorstener-tafel\/wordpress\/wp-content\/uploads\/2018\/12\/2018-12-07-Fair-Teiler-VLW-Medienhaus-Lensing_E-Paper-Ausgabe_RN-DN-Dorsten_Freitag-7-Dezember-2018.jpg\"><img loading=\"lazy\" decoding=\"async\" class=\"alignnone wp-image-1697 size-large\" src=\"http:\/\/www.kvg-dorsten.de\/dorstener-tafel\/wordpress\/wp-content\/uploads\/2018\/12\/2018-12-07-Fair-Teiler-VLW-Medienhaus-Lensing_E-Paper-Ausgabe_RN-DN-Dorsten_Freitag-7-Dezember-2018-439x1024.jpg\" alt=\"\" width=\"439\" height=\"1024\" srcset=\"https:\/\/www.kvg-dorsten.de\/dorstener-tafel\/wordpress\/wp-content\/uploads\/2018\/12\/2018-12-07-Fair-Teiler-VLW-Medienhaus-Lensing_E-Paper-Ausgabe_RN-DN-Dorsten_Freitag-7-Dezember-2018-439x1024.jpg 439w, https:\/\/www.kvg-dorsten.de\/dorstener-tafel\/wordpress\/wp-content\/uploads\/2018\/12\/2018-12-07-Fair-Teiler-VLW-Medienhaus-Lensing_E-Paper-Ausgabe_RN-DN-Dorsten_Freitag-7-Dezember-2018-129x300.jpg 129w, https:\/\/www.kvg-dorsten.de\/dorstener-tafel\/wordpress\/wp-content\/uploads\/2018\/12\/2018-12-07-Fair-Teiler-VLW-Medienhaus-Lensing_E-Paper-Ausgabe_RN-DN-Dorsten_Freitag-7-Dezember-2018-768x1791.jpg 768w, https:\/\/www.kvg-dorsten.de\/dorstener-tafel\/wordpress\/wp-content\/uploads\/2018\/12\/2018-12-07-Fair-Teiler-VLW-Medienhaus-Lensing_E-Paper-Ausgabe_RN-DN-Dorsten_Freitag-7-Dezember-2018.jpg 1240w\" sizes=\"auto, (max-width: 439px) 100vw, 439px\" \/><\/a><\/p>\n","protected":false},"excerpt":{"rendered":"<p>Dorstener Foodsaver starten ihr Projekt &#8222;Ich kann es nicht mit meinem Gewissen vereinbaren, dass gute Lebensmittel weggeschmissen werden.&#8220; Mit einer [&hellip;]<\/p>\n","protected":false},"author":1,"featured_media":1692,"comment_status":"open","ping_status":"closed","sticky":false,"template":"","format":"standard","meta":{"footnotes":""},"categories":[1,4],"tags":[],"class_list":["post-1687","post","type-post","status-publish","format-standard","has-post-thumbnail","hentry","category-allgemein","category-presse"],"yoast_head":"<!-- This site is optimized with the Yoast SEO plugin v26.8 - https:\/\/yoast.com\/product\/yoast-seo-wordpress\/ -->\n<title>Rette Lebensmittel! Teller statt Tonne! - Home | Tafel Dorsten<\/title>\n<meta name=\"robots\" content=\"index, follow, max-snippet:-1, max-image-preview:large, max-video-preview:-1\" \/>\n<link rel=\"canonical\" href=\"https:\/\/www.dorstener-tafel.de\/?p=1687\" \/>\n<meta property=\"og:locale\" content=\"de_DE\" \/>\n<meta property=\"og:type\" content=\"article\" \/>\n<meta property=\"og:title\" content=\"Rette Lebensmittel! Teller statt Tonne! - Home | Tafel Dorsten\" \/>\n<meta property=\"og:description\" content=\"Dorstener Foodsaver starten ihr Projekt &#8222;Ich kann es nicht mit meinem Gewissen vereinbaren, dass gute Lebensmittel weggeschmissen werden.&#8220; Mit einer [&hellip;]\" \/>\n<meta property=\"og:url\" content=\"https:\/\/www.dorstener-tafel.de\/?p=1687\" \/>\n<meta property=\"og:site_name\" content=\"Home | Tafel Dorsten\" \/>\n<meta property=\"article:publisher\" content=\"https:\/\/www.facebook.com\/Dorstener-Tafel-eV-710109832448127\/\" \/>\n<meta property=\"article:published_time\" content=\"2018-12-06T16:37:51+00:00\" \/>\n<meta property=\"article:modified_time\" content=\"2018-12-07T00:52:17+00:00\" \/>\n<meta property=\"og:image\" content=\"https:\/\/www.kvg-dorsten.de\/dorstener-tafel\/wordpress\/wp-content\/uploads\/2018\/12\/fair-teiler-flyer-ausschnitt.jpg\" \/>\n\t<meta property=\"og:image:width\" content=\"591\" \/>\n\t<meta property=\"og:image:height\" content=\"583\" \/>\n\t<meta property=\"og:image:type\" content=\"image\/jpeg\" \/>\n<meta name=\"author\" content=\"jotw\" \/>\n<meta name=\"twitter:card\" content=\"summary_large_image\" \/>\n<meta name=\"twitter:label1\" content=\"Verfasst von\" \/>\n\t<meta name=\"twitter:data1\" content=\"jotw\" \/>\n\t<meta name=\"twitter:label2\" content=\"Gesch\u00e4tzte Lesezeit\" \/>\n\t<meta name=\"twitter:data2\" content=\"1\u00a0Minute\" \/>\n<script type=\"application\/ld+json\" class=\"yoast-schema-graph\">{\"@context\":\"https:\/\/schema.org\",\"@graph\":[{\"@type\":\"Article\",\"@id\":\"https:\/\/www.dorstener-tafel.de\/?p=1687#article\",\"isPartOf\":{\"@id\":\"https:\/\/www.dorstener-tafel.de\/?p=1687\"},\"author\":{\"name\":\"jotw\",\"@id\":\"https:\/\/www.dorstener-tafel.de\/#\/schema\/person\/c9a6797db5c21dbeb0851056380dcb01\"},\"headline\":\"Rette Lebensmittel! Teller statt Tonne!\",\"datePublished\":\"2018-12-06T16:37:51+00:00\",\"dateModified\":\"2018-12-07T00:52:17+00:00\",\"mainEntityOfPage\":{\"@id\":\"https:\/\/www.dorstener-tafel.de\/?p=1687\"},\"wordCount\":171,\"commentCount\":0,\"image\":{\"@id\":\"https:\/\/www.dorstener-tafel.de\/?p=1687#primaryimage\"},\"thumbnailUrl\":\"https:\/\/www.kvg-dorsten.de\/dorstener-tafel\/wordpress\/wp-content\/uploads\/2018\/12\/fair-teiler-flyer-ausschnitt.jpg\",\"articleSection\":[\"Aktuelles\",\"Presse\"],\"inLanguage\":\"de\",\"potentialAction\":[{\"@type\":\"CommentAction\",\"name\":\"Comment\",\"target\":[\"https:\/\/www.dorstener-tafel.de\/?p=1687#respond\"]}]},{\"@type\":\"WebPage\",\"@id\":\"https:\/\/www.dorstener-tafel.de\/?p=1687\",\"url\":\"https:\/\/www.dorstener-tafel.de\/?p=1687\",\"name\":\"Rette Lebensmittel! Teller statt Tonne! - Home | Tafel Dorsten\",\"isPartOf\":{\"@id\":\"https:\/\/www.dorstener-tafel.de\/#website\"},\"primaryImageOfPage\":{\"@id\":\"https:\/\/www.dorstener-tafel.de\/?p=1687#primaryimage\"},\"image\":{\"@id\":\"https:\/\/www.dorstener-tafel.de\/?p=1687#primaryimage\"},\"thumbnailUrl\":\"https:\/\/www.kvg-dorsten.de\/dorstener-tafel\/wordpress\/wp-content\/uploads\/2018\/12\/fair-teiler-flyer-ausschnitt.jpg\",\"datePublished\":\"2018-12-06T16:37:51+00:00\",\"dateModified\":\"2018-12-07T00:52:17+00:00\",\"author\":{\"@id\":\"https:\/\/www.dorstener-tafel.de\/#\/schema\/person\/c9a6797db5c21dbeb0851056380dcb01\"},\"breadcrumb\":{\"@id\":\"https:\/\/www.dorstener-tafel.de\/?p=1687#breadcrumb\"},\"inLanguage\":\"de\",\"potentialAction\":[{\"@type\":\"ReadAction\",\"target\":[\"https:\/\/www.dorstener-tafel.de\/?p=1687\"]}]},{\"@type\":\"ImageObject\",\"inLanguage\":\"de\",\"@id\":\"https:\/\/www.dorstener-tafel.de\/?p=1687#primaryimage\",\"url\":\"https:\/\/www.kvg-dorsten.de\/dorstener-tafel\/wordpress\/wp-content\/uploads\/2018\/12\/fair-teiler-flyer-ausschnitt.jpg\",\"contentUrl\":\"https:\/\/www.kvg-dorsten.de\/dorstener-tafel\/wordpress\/wp-content\/uploads\/2018\/12\/fair-teiler-flyer-ausschnitt.jpg\",\"width\":591,\"height\":583},{\"@type\":\"BreadcrumbList\",\"@id\":\"https:\/\/www.dorstener-tafel.de\/?p=1687#breadcrumb\",\"itemListElement\":[{\"@type\":\"ListItem\",\"position\":1,\"name\":\"Home\",\"item\":\"https:\/\/www.dorstener-tafel.de\/\"},{\"@type\":\"ListItem\",\"position\":2,\"name\":\"Rette Lebensmittel! Teller statt Tonne!\"}]},{\"@type\":\"WebSite\",\"@id\":\"https:\/\/www.dorstener-tafel.de\/#website\",\"url\":\"https:\/\/www.dorstener-tafel.de\/\",\"name\":\"Home | Tafel Dorsten\",\"description\":\"\",\"potentialAction\":[{\"@type\":\"SearchAction\",\"target\":{\"@type\":\"EntryPoint\",\"urlTemplate\":\"https:\/\/www.dorstener-tafel.de\/?s={search_term_string}\"},\"query-input\":{\"@type\":\"PropertyValueSpecification\",\"valueRequired\":true,\"valueName\":\"search_term_string\"}}],\"inLanguage\":\"de\"},{\"@type\":\"Person\",\"@id\":\"https:\/\/www.dorstener-tafel.de\/#\/schema\/person\/c9a6797db5c21dbeb0851056380dcb01\",\"name\":\"jotw\",\"image\":{\"@type\":\"ImageObject\",\"inLanguage\":\"de\",\"@id\":\"https:\/\/www.dorstener-tafel.de\/#\/schema\/person\/image\/\",\"url\":\"https:\/\/secure.gravatar.com\/avatar\/225c6088c3bfecfbb42a2a0d5c9556b6?s=96&d=retro&r=g\",\"contentUrl\":\"https:\/\/secure.gravatar.com\/avatar\/225c6088c3bfecfbb42a2a0d5c9556b6?s=96&d=retro&r=g\",\"caption\":\"jotw\"},\"url\":\"https:\/\/www.dorstener-tafel.de\/?author=1\"}]}<\/script>\n<!-- \/ Yoast SEO plugin. -->","yoast_head_json":{"title":"Rette Lebensmittel! Teller statt Tonne! - Home | Tafel Dorsten","robots":{"index":"index","follow":"follow","max-snippet":"max-snippet:-1","max-image-preview":"max-image-preview:large","max-video-preview":"max-video-preview:-1"},"canonical":"https:\/\/www.dorstener-tafel.de\/?p=1687","og_locale":"de_DE","og_type":"article","og_title":"Rette Lebensmittel! Teller statt Tonne! - Home | Tafel Dorsten","og_description":"Dorstener Foodsaver starten ihr Projekt &#8222;Ich kann es nicht mit meinem Gewissen vereinbaren, dass gute Lebensmittel weggeschmissen werden.&#8220; Mit einer [&hellip;]","og_url":"https:\/\/www.dorstener-tafel.de\/?p=1687","og_site_name":"Home | Tafel Dorsten","article_publisher":"https:\/\/www.facebook.com\/Dorstener-Tafel-eV-710109832448127\/","article_published_time":"2018-12-06T16:37:51+00:00","article_modified_time":"2018-12-07T00:52:17+00:00","og_image":[{"width":591,"height":583,"url":"https:\/\/www.kvg-dorsten.de\/dorstener-tafel\/wordpress\/wp-content\/uploads\/2018\/12\/fair-teiler-flyer-ausschnitt.jpg","type":"image\/jpeg"}],"author":"jotw","twitter_card":"summary_large_image","twitter_misc":{"Verfasst von":"jotw","Gesch\u00e4tzte Lesezeit":"1\u00a0Minute"},"schema":{"@context":"https:\/\/schema.org","@graph":[{"@type":"Article","@id":"https:\/\/www.dorstener-tafel.de\/?p=1687#article","isPartOf":{"@id":"https:\/\/www.dorstener-tafel.de\/?p=1687"},"author":{"name":"jotw","@id":"https:\/\/www.dorstener-tafel.de\/#\/schema\/person\/c9a6797db5c21dbeb0851056380dcb01"},"headline":"Rette Lebensmittel! Teller statt Tonne!","datePublished":"2018-12-06T16:37:51+00:00","dateModified":"2018-12-07T00:52:17+00:00","mainEntityOfPage":{"@id":"https:\/\/www.dorstener-tafel.de\/?p=1687"},"wordCount":171,"commentCount":0,"image":{"@id":"https:\/\/www.dorstener-tafel.de\/?p=1687#primaryimage"},"thumbnailUrl":"https:\/\/www.kvg-dorsten.de\/dorstener-tafel\/wordpress\/wp-content\/uploads\/2018\/12\/fair-teiler-flyer-ausschnitt.jpg","articleSection":["Aktuelles","Presse"],"inLanguage":"de","potentialAction":[{"@type":"CommentAction","name":"Comment","target":["https:\/\/www.dorstener-tafel.de\/?p=1687#respond"]}]},{"@type":"WebPage","@id":"https:\/\/www.dorstener-tafel.de\/?p=1687","url":"https:\/\/www.dorstener-tafel.de\/?p=1687","name":"Rette Lebensmittel! Teller statt Tonne! - Home | Tafel Dorsten","isPartOf":{"@id":"https:\/\/www.dorstener-tafel.de\/#website"},"primaryImageOfPage":{"@id":"https:\/\/www.dorstener-tafel.de\/?p=1687#primaryimage"},"image":{"@id":"https:\/\/www.dorstener-tafel.de\/?p=1687#primaryimage"},"thumbnailUrl":"https:\/\/www.kvg-dorsten.de\/dorstener-tafel\/wordpress\/wp-content\/uploads\/2018\/12\/fair-teiler-flyer-ausschnitt.jpg","datePublished":"2018-12-06T16:37:51+00:00","dateModified":"2018-12-07T00:52:17+00:00","author":{"@id":"https:\/\/www.dorstener-tafel.de\/#\/schema\/person\/c9a6797db5c21dbeb0851056380dcb01"},"breadcrumb":{"@id":"https:\/\/www.dorstener-tafel.de\/?p=1687#breadcrumb"},"inLanguage":"de","potentialAction":[{"@type":"ReadAction","target":["https:\/\/www.dorstener-tafel.de\/?p=1687"]}]},{"@type":"ImageObject","inLanguage":"de","@id":"https:\/\/www.dorstener-tafel.de\/?p=1687#primaryimage","url":"https:\/\/www.kvg-dorsten.de\/dorstener-tafel\/wordpress\/wp-content\/uploads\/2018\/12\/fair-teiler-flyer-ausschnitt.jpg","contentUrl":"https:\/\/www.kvg-dorsten.de\/dorstener-tafel\/wordpress\/wp-content\/uploads\/2018\/12\/fair-teiler-flyer-ausschnitt.jpg","width":591,"height":583},{"@type":"BreadcrumbList","@id":"https:\/\/www.dorstener-tafel.de\/?p=1687#breadcrumb","itemListElement":[{"@type":"ListItem","position":1,"name":"Home","item":"https:\/\/www.dorstener-tafel.de\/"},{"@type":"ListItem","position":2,"name":"Rette Lebensmittel! Teller statt Tonne!"}]},{"@type":"WebSite","@id":"https:\/\/www.dorstener-tafel.de\/#website","url":"https:\/\/www.dorstener-tafel.de\/","name":"Home | Tafel Dorsten","description":"","potentialAction":[{"@type":"SearchAction","target":{"@type":"EntryPoint","urlTemplate":"https:\/\/www.dorstener-tafel.de\/?s={search_term_string}"},"query-input":{"@type":"PropertyValueSpecification","valueRequired":true,"valueName":"search_term_string"}}],"inLanguage":"de"},{"@type":"Person","@id":"https:\/\/www.dorstener-tafel.de\/#\/schema\/person\/c9a6797db5c21dbeb0851056380dcb01","name":"jotw","image":{"@type":"ImageObject","inLanguage":"de","@id":"https:\/\/www.dorstener-tafel.de\/#\/schema\/person\/image\/","url":"https:\/\/secure.gravatar.com\/avatar\/225c6088c3bfecfbb42a2a0d5c9556b6?s=96&d=retro&r=g","contentUrl":"https:\/\/secure.gravatar.com\/avatar\/225c6088c3bfecfbb42a2a0d5c9556b6?s=96&d=retro&r=g","caption":"jotw"},"url":"https:\/\/www.dorstener-tafel.de\/?author=1"}]}},"_links":{"self":[{"href":"https:\/\/www.dorstener-tafel.de\/index.php?rest_route=\/wp\/v2\/posts\/1687","targetHints":{"allow":["GET"]}}],"collection":[{"href":"https:\/\/www.dorstener-tafel.de\/index.php?rest_route=\/wp\/v2\/posts"}],"about":[{"href":"https:\/\/www.dorstener-tafel.de\/index.php?rest_route=\/wp\/v2\/types\/post"}],"author":[{"embeddable":true,"href":"https:\/\/www.dorstener-tafel.de\/index.php?rest_route=\/wp\/v2\/users\/1"}],"replies":[{"embeddable":true,"href":"https:\/\/www.dorstener-tafel.de\/index.php?rest_route=%2Fwp%2Fv2%2Fcomments&post=1687"}],"version-history":[{"count":5,"href":"https:\/\/www.dorstener-tafel.de\/index.php?rest_route=\/wp\/v2\/posts\/1687\/revisions"}],"predecessor-version":[{"id":1698,"href":"https:\/\/www.dorstener-tafel.de\/index.php?rest_route=\/wp\/v2\/posts\/1687\/revisions\/1698"}],"wp:featuredmedia":[{"embeddable":true,"href":"https:\/\/www.dorstener-tafel.de\/index.php?rest_route=\/wp\/v2\/media\/1692"}],"wp:attachment":[{"href":"https:\/\/www.dorstener-tafel.de\/index.php?rest_route=%2Fwp%2Fv2%2Fmedia&parent=1687"}],"wp:term":[{"taxonomy":"category","embeddable":true,"href":"https:\/\/www.dorstener-tafel.de\/index.php?rest_route=%2Fwp%2Fv2%2Fcategories&post=1687"},{"taxonomy":"post_tag","embeddable":true,"href":"https:\/\/www.dorstener-tafel.de\/index.php?rest_route=%2Fwp%2Fv2%2Ftags&post=1687"}],"curies":[{"name":"wp","href":"https:\/\/api.w.org\/{rel}","templated":true}]}}