{"id":1672,"date":"2018-11-23T15:10:42","date_gmt":"2018-11-23T14:10:42","guid":{"rendered":"http:\/\/www.dorstener-tafel.de\/?p=1672"},"modified":"2018-11-23T17:02:53","modified_gmt":"2018-11-23T16:02:53","slug":"startschuss-fuer-die-paeckchenaktion","status":"publish","type":"post","link":"https:\/\/www.dorstener-tafel.de\/?p=1672","title":{"rendered":"Startschuss f\u00fcr die P\u00e4ckchenaktion"},"content":{"rendered":"<h3><span style=\"color: #000000;\">Fr\u00f6hliche Weihnachten! F\u00fcr alle!<\/span><\/h3>\n<h4><span style=\"color: #000000;\">Unter diesem Motto gab B\u00fcrgermeister Tobias Stockhoff, Schirmherr der DORSTENER TAFEL, heute den Startschuss f\u00fcr die diesj\u00e4hrige Weihnachtsp\u00e4ckchenaktion der TAFEL.\u00a0<\/span><strong>Schon am 13. Dez. wird es eine ganz besondere Bescherung geben.<\/strong><\/h4>\n<p>Machen Sie bed\u00fcrftigen Familien, Mitb\u00fcrgerinnen und Mitb\u00fcrgern zu Weihnachten eine besondere Freude!\u00a0Packen Sie ein P\u00e4ckchen mit haltbaren Lebensmitteln, also mit allem, was nicht gek\u00fchlt werden muss, nicht rasch verderben kann!\u00a0Gut geeignet sind zum Beispiel: Konserven aller Art, Nudeln, Reis, Suppen, Dosenfleischprodukte, Tee, Kaffee, Konfit\u00fcren, N\u00fcsse, Pl\u00e4tzchen, S\u00e4fte, S\u00fc\u00dfigkeiten &#8230;<br \/>\nEbenso freuen sich die Menschen \u00fcber Drogerieartikel wie Shampoo, Seife, Duschgel, Deodorants, Cremes usw.<br \/>\nNat\u00fcrlich k\u00f6nnen Sie auch andere kleine Geschenke mit ins Paket legen, zum Beispiel Stofftiere und Spielzeug oder Tannenzweige und Strohsterne.<\/p>\n<p><strong>Verzichten Sie auf Alkohol, Tabak\u00adwaren und Medikamente und geben Sie keinen Absender an.<\/strong><\/p>\n<p><strong>Bitte lassen Sie das P\u00e4ckchen oben offen. <\/strong>Aus (lebensmittel-) rechtlichen Gr\u00fcnden sind wir verpflichtet, s\u00e4mtliche P\u00e4ckchen auf ihren Inhalt zu \u00fcberpr\u00fcfen. Zudem werden dann Lebensmittel (etwa f\u00fcr muslimische Familien) ausgetauscht. Mit Ihrem beigef\u00fcgten Weihnachtsschmuck werden wir die P\u00e4ckchen anschlie\u00dfend aber wieder h\u00fcbsch herrichten.<\/p>\n<p><strong>\u00a0<\/strong><strong>Denken Sie einfach daran:\u00a0<\/strong><strong>Zu Weihnachten soll es f\u00fcr uns alle doch etwas Besonderes sein!<\/strong><\/p>\n<p><strong>\u00a0<\/strong><strong>Sprechen Sie doch auch mal Ihre Mitarbeiterinnen &amp; Mitarbeiter, Ihre Kolleginnen &amp; Kollegen an:<br \/>\n<\/strong>Eine P\u00e4ckchen-Aktion im Betrieb, in der Abteilung \u2026 bereitet vielleicht mehr Freude als Schrottwichteln \u2013 und Sie helfen damit Mitmenschen, denen es weniger gut geht \u2026<\/p>\n<p><strong>Wir danken f\u00fcr Ihre Spendenbereitschaft und w\u00fcnschen Ihnen ein frohes Weihnachtsfest!<br \/>\n<\/strong><\/p>\n<p><strong>Mitarbeiterinnen &amp; Mitarbeiter der DORSTENER TAFEL<\/strong><\/p>\n<p>&nbsp;<\/p>\n<p><strong>Abgeben k\u00f6nnen Sie Ihre P\u00e4ckchen vom 26. November bis zum 10. Dezember 2018 an folgenden Annahmestellen:<br \/>\n<\/strong><\/p>\n<p><strong>Innenstadt:<\/strong>\u00a0stadtinfo Dorsten, Recklingh\u00e4user Str. 20<br \/>\nMo \u2013 Fr 9:00 Uhr \u2013 18:00 Uhr, Sa 9:30 Uhr \u2013 14:00 Uhr<\/p>\n<p><strong>Rhade:<\/strong>\u00a0Pfarrb\u00fcro St. Urbanus, Urbanusring 19<br \/>\nMo, Mi und Do 9:00 Uhr \u2013 11:30 Uhr, Fr 15:00 Uhr \u2013 17:00 Uhr<\/p>\n<p><strong>Rhade:<\/strong>\u00a0Familienzentrum St. Urbanus, Fr\u00f6belweg 4<br \/>\nMo bis Do 9:00 Uhr \u2013 16:00 Uhr, Fr 9:00 Uhr \u2013 15:00 Uhr<\/p>\n<p><strong>Lembeck:<\/strong>\u00a0Pfarrb\u00fcro St. Laurentius, Am Pastorat 3<br \/>\nMo, Mi und Fr 8:00 Uhr \u2013 11:30 Uhr, Di und Mi 15:00 Uhr \u2013 17:00 Uhr<\/p>\n<p><strong>Holsterhausen:<\/strong>\u00a0Pfarrb\u00fcro St. Bonifatius, Annettestr. 11<br \/>\nMo, Mi und Fr 9:00 Uhr \u2013 11:30 Uhr, Do 15:00 Uhr \u2013 17:30 Uhr<\/p>\n<p><strong>Hervest:<\/strong>\u00a0Gemeindeb\u00fcro Paul-Gerhardt-Haus, An der Landwehr 63,<br \/>\nMo &#8211; Fr 9:00 Uhr \u2013 11:00 Uhr, Di und Do 15:00 Uhr \u2013 17:00 Uhr<\/p>\n<p><strong>Wulfen:<\/strong>\u00a0Dorstener Tafel, Dimker Allee 20 (Handwerkshof)<br \/>\nDi und Fr 14:00 Uhr \u2013 17:00 Uhr<\/p>\n<p><strong>Altstadt:<\/strong>\u00a0Pfarrb\u00fcro St. Agatha, An der Vehme 3<br \/>\nHardt: Mo &#8211; Fr 10:00 Uhr \u2013 12:00 Uhr, Mo 15:00 Uhr \u2013 16:30 Uhr, Do 16:00 Uhr \u2013 18:00 Uhr<\/p>\n<p><strong>Altendorf-Ulfkotte:<\/strong>\u00a0Kardinal-von-Galen-Grundschule, Im P\u00e4sken 14,\u00a0Schulsekretariat<br \/>\nDi 8:00 Uhr \u2013 12:00 Uhr, Mi 8:00 Uhr \u2013 10:00 Uhr<\/p>\n<h6>Foto: \u00a9 Martina Jansen \/ Lokallust 2018. Herzlichen Dank!<br \/>\n<strong>Elisabeth Krieger, Johannes Wulf, B\u00fcrgermeister Tobias Stockhoff, Anna Miller, Dieter Seidel und David Asmus (v.l.)<\/strong><\/h6>\n","protected":false},"excerpt":{"rendered":"<p>Fr\u00f6hliche Weihnachten! F\u00fcr alle! Unter diesem Motto gab B\u00fcrgermeister Tobias Stockhoff, Schirmherr der DORSTENER TAFEL, heute den Startschuss f\u00fcr die [&hellip;]<\/p>\n","protected":false},"author":1,"featured_media":1674,"comment_status":"open","ping_status":"closed","sticky":false,"template":"","format":"standard","meta":{"footnotes":""},"categories":[1],"tags":[],"class_list":["post-1672","post","type-post","status-publish","format-standard","has-post-thumbnail","hentry","category-allgemein"],"yoast_head":"<!-- This site is optimized with the Yoast SEO plugin v26.8 - https:\/\/yoast.com\/product\/yoast-seo-wordpress\/ -->\n<title>Startschuss f\u00fcr die P\u00e4ckchenaktion - Home | Tafel Dorsten<\/title>\n<meta name=\"robots\" content=\"index, follow, max-snippet:-1, max-image-preview:large, max-video-preview:-1\" \/>\n<link rel=\"canonical\" href=\"https:\/\/www.dorstener-tafel.de\/?p=1672\" \/>\n<meta property=\"og:locale\" content=\"de_DE\" \/>\n<meta property=\"og:type\" content=\"article\" \/>\n<meta property=\"og:title\" content=\"Startschuss f\u00fcr die P\u00e4ckchenaktion - Home | Tafel Dorsten\" \/>\n<meta property=\"og:description\" content=\"Fr\u00f6hliche Weihnachten! F\u00fcr alle! Unter diesem Motto gab B\u00fcrgermeister Tobias Stockhoff, Schirmherr der DORSTENER TAFEL, heute den Startschuss f\u00fcr die [&hellip;]\" \/>\n<meta property=\"og:url\" content=\"https:\/\/www.dorstener-tafel.de\/?p=1672\" \/>\n<meta property=\"og:site_name\" content=\"Home | Tafel Dorsten\" \/>\n<meta property=\"article:publisher\" content=\"https:\/\/www.facebook.com\/Dorstener-Tafel-eV-710109832448127\/\" \/>\n<meta property=\"article:published_time\" content=\"2018-11-23T14:10:42+00:00\" \/>\n<meta property=\"article:modified_time\" content=\"2018-11-23T16:02:53+00:00\" \/>\n<meta property=\"og:image\" content=\"https:\/\/www.kvg-dorsten.de\/dorstener-tafel\/wordpress\/wp-content\/uploads\/2018\/11\/2018-11-23-Lokallust-Tafel_web.jpg\" \/>\n\t<meta property=\"og:image:width\" content=\"1024\" \/>\n\t<meta property=\"og:image:height\" content=\"628\" \/>\n\t<meta property=\"og:image:type\" content=\"image\/jpeg\" \/>\n<meta name=\"author\" content=\"jotw\" \/>\n<meta name=\"twitter:card\" content=\"summary_large_image\" \/>\n<meta name=\"twitter:label1\" content=\"Verfasst von\" \/>\n\t<meta name=\"twitter:data1\" content=\"jotw\" \/>\n\t<meta name=\"twitter:label2\" content=\"Gesch\u00e4tzte Lesezeit\" \/>\n\t<meta name=\"twitter:data2\" content=\"2\u00a0Minuten\" \/>\n<script type=\"application\/ld+json\" class=\"yoast-schema-graph\">{\"@context\":\"https:\/\/schema.org\",\"@graph\":[{\"@type\":\"Article\",\"@id\":\"https:\/\/www.dorstener-tafel.de\/?p=1672#article\",\"isPartOf\":{\"@id\":\"https:\/\/www.dorstener-tafel.de\/?p=1672\"},\"author\":{\"name\":\"jotw\",\"@id\":\"https:\/\/www.dorstener-tafel.de\/#\/schema\/person\/c9a6797db5c21dbeb0851056380dcb01\"},\"headline\":\"Startschuss f\u00fcr die P\u00e4ckchenaktion\",\"datePublished\":\"2018-11-23T14:10:42+00:00\",\"dateModified\":\"2018-11-23T16:02:53+00:00\",\"mainEntityOfPage\":{\"@id\":\"https:\/\/www.dorstener-tafel.de\/?p=1672\"},\"wordCount\":456,\"commentCount\":0,\"image\":{\"@id\":\"https:\/\/www.dorstener-tafel.de\/?p=1672#primaryimage\"},\"thumbnailUrl\":\"https:\/\/www.kvg-dorsten.de\/dorstener-tafel\/wordpress\/wp-content\/uploads\/2018\/11\/2018-11-23-Lokallust-Tafel_web.jpg\",\"articleSection\":[\"Aktuelles\"],\"inLanguage\":\"de\",\"potentialAction\":[{\"@type\":\"CommentAction\",\"name\":\"Comment\",\"target\":[\"https:\/\/www.dorstener-tafel.de\/?p=1672#respond\"]}]},{\"@type\":\"WebPage\",\"@id\":\"https:\/\/www.dorstener-tafel.de\/?p=1672\",\"url\":\"https:\/\/www.dorstener-tafel.de\/?p=1672\",\"name\":\"Startschuss f\u00fcr die P\u00e4ckchenaktion - Home | Tafel Dorsten\",\"isPartOf\":{\"@id\":\"https:\/\/www.dorstener-tafel.de\/#website\"},\"primaryImageOfPage\":{\"@id\":\"https:\/\/www.dorstener-tafel.de\/?p=1672#primaryimage\"},\"image\":{\"@id\":\"https:\/\/www.dorstener-tafel.de\/?p=1672#primaryimage\"},\"thumbnailUrl\":\"https:\/\/www.kvg-dorsten.de\/dorstener-tafel\/wordpress\/wp-content\/uploads\/2018\/11\/2018-11-23-Lokallust-Tafel_web.jpg\",\"datePublished\":\"2018-11-23T14:10:42+00:00\",\"dateModified\":\"2018-11-23T16:02:53+00:00\",\"author\":{\"@id\":\"https:\/\/www.dorstener-tafel.de\/#\/schema\/person\/c9a6797db5c21dbeb0851056380dcb01\"},\"breadcrumb\":{\"@id\":\"https:\/\/www.dorstener-tafel.de\/?p=1672#breadcrumb\"},\"inLanguage\":\"de\",\"potentialAction\":[{\"@type\":\"ReadAction\",\"target\":[\"https:\/\/www.dorstener-tafel.de\/?p=1672\"]}]},{\"@type\":\"ImageObject\",\"inLanguage\":\"de\",\"@id\":\"https:\/\/www.dorstener-tafel.de\/?p=1672#primaryimage\",\"url\":\"https:\/\/www.kvg-dorsten.de\/dorstener-tafel\/wordpress\/wp-content\/uploads\/2018\/11\/2018-11-23-Lokallust-Tafel_web.jpg\",\"contentUrl\":\"https:\/\/www.kvg-dorsten.de\/dorstener-tafel\/wordpress\/wp-content\/uploads\/2018\/11\/2018-11-23-Lokallust-Tafel_web.jpg\",\"width\":1024,\"height\":628},{\"@type\":\"BreadcrumbList\",\"@id\":\"https:\/\/www.dorstener-tafel.de\/?p=1672#breadcrumb\",\"itemListElement\":[{\"@type\":\"ListItem\",\"position\":1,\"name\":\"Home\",\"item\":\"https:\/\/www.dorstener-tafel.de\/\"},{\"@type\":\"ListItem\",\"position\":2,\"name\":\"Startschuss f\u00fcr die P\u00e4ckchenaktion\"}]},{\"@type\":\"WebSite\",\"@id\":\"https:\/\/www.dorstener-tafel.de\/#website\",\"url\":\"https:\/\/www.dorstener-tafel.de\/\",\"name\":\"Home | Tafel Dorsten\",\"description\":\"\",\"potentialAction\":[{\"@type\":\"SearchAction\",\"target\":{\"@type\":\"EntryPoint\",\"urlTemplate\":\"https:\/\/www.dorstener-tafel.de\/?s={search_term_string}\"},\"query-input\":{\"@type\":\"PropertyValueSpecification\",\"valueRequired\":true,\"valueName\":\"search_term_string\"}}],\"inLanguage\":\"de\"},{\"@type\":\"Person\",\"@id\":\"https:\/\/www.dorstener-tafel.de\/#\/schema\/person\/c9a6797db5c21dbeb0851056380dcb01\",\"name\":\"jotw\",\"image\":{\"@type\":\"ImageObject\",\"inLanguage\":\"de\",\"@id\":\"https:\/\/www.dorstener-tafel.de\/#\/schema\/person\/image\/\",\"url\":\"https:\/\/secure.gravatar.com\/avatar\/225c6088c3bfecfbb42a2a0d5c9556b6?s=96&d=retro&r=g\",\"contentUrl\":\"https:\/\/secure.gravatar.com\/avatar\/225c6088c3bfecfbb42a2a0d5c9556b6?s=96&d=retro&r=g\",\"caption\":\"jotw\"},\"url\":\"https:\/\/www.dorstener-tafel.de\/?author=1\"}]}<\/script>\n<!-- \/ Yoast SEO plugin. -->","yoast_head_json":{"title":"Startschuss f\u00fcr die P\u00e4ckchenaktion - Home | Tafel Dorsten","robots":{"index":"index","follow":"follow","max-snippet":"max-snippet:-1","max-image-preview":"max-image-preview:large","max-video-preview":"max-video-preview:-1"},"canonical":"https:\/\/www.dorstener-tafel.de\/?p=1672","og_locale":"de_DE","og_type":"article","og_title":"Startschuss f\u00fcr die P\u00e4ckchenaktion - Home | Tafel Dorsten","og_description":"Fr\u00f6hliche Weihnachten! F\u00fcr alle! Unter diesem Motto gab B\u00fcrgermeister Tobias Stockhoff, Schirmherr der DORSTENER TAFEL, heute den Startschuss f\u00fcr die [&hellip;]","og_url":"https:\/\/www.dorstener-tafel.de\/?p=1672","og_site_name":"Home | Tafel Dorsten","article_publisher":"https:\/\/www.facebook.com\/Dorstener-Tafel-eV-710109832448127\/","article_published_time":"2018-11-23T14:10:42+00:00","article_modified_time":"2018-11-23T16:02:53+00:00","og_image":[{"width":1024,"height":628,"url":"https:\/\/www.kvg-dorsten.de\/dorstener-tafel\/wordpress\/wp-content\/uploads\/2018\/11\/2018-11-23-Lokallust-Tafel_web.jpg","type":"image\/jpeg"}],"author":"jotw","twitter_card":"summary_large_image","twitter_misc":{"Verfasst von":"jotw","Gesch\u00e4tzte Lesezeit":"2\u00a0Minuten"},"schema":{"@context":"https:\/\/schema.org","@graph":[{"@type":"Article","@id":"https:\/\/www.dorstener-tafel.de\/?p=1672#article","isPartOf":{"@id":"https:\/\/www.dorstener-tafel.de\/?p=1672"},"author":{"name":"jotw","@id":"https:\/\/www.dorstener-tafel.de\/#\/schema\/person\/c9a6797db5c21dbeb0851056380dcb01"},"headline":"Startschuss f\u00fcr die P\u00e4ckchenaktion","datePublished":"2018-11-23T14:10:42+00:00","dateModified":"2018-11-23T16:02:53+00:00","mainEntityOfPage":{"@id":"https:\/\/www.dorstener-tafel.de\/?p=1672"},"wordCount":456,"commentCount":0,"image":{"@id":"https:\/\/www.dorstener-tafel.de\/?p=1672#primaryimage"},"thumbnailUrl":"https:\/\/www.kvg-dorsten.de\/dorstener-tafel\/wordpress\/wp-content\/uploads\/2018\/11\/2018-11-23-Lokallust-Tafel_web.jpg","articleSection":["Aktuelles"],"inLanguage":"de","potentialAction":[{"@type":"CommentAction","name":"Comment","target":["https:\/\/www.dorstener-tafel.de\/?p=1672#respond"]}]},{"@type":"WebPage","@id":"https:\/\/www.dorstener-tafel.de\/?p=1672","url":"https:\/\/www.dorstener-tafel.de\/?p=1672","name":"Startschuss f\u00fcr die P\u00e4ckchenaktion - Home | Tafel Dorsten","isPartOf":{"@id":"https:\/\/www.dorstener-tafel.de\/#website"},"primaryImageOfPage":{"@id":"https:\/\/www.dorstener-tafel.de\/?p=1672#primaryimage"},"image":{"@id":"https:\/\/www.dorstener-tafel.de\/?p=1672#primaryimage"},"thumbnailUrl":"https:\/\/www.kvg-dorsten.de\/dorstener-tafel\/wordpress\/wp-content\/uploads\/2018\/11\/2018-11-23-Lokallust-Tafel_web.jpg","datePublished":"2018-11-23T14:10:42+00:00","dateModified":"2018-11-23T16:02:53+00:00","author":{"@id":"https:\/\/www.dorstener-tafel.de\/#\/schema\/person\/c9a6797db5c21dbeb0851056380dcb01"},"breadcrumb":{"@id":"https:\/\/www.dorstener-tafel.de\/?p=1672#breadcrumb"},"inLanguage":"de","potentialAction":[{"@type":"ReadAction","target":["https:\/\/www.dorstener-tafel.de\/?p=1672"]}]},{"@type":"ImageObject","inLanguage":"de","@id":"https:\/\/www.dorstener-tafel.de\/?p=1672#primaryimage","url":"https:\/\/www.kvg-dorsten.de\/dorstener-tafel\/wordpress\/wp-content\/uploads\/2018\/11\/2018-11-23-Lokallust-Tafel_web.jpg","contentUrl":"https:\/\/www.kvg-dorsten.de\/dorstener-tafel\/wordpress\/wp-content\/uploads\/2018\/11\/2018-11-23-Lokallust-Tafel_web.jpg","width":1024,"height":628},{"@type":"BreadcrumbList","@id":"https:\/\/www.dorstener-tafel.de\/?p=1672#breadcrumb","itemListElement":[{"@type":"ListItem","position":1,"name":"Home","item":"https:\/\/www.dorstener-tafel.de\/"},{"@type":"ListItem","position":2,"name":"Startschuss f\u00fcr die P\u00e4ckchenaktion"}]},{"@type":"WebSite","@id":"https:\/\/www.dorstener-tafel.de\/#website","url":"https:\/\/www.dorstener-tafel.de\/","name":"Home | Tafel Dorsten","description":"","potentialAction":[{"@type":"SearchAction","target":{"@type":"EntryPoint","urlTemplate":"https:\/\/www.dorstener-tafel.de\/?s={search_term_string}"},"query-input":{"@type":"PropertyValueSpecification","valueRequired":true,"valueName":"search_term_string"}}],"inLanguage":"de"},{"@type":"Person","@id":"https:\/\/www.dorstener-tafel.de\/#\/schema\/person\/c9a6797db5c21dbeb0851056380dcb01","name":"jotw","image":{"@type":"ImageObject","inLanguage":"de","@id":"https:\/\/www.dorstener-tafel.de\/#\/schema\/person\/image\/","url":"https:\/\/secure.gravatar.com\/avatar\/225c6088c3bfecfbb42a2a0d5c9556b6?s=96&d=retro&r=g","contentUrl":"https:\/\/secure.gravatar.com\/avatar\/225c6088c3bfecfbb42a2a0d5c9556b6?s=96&d=retro&r=g","caption":"jotw"},"url":"https:\/\/www.dorstener-tafel.de\/?author=1"}]}},"_links":{"self":[{"href":"https:\/\/www.dorstener-tafel.de\/index.php?rest_route=\/wp\/v2\/posts\/1672","targetHints":{"allow":["GET"]}}],"collection":[{"href":"https:\/\/www.dorstener-tafel.de\/index.php?rest_route=\/wp\/v2\/posts"}],"about":[{"href":"https:\/\/www.dorstener-tafel.de\/index.php?rest_route=\/wp\/v2\/types\/post"}],"author":[{"embeddable":true,"href":"https:\/\/www.dorstener-tafel.de\/index.php?rest_route=\/wp\/v2\/users\/1"}],"replies":[{"embeddable":true,"href":"https:\/\/www.dorstener-tafel.de\/index.php?rest_route=%2Fwp%2Fv2%2Fcomments&post=1672"}],"version-history":[{"count":6,"href":"https:\/\/www.dorstener-tafel.de\/index.php?rest_route=\/wp\/v2\/posts\/1672\/revisions"}],"predecessor-version":[{"id":1679,"href":"https:\/\/www.dorstener-tafel.de\/index.php?rest_route=\/wp\/v2\/posts\/1672\/revisions\/1679"}],"wp:featuredmedia":[{"embeddable":true,"href":"https:\/\/www.dorstener-tafel.de\/index.php?rest_route=\/wp\/v2\/media\/1674"}],"wp:attachment":[{"href":"https:\/\/www.dorstener-tafel.de\/index.php?rest_route=%2Fwp%2Fv2%2Fmedia&parent=1672"}],"wp:term":[{"taxonomy":"category","embeddable":true,"href":"https:\/\/www.dorstener-tafel.de\/index.php?rest_route=%2Fwp%2Fv2%2Fcategories&post=1672"},{"taxonomy":"post_tag","embeddable":true,"href":"https:\/\/www.dorstener-tafel.de\/index.php?rest_route=%2Fwp%2Fv2%2Ftags&post=1672"}],"curies":[{"name":"wp","href":"https:\/\/api.w.org\/{rel}","templated":true}]}}