{"id":1666,"date":"2018-11-14T11:04:36","date_gmt":"2018-11-14T10:04:36","guid":{"rendered":"http:\/\/www.dorstener-tafel.de\/?p=1666"},"modified":"2018-11-14T11:04:36","modified_gmt":"2018-11-14T10:04:36","slug":"umgekehrter-adventskalender","status":"publish","type":"post","link":"https:\/\/www.dorstener-tafel.de\/?p=1666","title":{"rendered":"Umgekehrter Adventskalender"},"content":{"rendered":"<blockquote class=\"wp-embedded-content\" data-secret=\"37zcnNcHFq\"><p><a href=\"https:\/\/www.streetlife.wien\/2018\/11\/05\/umgekehrter_adventkalender\/\">Der \u201eumgekehrte\u201c Adventkalender<\/a><\/p><\/blockquote>\n<p><iframe loading=\"lazy\" class=\"wp-embedded-content\" sandbox=\"allow-scripts\" security=\"restricted\" style=\"position: absolute; clip: rect(1px, 1px, 1px, 1px);\" src=\"https:\/\/www.streetlife.wien\/2018\/11\/05\/umgekehrter_adventkalender\/embed\/#?secret=37zcnNcHFq\" data-secret=\"37zcnNcHFq\" width=\"600\" height=\"338\" title=\"&#8222;Der \u201eumgekehrte\u201c Adventkalender&#8220; &#8212; Streetlife Wien\" frameborder=\"0\" marginwidth=\"0\" marginheight=\"0\" scrolling=\"no\"><\/iframe><\/p>\n<p>Adventskalender: Jeden Tag ein T\u00fcrchen auf und etwas Gutes herausnehmen, kennen jede &amp; jeder und ist zu Recht etwas Sch\u00f6nes (nicht nur) f\u00fcr Kinder.<br \/>\nAber: Jeden Tag ein &#8218;T\u00fcrchen&#8216; auf und etwas hineintun, was gut ist f\u00fcr andere, f\u00fcr Bed\u00fcrftige, kommt der Bedeutung von Advent &amp; Weihnachten deutlich n\u00e4her.<\/p>\n<p>Eine tolle Idee!<\/p>\n<p>Eine Dorstenerin schreib mir vorhin, dass sie diese Idee zu einer guten Tat gerne umsetzen will, evtl. auch mit Menschen aus ihrem Umfeld. Sie wusste auch schon um die Bedingungen: Lebensmittelspenden von Privatpersonen m\u00fcssen aus (lebensmittel-) rechtlichen Gr\u00fcnden lange ohne K\u00fchlung haltbar und verschlossen sein und d\u00fcrfen nicht selbst hergestellt worden sein (z.B. Eingemachtes).<br \/>\nNeben dem Dorstener Laden, der eige<span class=\"text_exposed_show\">ntlichen Lebensmittel-Tafel, betreiben wir auch den \u201aKinderladen Kunterbunt\u2018. Hier freuen wir uns \u00fcber gespendete gut erhaltene Kinderbekleidung in den Gr\u00f6\u00dfen von 50 &#8211; 176 sowie Spielzeug, Kinderwagen, Kinderr\u00e4der, Fahrrad- und Autositze, Tornister, B\u00fccher usw.<\/span><\/p>\n<div class=\"text_exposed_show\">\n<p>Sie haben also eine recht gro\u00dfe Auswahl f\u00fcr die \u201aT\u00fcrchen\u2018 des umgekehrten Adventskalenders. Nur eine Idee noch: Animieren Sie doch Menschen aus Ihrem Umfeld, bei dieser guten Tat mitzuziehen.<\/p>\n<p>Infos:\u00a0<a href=\"http:\/\/www.dorstener-tafel.de\/?fbclid=IwAR0rTzb2WVwv9Vndv8lyqWzbL5cKiqUGdCPMWDtAdggmnLo6cVWhpS1NfbI\" target=\"_blank\" rel=\"noopener nofollow\" data-ft=\"{&quot;tn&quot;:&quot;-U&quot;}\" data-lynx-mode=\"async\" data-lynx-uri=\"https:\/\/l.facebook.com\/l.php?u=http%3A%2F%2Fwww.Dorstener-Tafel.de%2F%3Ffbclid%3DIwAR0rTzb2WVwv9Vndv8lyqWzbL5cKiqUGdCPMWDtAdggmnLo6cVWhpS1NfbI&amp;h=AT3TZ6JJPuUx-jxuYbmV5UwypyZx-RRXpUduEOOfc-XBf6m3NcWbbqMXRy83ddkkRN_6RAVz-FZ_BDczr6hS5qlB4NmUHUDYduyArC_TcpWt45pniRNXO3zxrS3Y5WuSgEqqTXsozmZ0rzjlMTcyAqupFyHcwRrNHhHQF7M9mCsYOQ75hYwutmM9KsXRy4bXUFUIunqgxBRBQyB8kSndVFj6ju03pUVfcO9ecb6QTxoqzInpaFD05kIHZn1XcBKI08iwjdj3p_Vr8GR3Ch8h1HhXBscIs5lljc4YOCXL8P4_oUC2A0r72jAXAbvgX42udwq0sBHj1FmMloAKyHfS7VLmCCwNoiYv2vlizZcp0OkUfnsKcPr_jz9wKC4kVY9XF5nlMK7t2LEQopfpVANZeGXeNosgVCdf5GvA1ZBt8ZNOBwh13_N8OPl6cti4Ivc6Kd0UDpQOBVUGjM5NowV-rFQk--EhUvJ-q3mw8IinAuUDAkPGyTmuoaXXGpb4cJRRKqaaBRV066wn4DWrMSeCWkWNEX6DdkFOil4dzXrFgn7mEAdu0N70CtWjzZ9uEPZgYyqGT3nYKcYAv6O1dYgOGD4bh-ZKJzKWeRrQVS-YJKCptIxOEhdO8EW3qAueq8cPfK7LdEDealnJutN17a6GTmYT6Fpn_OM5ZV2odx4FUG-7qkbpLKbvaTrSNwDg_HwPpBqC5iWo5wTsBvMiP9kHT_LVHboyNvtKrPG2oAm9aFQG-v9opMUpsVecRyBUz0eAHJUPLqxnGiPJ_kysHCTUlc6Hy3544O2xjEK2LqUJQFmqEEgbsWeMt-52_SFbQzIVd0BhzqFwr_EKBpdjybybTmTTw5pBcqoHO5W9g8pA\">www.Dorstener-Tafel.de<\/a><br \/>\nKontakt: post@dorstener-tafel.de<\/p>\n<p><strong>PS:<br \/>\nAuch wenn wir hier auf der Homepage der DORSTENER TAFEL sind und wir f\u00fcr jegliche Unterst\u00fctzung dankbar sind: auch andere karikative Einrichtungen freuen sich \u00fcber Sachspenden!<\/strong><br \/>\n<strong>Denn:\u00a0&#8222;Es gibt nichts Gutes, au\u00dfer man tut es&#8220; (Erich K\u00e4stner)<\/strong><\/p>\n<\/div>\n","protected":false},"excerpt":{"rendered":"<p>Der \u201eumgekehrte\u201c Adventkalender Adventskalender: Jeden Tag ein T\u00fcrchen auf und etwas Gutes herausnehmen, kennen jede &amp; jeder und ist zu [&hellip;]<\/p>\n","protected":false},"author":1,"featured_media":1667,"comment_status":"open","ping_status":"closed","sticky":false,"template":"","format":"standard","meta":{"footnotes":""},"categories":[1],"tags":[],"class_list":["post-1666","post","type-post","status-publish","format-standard","has-post-thumbnail","hentry","category-allgemein"],"yoast_head":"<!-- This site is optimized with the Yoast SEO plugin v26.8 - https:\/\/yoast.com\/product\/yoast-seo-wordpress\/ -->\n<title>Umgekehrter Adventskalender - Home | Tafel Dorsten<\/title>\n<meta name=\"robots\" content=\"index, follow, max-snippet:-1, max-image-preview:large, max-video-preview:-1\" \/>\n<link rel=\"canonical\" href=\"https:\/\/www.dorstener-tafel.de\/?p=1666\" \/>\n<meta property=\"og:locale\" content=\"de_DE\" \/>\n<meta property=\"og:type\" content=\"article\" \/>\n<meta property=\"og:title\" content=\"Umgekehrter Adventskalender - Home | Tafel Dorsten\" \/>\n<meta property=\"og:description\" content=\"Der \u201eumgekehrte\u201c Adventkalender Adventskalender: Jeden Tag ein T\u00fcrchen auf und etwas Gutes herausnehmen, kennen jede &amp; jeder und ist zu [&hellip;]\" \/>\n<meta property=\"og:url\" content=\"https:\/\/www.dorstener-tafel.de\/?p=1666\" \/>\n<meta property=\"og:site_name\" content=\"Home | Tafel Dorsten\" \/>\n<meta property=\"article:publisher\" content=\"https:\/\/www.facebook.com\/Dorstener-Tafel-eV-710109832448127\/\" \/>\n<meta property=\"article:published_time\" content=\"2018-11-14T10:04:36+00:00\" \/>\n<meta property=\"og:image\" content=\"https:\/\/www.kvg-dorsten.de\/dorstener-tafel\/wordpress\/wp-content\/uploads\/2018\/11\/umgekehrter-adventskalender.jpg\" \/>\n\t<meta property=\"og:image:width\" content=\"1024\" \/>\n\t<meta property=\"og:image:height\" content=\"798\" \/>\n\t<meta property=\"og:image:type\" content=\"image\/jpeg\" \/>\n<meta name=\"author\" content=\"jotw\" \/>\n<meta name=\"twitter:card\" content=\"summary_large_image\" \/>\n<meta name=\"twitter:label1\" content=\"Verfasst von\" \/>\n\t<meta name=\"twitter:data1\" content=\"jotw\" \/>\n\t<meta name=\"twitter:label2\" content=\"Gesch\u00e4tzte Lesezeit\" \/>\n\t<meta name=\"twitter:data2\" content=\"1\u00a0Minute\" \/>\n<script type=\"application\/ld+json\" class=\"yoast-schema-graph\">{\"@context\":\"https:\/\/schema.org\",\"@graph\":[{\"@type\":\"Article\",\"@id\":\"https:\/\/www.dorstener-tafel.de\/?p=1666#article\",\"isPartOf\":{\"@id\":\"https:\/\/www.dorstener-tafel.de\/?p=1666\"},\"author\":{\"name\":\"jotw\",\"@id\":\"https:\/\/www.dorstener-tafel.de\/#\/schema\/person\/c9a6797db5c21dbeb0851056380dcb01\"},\"headline\":\"Umgekehrter Adventskalender\",\"datePublished\":\"2018-11-14T10:04:36+00:00\",\"mainEntityOfPage\":{\"@id\":\"https:\/\/www.dorstener-tafel.de\/?p=1666\"},\"wordCount\":249,\"commentCount\":0,\"image\":{\"@id\":\"https:\/\/www.dorstener-tafel.de\/?p=1666#primaryimage\"},\"thumbnailUrl\":\"https:\/\/www.kvg-dorsten.de\/dorstener-tafel\/wordpress\/wp-content\/uploads\/2018\/11\/umgekehrter-adventskalender.jpg\",\"articleSection\":[\"Aktuelles\"],\"inLanguage\":\"de\",\"potentialAction\":[{\"@type\":\"CommentAction\",\"name\":\"Comment\",\"target\":[\"https:\/\/www.dorstener-tafel.de\/?p=1666#respond\"]}]},{\"@type\":\"WebPage\",\"@id\":\"https:\/\/www.dorstener-tafel.de\/?p=1666\",\"url\":\"https:\/\/www.dorstener-tafel.de\/?p=1666\",\"name\":\"Umgekehrter Adventskalender - Home | Tafel Dorsten\",\"isPartOf\":{\"@id\":\"https:\/\/www.dorstener-tafel.de\/#website\"},\"primaryImageOfPage\":{\"@id\":\"https:\/\/www.dorstener-tafel.de\/?p=1666#primaryimage\"},\"image\":{\"@id\":\"https:\/\/www.dorstener-tafel.de\/?p=1666#primaryimage\"},\"thumbnailUrl\":\"https:\/\/www.kvg-dorsten.de\/dorstener-tafel\/wordpress\/wp-content\/uploads\/2018\/11\/umgekehrter-adventskalender.jpg\",\"datePublished\":\"2018-11-14T10:04:36+00:00\",\"author\":{\"@id\":\"https:\/\/www.dorstener-tafel.de\/#\/schema\/person\/c9a6797db5c21dbeb0851056380dcb01\"},\"breadcrumb\":{\"@id\":\"https:\/\/www.dorstener-tafel.de\/?p=1666#breadcrumb\"},\"inLanguage\":\"de\",\"potentialAction\":[{\"@type\":\"ReadAction\",\"target\":[\"https:\/\/www.dorstener-tafel.de\/?p=1666\"]}]},{\"@type\":\"ImageObject\",\"inLanguage\":\"de\",\"@id\":\"https:\/\/www.dorstener-tafel.de\/?p=1666#primaryimage\",\"url\":\"https:\/\/www.kvg-dorsten.de\/dorstener-tafel\/wordpress\/wp-content\/uploads\/2018\/11\/umgekehrter-adventskalender.jpg\",\"contentUrl\":\"https:\/\/www.kvg-dorsten.de\/dorstener-tafel\/wordpress\/wp-content\/uploads\/2018\/11\/umgekehrter-adventskalender.jpg\",\"width\":1024,\"height\":798},{\"@type\":\"BreadcrumbList\",\"@id\":\"https:\/\/www.dorstener-tafel.de\/?p=1666#breadcrumb\",\"itemListElement\":[{\"@type\":\"ListItem\",\"position\":1,\"name\":\"Home\",\"item\":\"https:\/\/www.dorstener-tafel.de\/\"},{\"@type\":\"ListItem\",\"position\":2,\"name\":\"Umgekehrter Adventskalender\"}]},{\"@type\":\"WebSite\",\"@id\":\"https:\/\/www.dorstener-tafel.de\/#website\",\"url\":\"https:\/\/www.dorstener-tafel.de\/\",\"name\":\"Home | Tafel Dorsten\",\"description\":\"\",\"potentialAction\":[{\"@type\":\"SearchAction\",\"target\":{\"@type\":\"EntryPoint\",\"urlTemplate\":\"https:\/\/www.dorstener-tafel.de\/?s={search_term_string}\"},\"query-input\":{\"@type\":\"PropertyValueSpecification\",\"valueRequired\":true,\"valueName\":\"search_term_string\"}}],\"inLanguage\":\"de\"},{\"@type\":\"Person\",\"@id\":\"https:\/\/www.dorstener-tafel.de\/#\/schema\/person\/c9a6797db5c21dbeb0851056380dcb01\",\"name\":\"jotw\",\"image\":{\"@type\":\"ImageObject\",\"inLanguage\":\"de\",\"@id\":\"https:\/\/www.dorstener-tafel.de\/#\/schema\/person\/image\/\",\"url\":\"https:\/\/secure.gravatar.com\/avatar\/225c6088c3bfecfbb42a2a0d5c9556b6?s=96&d=retro&r=g\",\"contentUrl\":\"https:\/\/secure.gravatar.com\/avatar\/225c6088c3bfecfbb42a2a0d5c9556b6?s=96&d=retro&r=g\",\"caption\":\"jotw\"},\"url\":\"https:\/\/www.dorstener-tafel.de\/?author=1\"}]}<\/script>\n<!-- \/ Yoast SEO plugin. -->","yoast_head_json":{"title":"Umgekehrter Adventskalender - Home | Tafel Dorsten","robots":{"index":"index","follow":"follow","max-snippet":"max-snippet:-1","max-image-preview":"max-image-preview:large","max-video-preview":"max-video-preview:-1"},"canonical":"https:\/\/www.dorstener-tafel.de\/?p=1666","og_locale":"de_DE","og_type":"article","og_title":"Umgekehrter Adventskalender - Home | Tafel Dorsten","og_description":"Der \u201eumgekehrte\u201c Adventkalender Adventskalender: Jeden Tag ein T\u00fcrchen auf und etwas Gutes herausnehmen, kennen jede &amp; jeder und ist zu [&hellip;]","og_url":"https:\/\/www.dorstener-tafel.de\/?p=1666","og_site_name":"Home | Tafel Dorsten","article_publisher":"https:\/\/www.facebook.com\/Dorstener-Tafel-eV-710109832448127\/","article_published_time":"2018-11-14T10:04:36+00:00","og_image":[{"width":1024,"height":798,"url":"https:\/\/www.kvg-dorsten.de\/dorstener-tafel\/wordpress\/wp-content\/uploads\/2018\/11\/umgekehrter-adventskalender.jpg","type":"image\/jpeg"}],"author":"jotw","twitter_card":"summary_large_image","twitter_misc":{"Verfasst von":"jotw","Gesch\u00e4tzte Lesezeit":"1\u00a0Minute"},"schema":{"@context":"https:\/\/schema.org","@graph":[{"@type":"Article","@id":"https:\/\/www.dorstener-tafel.de\/?p=1666#article","isPartOf":{"@id":"https:\/\/www.dorstener-tafel.de\/?p=1666"},"author":{"name":"jotw","@id":"https:\/\/www.dorstener-tafel.de\/#\/schema\/person\/c9a6797db5c21dbeb0851056380dcb01"},"headline":"Umgekehrter Adventskalender","datePublished":"2018-11-14T10:04:36+00:00","mainEntityOfPage":{"@id":"https:\/\/www.dorstener-tafel.de\/?p=1666"},"wordCount":249,"commentCount":0,"image":{"@id":"https:\/\/www.dorstener-tafel.de\/?p=1666#primaryimage"},"thumbnailUrl":"https:\/\/www.kvg-dorsten.de\/dorstener-tafel\/wordpress\/wp-content\/uploads\/2018\/11\/umgekehrter-adventskalender.jpg","articleSection":["Aktuelles"],"inLanguage":"de","potentialAction":[{"@type":"CommentAction","name":"Comment","target":["https:\/\/www.dorstener-tafel.de\/?p=1666#respond"]}]},{"@type":"WebPage","@id":"https:\/\/www.dorstener-tafel.de\/?p=1666","url":"https:\/\/www.dorstener-tafel.de\/?p=1666","name":"Umgekehrter Adventskalender - Home | Tafel Dorsten","isPartOf":{"@id":"https:\/\/www.dorstener-tafel.de\/#website"},"primaryImageOfPage":{"@id":"https:\/\/www.dorstener-tafel.de\/?p=1666#primaryimage"},"image":{"@id":"https:\/\/www.dorstener-tafel.de\/?p=1666#primaryimage"},"thumbnailUrl":"https:\/\/www.kvg-dorsten.de\/dorstener-tafel\/wordpress\/wp-content\/uploads\/2018\/11\/umgekehrter-adventskalender.jpg","datePublished":"2018-11-14T10:04:36+00:00","author":{"@id":"https:\/\/www.dorstener-tafel.de\/#\/schema\/person\/c9a6797db5c21dbeb0851056380dcb01"},"breadcrumb":{"@id":"https:\/\/www.dorstener-tafel.de\/?p=1666#breadcrumb"},"inLanguage":"de","potentialAction":[{"@type":"ReadAction","target":["https:\/\/www.dorstener-tafel.de\/?p=1666"]}]},{"@type":"ImageObject","inLanguage":"de","@id":"https:\/\/www.dorstener-tafel.de\/?p=1666#primaryimage","url":"https:\/\/www.kvg-dorsten.de\/dorstener-tafel\/wordpress\/wp-content\/uploads\/2018\/11\/umgekehrter-adventskalender.jpg","contentUrl":"https:\/\/www.kvg-dorsten.de\/dorstener-tafel\/wordpress\/wp-content\/uploads\/2018\/11\/umgekehrter-adventskalender.jpg","width":1024,"height":798},{"@type":"BreadcrumbList","@id":"https:\/\/www.dorstener-tafel.de\/?p=1666#breadcrumb","itemListElement":[{"@type":"ListItem","position":1,"name":"Home","item":"https:\/\/www.dorstener-tafel.de\/"},{"@type":"ListItem","position":2,"name":"Umgekehrter Adventskalender"}]},{"@type":"WebSite","@id":"https:\/\/www.dorstener-tafel.de\/#website","url":"https:\/\/www.dorstener-tafel.de\/","name":"Home | Tafel Dorsten","description":"","potentialAction":[{"@type":"SearchAction","target":{"@type":"EntryPoint","urlTemplate":"https:\/\/www.dorstener-tafel.de\/?s={search_term_string}"},"query-input":{"@type":"PropertyValueSpecification","valueRequired":true,"valueName":"search_term_string"}}],"inLanguage":"de"},{"@type":"Person","@id":"https:\/\/www.dorstener-tafel.de\/#\/schema\/person\/c9a6797db5c21dbeb0851056380dcb01","name":"jotw","image":{"@type":"ImageObject","inLanguage":"de","@id":"https:\/\/www.dorstener-tafel.de\/#\/schema\/person\/image\/","url":"https:\/\/secure.gravatar.com\/avatar\/225c6088c3bfecfbb42a2a0d5c9556b6?s=96&d=retro&r=g","contentUrl":"https:\/\/secure.gravatar.com\/avatar\/225c6088c3bfecfbb42a2a0d5c9556b6?s=96&d=retro&r=g","caption":"jotw"},"url":"https:\/\/www.dorstener-tafel.de\/?author=1"}]}},"_links":{"self":[{"href":"https:\/\/www.dorstener-tafel.de\/index.php?rest_route=\/wp\/v2\/posts\/1666","targetHints":{"allow":["GET"]}}],"collection":[{"href":"https:\/\/www.dorstener-tafel.de\/index.php?rest_route=\/wp\/v2\/posts"}],"about":[{"href":"https:\/\/www.dorstener-tafel.de\/index.php?rest_route=\/wp\/v2\/types\/post"}],"author":[{"embeddable":true,"href":"https:\/\/www.dorstener-tafel.de\/index.php?rest_route=\/wp\/v2\/users\/1"}],"replies":[{"embeddable":true,"href":"https:\/\/www.dorstener-tafel.de\/index.php?rest_route=%2Fwp%2Fv2%2Fcomments&post=1666"}],"version-history":[{"count":1,"href":"https:\/\/www.dorstener-tafel.de\/index.php?rest_route=\/wp\/v2\/posts\/1666\/revisions"}],"predecessor-version":[{"id":1669,"href":"https:\/\/www.dorstener-tafel.de\/index.php?rest_route=\/wp\/v2\/posts\/1666\/revisions\/1669"}],"wp:featuredmedia":[{"embeddable":true,"href":"https:\/\/www.dorstener-tafel.de\/index.php?rest_route=\/wp\/v2\/media\/1667"}],"wp:attachment":[{"href":"https:\/\/www.dorstener-tafel.de\/index.php?rest_route=%2Fwp%2Fv2%2Fmedia&parent=1666"}],"wp:term":[{"taxonomy":"category","embeddable":true,"href":"https:\/\/www.dorstener-tafel.de\/index.php?rest_route=%2Fwp%2Fv2%2Fcategories&post=1666"},{"taxonomy":"post_tag","embeddable":true,"href":"https:\/\/www.dorstener-tafel.de\/index.php?rest_route=%2Fwp%2Fv2%2Ftags&post=1666"}],"curies":[{"name":"wp","href":"https:\/\/api.w.org\/{rel}","templated":true}]}}