{"id":1650,"date":"2018-08-15T22:43:13","date_gmt":"2018-08-15T20:43:13","guid":{"rendered":"http:\/\/www.dorstener-tafel.de\/?p=1650"},"modified":"2018-08-15T22:45:19","modified_gmt":"2018-08-15T20:45:19","slug":"stadtstrand-loest-versprechen-ein","status":"publish","type":"post","link":"https:\/\/www.dorstener-tafel.de\/?p=1650","title":{"rendered":"&#8218;Stadtstrand&#8216; l\u00f6st Versprechen ein"},"content":{"rendered":"<p><strong>Dr. Schlotmann &amp; Friends,\u00a0WM Stadtstrand 2018 <\/strong>schreiben bei Facebook:<\/p>\n<p>Heute fand die abschlie\u00dfende Pressekonferenz des Stadtstrandes statt.<br \/>\nDie Organisationen haben sich riesig \u00fcber die Spenden gefreut. Jede der f\u00fcnf Organisationen hat einen Scheck mit 2200\u20ac \u00fcberreicht bekommen und alle haben auch schon konkrete Pl\u00e4ne, wie die Spendengelder eingesetzt werden: Die\u00a0<a href=\"https:\/\/www.facebook.com\/Mr.TruckerKinderhilfe\" data-hovercard=\"\/ajax\/hovercard\/user.php?id=100001878979482&amp;extragetparams=%7B%22directed_target_id%22%3Anull%2C%22groups_location%22%3Anull%7D\" data-hovercard-prefer-more-content-show=\"1\">MrTrucker Kinderhilfe<\/a>\u00a0wird das Geld f\u00fcr eine Initiative f\u00fcr den verbesserten Schulstart f\u00f6rderbed\u00fcrftig<span class=\"text_exposed_show\">er Kinder einsetzen. F\u00fcr die\u00a0<a href=\"https:\/\/www.facebook.com\/Dorstener-Tafel-eV-710109832448127\/\" data-hovercard=\"\/ajax\/hovercard\/page.php?id=710109832448127&amp;extragetparams=%7B%22directed_target_id%22%3Anull%2C%22groups_location%22%3Anull%7D\" data-hovercard-prefer-more-content-show=\"1\">Dorstener Tafel e.V.<\/a>\u00a0gibt es eine neue Markise an der Lagerhalle. Der\u00a0<a href=\"https:\/\/www.facebook.com\/Ruderverein-Dorsten-209125209117378\/\" data-hovercard=\"\/ajax\/hovercard\/page.php?id=209125209117378&amp;extragetparams=%7B%22directed_target_id%22%3Anull%2C%22groups_location%22%3Anull%7D\" data-hovercard-prefer-more-content-show=\"1\">Ruderverein Dorsten<\/a>\u00a0nutzt die Spende f\u00fcr den geplanten Kraftraum. Die Caritas m\u00f6chte ein Spielplatz am Mutter-Kind-Haus errichten und das\u00a0<a href=\"https:\/\/www.facebook.com\/TSVDorsten\/\" data-hovercard=\"\/ajax\/hovercard\/page.php?id=462065650513682&amp;extragetparams=%7B%22directed_target_id%22%3Anull%2C%22groups_location%22%3Anull%7D\" data-hovercard-prefer-more-content-show=\"1\">Tierschutzverein Dorsten und die Herrlichkeit Lembeck e.V.<\/a>\u00a0kauft von dem Geld eine neue K\u00fcche f\u00fcr das Vereinshaus.<br \/>\nWir freuen uns sehr, diese karitativen Organisationen mit dem Projekt Stadtstrand unterst\u00fctzen zu k\u00f6nnen!<br \/>\nAbschlie\u00dfend m\u00f6chten wir uns nochmal bei allen bedanken, die den Stadtstrand zu einem so besonderen Ort in Dorsten haben werden lassen und trotz WM Pleite den Sommer 2018 unvergesslich gemacht haben\u00a0<span class=\"_5mfr _47e3\"><img loading=\"lazy\" decoding=\"async\" class=\"img\" role=\"presentation\" src=\"https:\/\/static.xx.fbcdn.net\/images\/emoji.php\/v9\/f6c\/1\/16\/2764.png\" alt=\"\" width=\"16\" height=\"16\" \/><span class=\"_7oe\">\u2764\ufe0f<\/span><\/span><br \/>\n<a class=\"_58cn\" href=\"https:\/\/www.facebook.com\/hashtag\/lassunsstadtstranden\" data-ft=\"{&quot;tn&quot;:&quot;*N&quot;,&quot;type&quot;:104}\">#lassunsstadtstranden<\/a>\u00a0<a class=\"_58cn\" href=\"https:\/\/www.facebook.com\/hashtag\/drschlotmannandfriends\" data-ft=\"{&quot;tn&quot;:&quot;*N&quot;,&quot;type&quot;:104}\">#drschlotmannandfriends<\/a><a class=\"_58cn\" href=\"https:\/\/www.facebook.com\/hashtag\/wmstadtstrand2018\" data-ft=\"{&quot;tn&quot;:&quot;*N&quot;,&quot;type&quot;:104}\">#wmstadtstrand2018<\/a><\/span><\/p>\n<p><strong>Die Dorstener Tafel sagt allen Beteiligten, Veranstaltern, Sponsoren, G\u00e4sten, ganz herzlichen\u00a0 Dank:<br \/>\nSo bleibt auch eine WM zum Vergessen in angenehmer Erinnerung!<\/strong><\/p>\n<p><em>Foto:\u00a0\u00a9 Dr. Schlotmann &amp; Friends 2018<\/em><\/p>\n","protected":false},"excerpt":{"rendered":"<p>Dr. Schlotmann &amp; Friends,\u00a0WM Stadtstrand 2018 schreiben bei Facebook: Heute fand die abschlie\u00dfende Pressekonferenz des Stadtstrandes statt. Die Organisationen haben [&hellip;]<\/p>\n","protected":false},"author":1,"featured_media":1651,"comment_status":"open","ping_status":"closed","sticky":false,"template":"","format":"standard","meta":{"footnotes":""},"categories":[4],"tags":[],"class_list":["post-1650","post","type-post","status-publish","format-standard","has-post-thumbnail","hentry","category-presse"],"yoast_head":"<!-- This site is optimized with the Yoast SEO plugin v26.8 - https:\/\/yoast.com\/product\/yoast-seo-wordpress\/ -->\n<title>&#039;Stadtstrand&#039; l\u00f6st Versprechen ein - Home | Tafel Dorsten<\/title>\n<meta name=\"robots\" content=\"index, follow, max-snippet:-1, max-image-preview:large, max-video-preview:-1\" \/>\n<link rel=\"canonical\" href=\"https:\/\/www.dorstener-tafel.de\/?p=1650\" \/>\n<meta property=\"og:locale\" content=\"de_DE\" \/>\n<meta property=\"og:type\" content=\"article\" \/>\n<meta property=\"og:title\" content=\"&#039;Stadtstrand&#039; l\u00f6st Versprechen ein - Home | Tafel Dorsten\" \/>\n<meta property=\"og:description\" content=\"Dr. Schlotmann &amp; Friends,\u00a0WM Stadtstrand 2018 schreiben bei Facebook: Heute fand die abschlie\u00dfende Pressekonferenz des Stadtstrandes statt. Die Organisationen haben [&hellip;]\" \/>\n<meta property=\"og:url\" content=\"https:\/\/www.dorstener-tafel.de\/?p=1650\" \/>\n<meta property=\"og:site_name\" content=\"Home | Tafel Dorsten\" \/>\n<meta property=\"article:publisher\" content=\"https:\/\/www.facebook.com\/Dorstener-Tafel-eV-710109832448127\/\" \/>\n<meta property=\"article:published_time\" content=\"2018-08-15T20:43:13+00:00\" \/>\n<meta property=\"article:modified_time\" content=\"2018-08-15T20:45:19+00:00\" \/>\n<meta property=\"og:image\" content=\"https:\/\/www.kvg-dorsten.de\/dorstener-tafel\/wordpress\/wp-content\/uploads\/2018\/08\/2018-Stadtstrand-Spendenuebergabe-39207071_2086277241686100_3607572258609954816_n.jpg\" \/>\n\t<meta property=\"og:image:width\" content=\"960\" \/>\n\t<meta property=\"og:image:height\" content=\"720\" \/>\n\t<meta property=\"og:image:type\" content=\"image\/jpeg\" \/>\n<meta name=\"author\" content=\"jotw\" \/>\n<meta name=\"twitter:card\" content=\"summary_large_image\" \/>\n<meta name=\"twitter:label1\" content=\"Verfasst von\" \/>\n\t<meta name=\"twitter:data1\" content=\"jotw\" \/>\n\t<meta name=\"twitter:label2\" content=\"Gesch\u00e4tzte Lesezeit\" \/>\n\t<meta name=\"twitter:data2\" content=\"1\u00a0Minute\" \/>\n<script type=\"application\/ld+json\" class=\"yoast-schema-graph\">{\"@context\":\"https:\/\/schema.org\",\"@graph\":[{\"@type\":\"Article\",\"@id\":\"https:\/\/www.dorstener-tafel.de\/?p=1650#article\",\"isPartOf\":{\"@id\":\"https:\/\/www.dorstener-tafel.de\/?p=1650\"},\"author\":{\"name\":\"jotw\",\"@id\":\"https:\/\/www.dorstener-tafel.de\/#\/schema\/person\/c9a6797db5c21dbeb0851056380dcb01\"},\"headline\":\"&#8218;Stadtstrand&#8216; l\u00f6st Versprechen ein\",\"datePublished\":\"2018-08-15T20:43:13+00:00\",\"dateModified\":\"2018-08-15T20:45:19+00:00\",\"mainEntityOfPage\":{\"@id\":\"https:\/\/www.dorstener-tafel.de\/?p=1650\"},\"wordCount\":212,\"commentCount\":0,\"image\":{\"@id\":\"https:\/\/www.dorstener-tafel.de\/?p=1650#primaryimage\"},\"thumbnailUrl\":\"https:\/\/www.kvg-dorsten.de\/dorstener-tafel\/wordpress\/wp-content\/uploads\/2018\/08\/2018-Stadtstrand-Spendenuebergabe-39207071_2086277241686100_3607572258609954816_n.jpg\",\"articleSection\":[\"Presse\"],\"inLanguage\":\"de\",\"potentialAction\":[{\"@type\":\"CommentAction\",\"name\":\"Comment\",\"target\":[\"https:\/\/www.dorstener-tafel.de\/?p=1650#respond\"]}]},{\"@type\":\"WebPage\",\"@id\":\"https:\/\/www.dorstener-tafel.de\/?p=1650\",\"url\":\"https:\/\/www.dorstener-tafel.de\/?p=1650\",\"name\":\"'Stadtstrand' l\u00f6st Versprechen ein - Home | Tafel Dorsten\",\"isPartOf\":{\"@id\":\"https:\/\/www.dorstener-tafel.de\/#website\"},\"primaryImageOfPage\":{\"@id\":\"https:\/\/www.dorstener-tafel.de\/?p=1650#primaryimage\"},\"image\":{\"@id\":\"https:\/\/www.dorstener-tafel.de\/?p=1650#primaryimage\"},\"thumbnailUrl\":\"https:\/\/www.kvg-dorsten.de\/dorstener-tafel\/wordpress\/wp-content\/uploads\/2018\/08\/2018-Stadtstrand-Spendenuebergabe-39207071_2086277241686100_3607572258609954816_n.jpg\",\"datePublished\":\"2018-08-15T20:43:13+00:00\",\"dateModified\":\"2018-08-15T20:45:19+00:00\",\"author\":{\"@id\":\"https:\/\/www.dorstener-tafel.de\/#\/schema\/person\/c9a6797db5c21dbeb0851056380dcb01\"},\"breadcrumb\":{\"@id\":\"https:\/\/www.dorstener-tafel.de\/?p=1650#breadcrumb\"},\"inLanguage\":\"de\",\"potentialAction\":[{\"@type\":\"ReadAction\",\"target\":[\"https:\/\/www.dorstener-tafel.de\/?p=1650\"]}]},{\"@type\":\"ImageObject\",\"inLanguage\":\"de\",\"@id\":\"https:\/\/www.dorstener-tafel.de\/?p=1650#primaryimage\",\"url\":\"https:\/\/www.kvg-dorsten.de\/dorstener-tafel\/wordpress\/wp-content\/uploads\/2018\/08\/2018-Stadtstrand-Spendenuebergabe-39207071_2086277241686100_3607572258609954816_n.jpg\",\"contentUrl\":\"https:\/\/www.kvg-dorsten.de\/dorstener-tafel\/wordpress\/wp-content\/uploads\/2018\/08\/2018-Stadtstrand-Spendenuebergabe-39207071_2086277241686100_3607572258609954816_n.jpg\",\"width\":960,\"height\":720},{\"@type\":\"BreadcrumbList\",\"@id\":\"https:\/\/www.dorstener-tafel.de\/?p=1650#breadcrumb\",\"itemListElement\":[{\"@type\":\"ListItem\",\"position\":1,\"name\":\"Home\",\"item\":\"https:\/\/www.dorstener-tafel.de\/\"},{\"@type\":\"ListItem\",\"position\":2,\"name\":\"&#8218;Stadtstrand&#8216; l\u00f6st Versprechen ein\"}]},{\"@type\":\"WebSite\",\"@id\":\"https:\/\/www.dorstener-tafel.de\/#website\",\"url\":\"https:\/\/www.dorstener-tafel.de\/\",\"name\":\"Home | Tafel Dorsten\",\"description\":\"\",\"potentialAction\":[{\"@type\":\"SearchAction\",\"target\":{\"@type\":\"EntryPoint\",\"urlTemplate\":\"https:\/\/www.dorstener-tafel.de\/?s={search_term_string}\"},\"query-input\":{\"@type\":\"PropertyValueSpecification\",\"valueRequired\":true,\"valueName\":\"search_term_string\"}}],\"inLanguage\":\"de\"},{\"@type\":\"Person\",\"@id\":\"https:\/\/www.dorstener-tafel.de\/#\/schema\/person\/c9a6797db5c21dbeb0851056380dcb01\",\"name\":\"jotw\",\"image\":{\"@type\":\"ImageObject\",\"inLanguage\":\"de\",\"@id\":\"https:\/\/www.dorstener-tafel.de\/#\/schema\/person\/image\/\",\"url\":\"https:\/\/secure.gravatar.com\/avatar\/225c6088c3bfecfbb42a2a0d5c9556b6?s=96&d=retro&r=g\",\"contentUrl\":\"https:\/\/secure.gravatar.com\/avatar\/225c6088c3bfecfbb42a2a0d5c9556b6?s=96&d=retro&r=g\",\"caption\":\"jotw\"},\"url\":\"https:\/\/www.dorstener-tafel.de\/?author=1\"}]}<\/script>\n<!-- \/ Yoast SEO plugin. -->","yoast_head_json":{"title":"'Stadtstrand' l\u00f6st Versprechen ein - Home | Tafel Dorsten","robots":{"index":"index","follow":"follow","max-snippet":"max-snippet:-1","max-image-preview":"max-image-preview:large","max-video-preview":"max-video-preview:-1"},"canonical":"https:\/\/www.dorstener-tafel.de\/?p=1650","og_locale":"de_DE","og_type":"article","og_title":"'Stadtstrand' l\u00f6st Versprechen ein - Home | Tafel Dorsten","og_description":"Dr. Schlotmann &amp; Friends,\u00a0WM Stadtstrand 2018 schreiben bei Facebook: Heute fand die abschlie\u00dfende Pressekonferenz des Stadtstrandes statt. Die Organisationen haben [&hellip;]","og_url":"https:\/\/www.dorstener-tafel.de\/?p=1650","og_site_name":"Home | Tafel Dorsten","article_publisher":"https:\/\/www.facebook.com\/Dorstener-Tafel-eV-710109832448127\/","article_published_time":"2018-08-15T20:43:13+00:00","article_modified_time":"2018-08-15T20:45:19+00:00","og_image":[{"width":960,"height":720,"url":"https:\/\/www.kvg-dorsten.de\/dorstener-tafel\/wordpress\/wp-content\/uploads\/2018\/08\/2018-Stadtstrand-Spendenuebergabe-39207071_2086277241686100_3607572258609954816_n.jpg","type":"image\/jpeg"}],"author":"jotw","twitter_card":"summary_large_image","twitter_misc":{"Verfasst von":"jotw","Gesch\u00e4tzte Lesezeit":"1\u00a0Minute"},"schema":{"@context":"https:\/\/schema.org","@graph":[{"@type":"Article","@id":"https:\/\/www.dorstener-tafel.de\/?p=1650#article","isPartOf":{"@id":"https:\/\/www.dorstener-tafel.de\/?p=1650"},"author":{"name":"jotw","@id":"https:\/\/www.dorstener-tafel.de\/#\/schema\/person\/c9a6797db5c21dbeb0851056380dcb01"},"headline":"&#8218;Stadtstrand&#8216; l\u00f6st Versprechen ein","datePublished":"2018-08-15T20:43:13+00:00","dateModified":"2018-08-15T20:45:19+00:00","mainEntityOfPage":{"@id":"https:\/\/www.dorstener-tafel.de\/?p=1650"},"wordCount":212,"commentCount":0,"image":{"@id":"https:\/\/www.dorstener-tafel.de\/?p=1650#primaryimage"},"thumbnailUrl":"https:\/\/www.kvg-dorsten.de\/dorstener-tafel\/wordpress\/wp-content\/uploads\/2018\/08\/2018-Stadtstrand-Spendenuebergabe-39207071_2086277241686100_3607572258609954816_n.jpg","articleSection":["Presse"],"inLanguage":"de","potentialAction":[{"@type":"CommentAction","name":"Comment","target":["https:\/\/www.dorstener-tafel.de\/?p=1650#respond"]}]},{"@type":"WebPage","@id":"https:\/\/www.dorstener-tafel.de\/?p=1650","url":"https:\/\/www.dorstener-tafel.de\/?p=1650","name":"'Stadtstrand' l\u00f6st Versprechen ein - Home | Tafel Dorsten","isPartOf":{"@id":"https:\/\/www.dorstener-tafel.de\/#website"},"primaryImageOfPage":{"@id":"https:\/\/www.dorstener-tafel.de\/?p=1650#primaryimage"},"image":{"@id":"https:\/\/www.dorstener-tafel.de\/?p=1650#primaryimage"},"thumbnailUrl":"https:\/\/www.kvg-dorsten.de\/dorstener-tafel\/wordpress\/wp-content\/uploads\/2018\/08\/2018-Stadtstrand-Spendenuebergabe-39207071_2086277241686100_3607572258609954816_n.jpg","datePublished":"2018-08-15T20:43:13+00:00","dateModified":"2018-08-15T20:45:19+00:00","author":{"@id":"https:\/\/www.dorstener-tafel.de\/#\/schema\/person\/c9a6797db5c21dbeb0851056380dcb01"},"breadcrumb":{"@id":"https:\/\/www.dorstener-tafel.de\/?p=1650#breadcrumb"},"inLanguage":"de","potentialAction":[{"@type":"ReadAction","target":["https:\/\/www.dorstener-tafel.de\/?p=1650"]}]},{"@type":"ImageObject","inLanguage":"de","@id":"https:\/\/www.dorstener-tafel.de\/?p=1650#primaryimage","url":"https:\/\/www.kvg-dorsten.de\/dorstener-tafel\/wordpress\/wp-content\/uploads\/2018\/08\/2018-Stadtstrand-Spendenuebergabe-39207071_2086277241686100_3607572258609954816_n.jpg","contentUrl":"https:\/\/www.kvg-dorsten.de\/dorstener-tafel\/wordpress\/wp-content\/uploads\/2018\/08\/2018-Stadtstrand-Spendenuebergabe-39207071_2086277241686100_3607572258609954816_n.jpg","width":960,"height":720},{"@type":"BreadcrumbList","@id":"https:\/\/www.dorstener-tafel.de\/?p=1650#breadcrumb","itemListElement":[{"@type":"ListItem","position":1,"name":"Home","item":"https:\/\/www.dorstener-tafel.de\/"},{"@type":"ListItem","position":2,"name":"&#8218;Stadtstrand&#8216; l\u00f6st Versprechen ein"}]},{"@type":"WebSite","@id":"https:\/\/www.dorstener-tafel.de\/#website","url":"https:\/\/www.dorstener-tafel.de\/","name":"Home | Tafel Dorsten","description":"","potentialAction":[{"@type":"SearchAction","target":{"@type":"EntryPoint","urlTemplate":"https:\/\/www.dorstener-tafel.de\/?s={search_term_string}"},"query-input":{"@type":"PropertyValueSpecification","valueRequired":true,"valueName":"search_term_string"}}],"inLanguage":"de"},{"@type":"Person","@id":"https:\/\/www.dorstener-tafel.de\/#\/schema\/person\/c9a6797db5c21dbeb0851056380dcb01","name":"jotw","image":{"@type":"ImageObject","inLanguage":"de","@id":"https:\/\/www.dorstener-tafel.de\/#\/schema\/person\/image\/","url":"https:\/\/secure.gravatar.com\/avatar\/225c6088c3bfecfbb42a2a0d5c9556b6?s=96&d=retro&r=g","contentUrl":"https:\/\/secure.gravatar.com\/avatar\/225c6088c3bfecfbb42a2a0d5c9556b6?s=96&d=retro&r=g","caption":"jotw"},"url":"https:\/\/www.dorstener-tafel.de\/?author=1"}]}},"_links":{"self":[{"href":"https:\/\/www.dorstener-tafel.de\/index.php?rest_route=\/wp\/v2\/posts\/1650","targetHints":{"allow":["GET"]}}],"collection":[{"href":"https:\/\/www.dorstener-tafel.de\/index.php?rest_route=\/wp\/v2\/posts"}],"about":[{"href":"https:\/\/www.dorstener-tafel.de\/index.php?rest_route=\/wp\/v2\/types\/post"}],"author":[{"embeddable":true,"href":"https:\/\/www.dorstener-tafel.de\/index.php?rest_route=\/wp\/v2\/users\/1"}],"replies":[{"embeddable":true,"href":"https:\/\/www.dorstener-tafel.de\/index.php?rest_route=%2Fwp%2Fv2%2Fcomments&post=1650"}],"version-history":[{"count":2,"href":"https:\/\/www.dorstener-tafel.de\/index.php?rest_route=\/wp\/v2\/posts\/1650\/revisions"}],"predecessor-version":[{"id":1653,"href":"https:\/\/www.dorstener-tafel.de\/index.php?rest_route=\/wp\/v2\/posts\/1650\/revisions\/1653"}],"wp:featuredmedia":[{"embeddable":true,"href":"https:\/\/www.dorstener-tafel.de\/index.php?rest_route=\/wp\/v2\/media\/1651"}],"wp:attachment":[{"href":"https:\/\/www.dorstener-tafel.de\/index.php?rest_route=%2Fwp%2Fv2%2Fmedia&parent=1650"}],"wp:term":[{"taxonomy":"category","embeddable":true,"href":"https:\/\/www.dorstener-tafel.de\/index.php?rest_route=%2Fwp%2Fv2%2Fcategories&post=1650"},{"taxonomy":"post_tag","embeddable":true,"href":"https:\/\/www.dorstener-tafel.de\/index.php?rest_route=%2Fwp%2Fv2%2Ftags&post=1650"}],"curies":[{"name":"wp","href":"https:\/\/api.w.org\/{rel}","templated":true}]}}