{"id":1626,"date":"2018-04-12T17:19:28","date_gmt":"2018-04-12T15:19:28","guid":{"rendered":"http:\/\/www.dorstener-tafel.de\/?p=1626"},"modified":"2018-04-12T17:19:28","modified_gmt":"2018-04-12T15:19:28","slug":"restcentspende-der-stadtverwaltung-bringt-134-572-cent","status":"publish","type":"post","link":"https:\/\/www.dorstener-tafel.de\/?p=1626","title":{"rendered":"\u201eRestcentspende\u201c der Stadtverwaltung bringt 134 572 Cent"},"content":{"rendered":"<p>Pressemitteilung der Stadt Dorsten; die <strong>DORSTENER TAFEL<\/strong> dankt!<\/p>\n<hr \/>\n<p><strong>In diesem Jahr geht das Geld an die Dorstener Tafel und die Organisation Flying Hope<\/strong><\/p>\n<p>Auch aus kleinen Betr\u00e4gen werden stattliche Summen: Seit \u00fcber 30 Jahren verzichten viele Mitarbeiter der Stadtverwaltung am Monatsende auf die Betr\u00e4ge hinter dem Komma auf dem Gehaltszettel \u2013 f\u00fcr einen guten Zweck.<\/p>\n<p>Im letzten Jahr summierte sich dieses viele Kleingeld auf 1345,72 Euro, die diesmal zu gleichen Teilen von je 672,86 Euro an die Dorstener Tafel und die Organisation Flying Hope \u2013 das Pilotennetzwerk f\u00fcr kranke Kinder gehen. Personalratsvorsitzende Waltraud Hadick, B\u00fcrgermeister Tobias Stockhoff und Hauptamtsleiter Norbert H\u00f6rsken \u00fcbergaben den Betrag, den f\u00fcr die Tafel Hedwig Schnatmann entgegennahm. Vertreter von Flying Hope konnten leider an diesem Termin nicht teilnehmen, wollen aber der Stadt zu einem sp\u00e4teren Termin einen Dankesch\u00f6n-Besuch abstatten.<\/p>\n<p>Der Personalrat der Stadtverwaltung organisiert die Restcentspende seit 1985. Bis zum Jahr 2000 kamen fast 23 000 D-Mark zusammen, seitdem in neuer W\u00e4hrung weitere \u00fcber 16 000 Euro. Wer jeweils das Geld bekommt, entscheidet die Personalversammlung der Stadtverwaltung Dorsten.<\/p>\n<p><strong><em>Foto oben rechts (v.l.)<\/em><em>: Personalratsvorsitzende Waltraud Hadick, Hauptamtsleiter Norbert H\u00f6rsken, Hedwig Schnatmann von der Dorstener Tafel und B\u00fcrgermeister Tobias Stockhoff freuen sich, dass die Restcentspende der Stadtverwaltung Dorsten auch in diesem Jahr einen stattlichen Betrag f\u00fcr zwei gute Zwecke ergeben hat<\/em><\/strong><\/p>\n<p><em>Text und Foto: Stadt Dorsten<\/em><\/p>\n<hr \/>\n<p><a href=\"https:\/\/flyinghope.de\/\">Homepage<\/a>\u00a0und <a href=\"https:\/\/www.facebook.com\/flyinghope\/\">Facebook-Seite<\/a> von Flying Hope<\/p>\n","protected":false},"excerpt":{"rendered":"<p>Pressemitteilung der Stadt Dorsten; die DORSTENER TAFEL dankt! In diesem Jahr geht das Geld an die Dorstener Tafel und die [&hellip;]<\/p>\n","protected":false},"author":1,"featured_media":1627,"comment_status":"open","ping_status":"closed","sticky":false,"template":"","format":"standard","meta":{"footnotes":""},"categories":[1,4],"tags":[],"class_list":["post-1626","post","type-post","status-publish","format-standard","has-post-thumbnail","hentry","category-allgemein","category-presse"],"yoast_head":"<!-- This site is optimized with the Yoast SEO plugin v26.8 - https:\/\/yoast.com\/product\/yoast-seo-wordpress\/ -->\n<title>\u201eRestcentspende\u201c der Stadtverwaltung bringt 134 572 Cent - Home | Tafel Dorsten<\/title>\n<meta name=\"robots\" content=\"index, follow, max-snippet:-1, max-image-preview:large, max-video-preview:-1\" \/>\n<link rel=\"canonical\" href=\"https:\/\/www.dorstener-tafel.de\/?p=1626\" \/>\n<meta property=\"og:locale\" content=\"de_DE\" \/>\n<meta property=\"og:type\" content=\"article\" \/>\n<meta property=\"og:title\" content=\"\u201eRestcentspende\u201c der Stadtverwaltung bringt 134 572 Cent - Home | Tafel Dorsten\" \/>\n<meta property=\"og:description\" content=\"Pressemitteilung der Stadt Dorsten; die DORSTENER TAFEL dankt! In diesem Jahr geht das Geld an die Dorstener Tafel und die [&hellip;]\" \/>\n<meta property=\"og:url\" content=\"https:\/\/www.dorstener-tafel.de\/?p=1626\" \/>\n<meta property=\"og:site_name\" content=\"Home | Tafel Dorsten\" \/>\n<meta property=\"article:publisher\" content=\"https:\/\/www.facebook.com\/Dorstener-Tafel-eV-710109832448127\/\" \/>\n<meta property=\"article:published_time\" content=\"2018-04-12T15:19:28+00:00\" \/>\n<meta property=\"og:image\" content=\"https:\/\/www.kvg-dorsten.de\/dorstener-tafel\/wordpress\/wp-content\/uploads\/2018\/04\/2018-04-12-Pressemitteilung-Restcentspende.jpg\" \/>\n\t<meta property=\"og:image:width\" content=\"1024\" \/>\n\t<meta property=\"og:image:height\" content=\"681\" \/>\n\t<meta property=\"og:image:type\" content=\"image\/jpeg\" \/>\n<meta name=\"author\" content=\"jotw\" \/>\n<meta name=\"twitter:card\" content=\"summary_large_image\" \/>\n<meta name=\"twitter:label1\" content=\"Verfasst von\" \/>\n\t<meta name=\"twitter:data1\" content=\"jotw\" \/>\n\t<meta name=\"twitter:label2\" content=\"Gesch\u00e4tzte Lesezeit\" \/>\n\t<meta name=\"twitter:data2\" content=\"1\u00a0Minute\" \/>\n<script type=\"application\/ld+json\" class=\"yoast-schema-graph\">{\"@context\":\"https:\/\/schema.org\",\"@graph\":[{\"@type\":\"Article\",\"@id\":\"https:\/\/www.dorstener-tafel.de\/?p=1626#article\",\"isPartOf\":{\"@id\":\"https:\/\/www.dorstener-tafel.de\/?p=1626\"},\"author\":{\"name\":\"jotw\",\"@id\":\"https:\/\/www.dorstener-tafel.de\/#\/schema\/person\/c9a6797db5c21dbeb0851056380dcb01\"},\"headline\":\"\u201eRestcentspende\u201c der Stadtverwaltung bringt 134 572 Cent\",\"datePublished\":\"2018-04-12T15:19:28+00:00\",\"mainEntityOfPage\":{\"@id\":\"https:\/\/www.dorstener-tafel.de\/?p=1626\"},\"wordCount\":232,\"commentCount\":0,\"image\":{\"@id\":\"https:\/\/www.dorstener-tafel.de\/?p=1626#primaryimage\"},\"thumbnailUrl\":\"https:\/\/www.kvg-dorsten.de\/dorstener-tafel\/wordpress\/wp-content\/uploads\/2018\/04\/2018-04-12-Pressemitteilung-Restcentspende.jpg\",\"articleSection\":[\"Aktuelles\",\"Presse\"],\"inLanguage\":\"de\",\"potentialAction\":[{\"@type\":\"CommentAction\",\"name\":\"Comment\",\"target\":[\"https:\/\/www.dorstener-tafel.de\/?p=1626#respond\"]}]},{\"@type\":\"WebPage\",\"@id\":\"https:\/\/www.dorstener-tafel.de\/?p=1626\",\"url\":\"https:\/\/www.dorstener-tafel.de\/?p=1626\",\"name\":\"\u201eRestcentspende\u201c der Stadtverwaltung bringt 134 572 Cent - Home | Tafel Dorsten\",\"isPartOf\":{\"@id\":\"https:\/\/www.dorstener-tafel.de\/#website\"},\"primaryImageOfPage\":{\"@id\":\"https:\/\/www.dorstener-tafel.de\/?p=1626#primaryimage\"},\"image\":{\"@id\":\"https:\/\/www.dorstener-tafel.de\/?p=1626#primaryimage\"},\"thumbnailUrl\":\"https:\/\/www.kvg-dorsten.de\/dorstener-tafel\/wordpress\/wp-content\/uploads\/2018\/04\/2018-04-12-Pressemitteilung-Restcentspende.jpg\",\"datePublished\":\"2018-04-12T15:19:28+00:00\",\"author\":{\"@id\":\"https:\/\/www.dorstener-tafel.de\/#\/schema\/person\/c9a6797db5c21dbeb0851056380dcb01\"},\"breadcrumb\":{\"@id\":\"https:\/\/www.dorstener-tafel.de\/?p=1626#breadcrumb\"},\"inLanguage\":\"de\",\"potentialAction\":[{\"@type\":\"ReadAction\",\"target\":[\"https:\/\/www.dorstener-tafel.de\/?p=1626\"]}]},{\"@type\":\"ImageObject\",\"inLanguage\":\"de\",\"@id\":\"https:\/\/www.dorstener-tafel.de\/?p=1626#primaryimage\",\"url\":\"https:\/\/www.kvg-dorsten.de\/dorstener-tafel\/wordpress\/wp-content\/uploads\/2018\/04\/2018-04-12-Pressemitteilung-Restcentspende.jpg\",\"contentUrl\":\"https:\/\/www.kvg-dorsten.de\/dorstener-tafel\/wordpress\/wp-content\/uploads\/2018\/04\/2018-04-12-Pressemitteilung-Restcentspende.jpg\",\"width\":1024,\"height\":681,\"caption\":\"SONY DSC\"},{\"@type\":\"BreadcrumbList\",\"@id\":\"https:\/\/www.dorstener-tafel.de\/?p=1626#breadcrumb\",\"itemListElement\":[{\"@type\":\"ListItem\",\"position\":1,\"name\":\"Home\",\"item\":\"https:\/\/www.dorstener-tafel.de\/\"},{\"@type\":\"ListItem\",\"position\":2,\"name\":\"\u201eRestcentspende\u201c der Stadtverwaltung bringt 134 572 Cent\"}]},{\"@type\":\"WebSite\",\"@id\":\"https:\/\/www.dorstener-tafel.de\/#website\",\"url\":\"https:\/\/www.dorstener-tafel.de\/\",\"name\":\"Home | Tafel Dorsten\",\"description\":\"\",\"potentialAction\":[{\"@type\":\"SearchAction\",\"target\":{\"@type\":\"EntryPoint\",\"urlTemplate\":\"https:\/\/www.dorstener-tafel.de\/?s={search_term_string}\"},\"query-input\":{\"@type\":\"PropertyValueSpecification\",\"valueRequired\":true,\"valueName\":\"search_term_string\"}}],\"inLanguage\":\"de\"},{\"@type\":\"Person\",\"@id\":\"https:\/\/www.dorstener-tafel.de\/#\/schema\/person\/c9a6797db5c21dbeb0851056380dcb01\",\"name\":\"jotw\",\"image\":{\"@type\":\"ImageObject\",\"inLanguage\":\"de\",\"@id\":\"https:\/\/www.dorstener-tafel.de\/#\/schema\/person\/image\/\",\"url\":\"https:\/\/secure.gravatar.com\/avatar\/225c6088c3bfecfbb42a2a0d5c9556b6?s=96&d=retro&r=g\",\"contentUrl\":\"https:\/\/secure.gravatar.com\/avatar\/225c6088c3bfecfbb42a2a0d5c9556b6?s=96&d=retro&r=g\",\"caption\":\"jotw\"},\"url\":\"https:\/\/www.dorstener-tafel.de\/?author=1\"}]}<\/script>\n<!-- \/ Yoast SEO plugin. -->","yoast_head_json":{"title":"\u201eRestcentspende\u201c der Stadtverwaltung bringt 134 572 Cent - Home | Tafel Dorsten","robots":{"index":"index","follow":"follow","max-snippet":"max-snippet:-1","max-image-preview":"max-image-preview:large","max-video-preview":"max-video-preview:-1"},"canonical":"https:\/\/www.dorstener-tafel.de\/?p=1626","og_locale":"de_DE","og_type":"article","og_title":"\u201eRestcentspende\u201c der Stadtverwaltung bringt 134 572 Cent - Home | Tafel Dorsten","og_description":"Pressemitteilung der Stadt Dorsten; die DORSTENER TAFEL dankt! In diesem Jahr geht das Geld an die Dorstener Tafel und die [&hellip;]","og_url":"https:\/\/www.dorstener-tafel.de\/?p=1626","og_site_name":"Home | Tafel Dorsten","article_publisher":"https:\/\/www.facebook.com\/Dorstener-Tafel-eV-710109832448127\/","article_published_time":"2018-04-12T15:19:28+00:00","og_image":[{"width":1024,"height":681,"url":"https:\/\/www.kvg-dorsten.de\/dorstener-tafel\/wordpress\/wp-content\/uploads\/2018\/04\/2018-04-12-Pressemitteilung-Restcentspende.jpg","type":"image\/jpeg"}],"author":"jotw","twitter_card":"summary_large_image","twitter_misc":{"Verfasst von":"jotw","Gesch\u00e4tzte Lesezeit":"1\u00a0Minute"},"schema":{"@context":"https:\/\/schema.org","@graph":[{"@type":"Article","@id":"https:\/\/www.dorstener-tafel.de\/?p=1626#article","isPartOf":{"@id":"https:\/\/www.dorstener-tafel.de\/?p=1626"},"author":{"name":"jotw","@id":"https:\/\/www.dorstener-tafel.de\/#\/schema\/person\/c9a6797db5c21dbeb0851056380dcb01"},"headline":"\u201eRestcentspende\u201c der Stadtverwaltung bringt 134 572 Cent","datePublished":"2018-04-12T15:19:28+00:00","mainEntityOfPage":{"@id":"https:\/\/www.dorstener-tafel.de\/?p=1626"},"wordCount":232,"commentCount":0,"image":{"@id":"https:\/\/www.dorstener-tafel.de\/?p=1626#primaryimage"},"thumbnailUrl":"https:\/\/www.kvg-dorsten.de\/dorstener-tafel\/wordpress\/wp-content\/uploads\/2018\/04\/2018-04-12-Pressemitteilung-Restcentspende.jpg","articleSection":["Aktuelles","Presse"],"inLanguage":"de","potentialAction":[{"@type":"CommentAction","name":"Comment","target":["https:\/\/www.dorstener-tafel.de\/?p=1626#respond"]}]},{"@type":"WebPage","@id":"https:\/\/www.dorstener-tafel.de\/?p=1626","url":"https:\/\/www.dorstener-tafel.de\/?p=1626","name":"\u201eRestcentspende\u201c der Stadtverwaltung bringt 134 572 Cent - Home | Tafel Dorsten","isPartOf":{"@id":"https:\/\/www.dorstener-tafel.de\/#website"},"primaryImageOfPage":{"@id":"https:\/\/www.dorstener-tafel.de\/?p=1626#primaryimage"},"image":{"@id":"https:\/\/www.dorstener-tafel.de\/?p=1626#primaryimage"},"thumbnailUrl":"https:\/\/www.kvg-dorsten.de\/dorstener-tafel\/wordpress\/wp-content\/uploads\/2018\/04\/2018-04-12-Pressemitteilung-Restcentspende.jpg","datePublished":"2018-04-12T15:19:28+00:00","author":{"@id":"https:\/\/www.dorstener-tafel.de\/#\/schema\/person\/c9a6797db5c21dbeb0851056380dcb01"},"breadcrumb":{"@id":"https:\/\/www.dorstener-tafel.de\/?p=1626#breadcrumb"},"inLanguage":"de","potentialAction":[{"@type":"ReadAction","target":["https:\/\/www.dorstener-tafel.de\/?p=1626"]}]},{"@type":"ImageObject","inLanguage":"de","@id":"https:\/\/www.dorstener-tafel.de\/?p=1626#primaryimage","url":"https:\/\/www.kvg-dorsten.de\/dorstener-tafel\/wordpress\/wp-content\/uploads\/2018\/04\/2018-04-12-Pressemitteilung-Restcentspende.jpg","contentUrl":"https:\/\/www.kvg-dorsten.de\/dorstener-tafel\/wordpress\/wp-content\/uploads\/2018\/04\/2018-04-12-Pressemitteilung-Restcentspende.jpg","width":1024,"height":681,"caption":"SONY DSC"},{"@type":"BreadcrumbList","@id":"https:\/\/www.dorstener-tafel.de\/?p=1626#breadcrumb","itemListElement":[{"@type":"ListItem","position":1,"name":"Home","item":"https:\/\/www.dorstener-tafel.de\/"},{"@type":"ListItem","position":2,"name":"\u201eRestcentspende\u201c der Stadtverwaltung bringt 134 572 Cent"}]},{"@type":"WebSite","@id":"https:\/\/www.dorstener-tafel.de\/#website","url":"https:\/\/www.dorstener-tafel.de\/","name":"Home | Tafel Dorsten","description":"","potentialAction":[{"@type":"SearchAction","target":{"@type":"EntryPoint","urlTemplate":"https:\/\/www.dorstener-tafel.de\/?s={search_term_string}"},"query-input":{"@type":"PropertyValueSpecification","valueRequired":true,"valueName":"search_term_string"}}],"inLanguage":"de"},{"@type":"Person","@id":"https:\/\/www.dorstener-tafel.de\/#\/schema\/person\/c9a6797db5c21dbeb0851056380dcb01","name":"jotw","image":{"@type":"ImageObject","inLanguage":"de","@id":"https:\/\/www.dorstener-tafel.de\/#\/schema\/person\/image\/","url":"https:\/\/secure.gravatar.com\/avatar\/225c6088c3bfecfbb42a2a0d5c9556b6?s=96&d=retro&r=g","contentUrl":"https:\/\/secure.gravatar.com\/avatar\/225c6088c3bfecfbb42a2a0d5c9556b6?s=96&d=retro&r=g","caption":"jotw"},"url":"https:\/\/www.dorstener-tafel.de\/?author=1"}]}},"_links":{"self":[{"href":"https:\/\/www.dorstener-tafel.de\/index.php?rest_route=\/wp\/v2\/posts\/1626","targetHints":{"allow":["GET"]}}],"collection":[{"href":"https:\/\/www.dorstener-tafel.de\/index.php?rest_route=\/wp\/v2\/posts"}],"about":[{"href":"https:\/\/www.dorstener-tafel.de\/index.php?rest_route=\/wp\/v2\/types\/post"}],"author":[{"embeddable":true,"href":"https:\/\/www.dorstener-tafel.de\/index.php?rest_route=\/wp\/v2\/users\/1"}],"replies":[{"embeddable":true,"href":"https:\/\/www.dorstener-tafel.de\/index.php?rest_route=%2Fwp%2Fv2%2Fcomments&post=1626"}],"version-history":[{"count":3,"href":"https:\/\/www.dorstener-tafel.de\/index.php?rest_route=\/wp\/v2\/posts\/1626\/revisions"}],"predecessor-version":[{"id":1630,"href":"https:\/\/www.dorstener-tafel.de\/index.php?rest_route=\/wp\/v2\/posts\/1626\/revisions\/1630"}],"wp:featuredmedia":[{"embeddable":true,"href":"https:\/\/www.dorstener-tafel.de\/index.php?rest_route=\/wp\/v2\/media\/1627"}],"wp:attachment":[{"href":"https:\/\/www.dorstener-tafel.de\/index.php?rest_route=%2Fwp%2Fv2%2Fmedia&parent=1626"}],"wp:term":[{"taxonomy":"category","embeddable":true,"href":"https:\/\/www.dorstener-tafel.de\/index.php?rest_route=%2Fwp%2Fv2%2Fcategories&post=1626"},{"taxonomy":"post_tag","embeddable":true,"href":"https:\/\/www.dorstener-tafel.de\/index.php?rest_route=%2Fwp%2Fv2%2Ftags&post=1626"}],"curies":[{"name":"wp","href":"https:\/\/api.w.org\/{rel}","templated":true}]}}