{"id":131,"date":"2012-12-18T00:09:16","date_gmt":"2012-12-17T23:09:16","guid":{"rendered":"http:\/\/www.kvg-dorsten.de\/dorstener-tafel\/wordpress\/?p=131"},"modified":"2015-09-18T01:09:55","modified_gmt":"2015-09-17T23:09:55","slug":"alle-jahre-wieder-erfolg-mit-der-weihnachtspaeckchen-aktion-2012","status":"publish","type":"post","link":"https:\/\/www.dorstener-tafel.de\/?p=131","title":{"rendered":"Alle Jahre wieder &#8211; Erfolg mit der Weihnachtsp\u00e4ckchen-Aktion 2012"},"content":{"rendered":"<p>Auch in diesem Jahr waren alle Dorstener wieder aufgerufen, f\u00fcr all die Mitb\u00fcrger in unserer Stadt, denen es nicht so gut geht, ein Weihnachtsp\u00e4ckchen zu packen. Am Donnerstag, 15.11.2012 stellte der Vorstand der Dorstener Tafel, Josef Vrenegor, Hedwig Schnatmann und Herbert Rentmeister, die Aktion vor, die zum wiederholten Male unter der Schirmherrschaft von B\u00fcrgermeister L\u00fctkenhorst steht. (Foto: Andre Elschenbroich)<\/p>\n<p><a href=\"http:\/\/www.kvg-dorsten.de\/dorstener-tafel\/wordpress\/wp-content\/uploads\/2015\/09\/waz2012-11-15.jpg\" target=\"_blank\"><img loading=\"lazy\" decoding=\"async\" class=\"alignnone wp-image-132 size-full\" src=\"http:\/\/www.kvg-dorsten.de\/dorstener-tafel\/wordpress\/wp-content\/uploads\/2015\/09\/waz2012-11-15.jpg\" alt=\"waz2012-11-15\" width=\"656\" height=\"240\" srcset=\"https:\/\/www.kvg-dorsten.de\/dorstener-tafel\/wordpress\/wp-content\/uploads\/2015\/09\/waz2012-11-15.jpg 656w, https:\/\/www.kvg-dorsten.de\/dorstener-tafel\/wordpress\/wp-content\/uploads\/2015\/09\/waz2012-11-15-300x110.jpg 300w\" sizes=\"auto, (max-width: 656px) 100vw, 656px\" \/><\/a><\/p>\n<p>Zum dritten Mal dabei waren die Sch\u00fclerinnen und Sch\u00fcler der Erich-Klausener-Realschule, die am 30.11. \u00fcber 50 P\u00e4ckchen dem Vorsitzenden der Tafel, Josef Vrenegor, \u00fcbergeben konnten und so mit daf\u00fcr sorgten, dass ein wenig Glanz in das Weihnachtsfest bed\u00fcrftiger Familien kam. (Foto: R\u00fcdiger Eggert)<\/p>\n<figure id=\"attachment_133\" aria-describedby=\"caption-attachment-133\" style=\"width: 1024px\" class=\"wp-caption alignnone\"><a href=\"http:\/\/www.kvg-dorsten.de\/dorstener-tafel\/wordpress\/wp-content\/uploads\/2015\/09\/DN2013-11-30-KLAUSENER-REAL-PACKC.jpg\" target=\"_blank\"><img loading=\"lazy\" decoding=\"async\" class=\"wp-image-133 size-full\" src=\"http:\/\/www.kvg-dorsten.de\/dorstener-tafel\/wordpress\/wp-content\/uploads\/2015\/09\/DN2013-11-30-KLAUSENER-REAL-PACKC.jpg\" alt=\"\u00dcber 50 P\u00e4ckchen f\u00fcr die Dorstener Tafel haben die Sch\u00fclerinnen und Sch\u00fcler der Erich-Klausener-Realschule gesammelt. Josef Vrenegor (l. im Bild) nham die gro\u00dfe Spende entgegen.\" width=\"1024\" height=\"769\" srcset=\"https:\/\/www.kvg-dorsten.de\/dorstener-tafel\/wordpress\/wp-content\/uploads\/2015\/09\/DN2013-11-30-KLAUSENER-REAL-PACKC.jpg 1024w, https:\/\/www.kvg-dorsten.de\/dorstener-tafel\/wordpress\/wp-content\/uploads\/2015\/09\/DN2013-11-30-KLAUSENER-REAL-PACKC-300x225.jpg 300w\" sizes=\"auto, (max-width: 1024px) 100vw, 1024px\" \/><\/a><figcaption id=\"caption-attachment-133\" class=\"wp-caption-text\">\u00dcber 50 P\u00e4ckchen f\u00fcr die Dorstener Tafel haben die Sch\u00fclerinnen und Sch\u00fcler der Erich-Klausener-Realschule gesammelt. Josef Vrenegor (l. im Bild) nham die gro\u00dfe Spende entgegen.<\/figcaption><\/figure>\n<p>Auch die Jahrgangsstufe 9 des Gymnasium Petrinum beteiligte schon zum zweiten Mal. (Foto: R\u00fcdiger Eggert)<\/p>\n<figure id=\"attachment_134\" aria-describedby=\"caption-attachment-134\" style=\"width: 1024px\" class=\"wp-caption alignnone\"><a href=\"http:\/\/www.kvg-dorsten.de\/dorstener-tafel\/wordpress\/wp-content\/uploads\/2015\/09\/DN2012-12-11-TAFELSPENDE-EGG.jpg\" target=\"_blank\"><img loading=\"lazy\" decoding=\"async\" class=\"wp-image-134 size-full\" src=\"http:\/\/www.kvg-dorsten.de\/dorstener-tafel\/wordpress\/wp-content\/uploads\/2015\/09\/DN2012-12-11-TAFELSPENDE-EGG.jpg\" alt=\"Zum mzweiten Mal beteiligte sich das Gymnasium OPetrinum an der Weihnachtspaketaktion der Diorstener Tafel. Schlleiter Wolfgang Gorniak vesprach, dass sich die Schule auch im n\u00e4chsten Jahr wieder an der Aktion beteiligen wird .\" width=\"1024\" height=\"651\" srcset=\"https:\/\/www.kvg-dorsten.de\/dorstener-tafel\/wordpress\/wp-content\/uploads\/2015\/09\/DN2012-12-11-TAFELSPENDE-EGG.jpg 1024w, https:\/\/www.kvg-dorsten.de\/dorstener-tafel\/wordpress\/wp-content\/uploads\/2015\/09\/DN2012-12-11-TAFELSPENDE-EGG-300x191.jpg 300w\" sizes=\"auto, (max-width: 1024px) 100vw, 1024px\" \/><\/a><figcaption id=\"caption-attachment-134\" class=\"wp-caption-text\">Zum zweiten Mal beteiligte sich das Gymnasium Petrinum an der Weihnachtspaketaktion der Dorstener Tafel. Schulleiter Wolfgang Gorniak vesprach, dass sich die Schule auch im n\u00e4chsten Jahr wieder an der Aktion beteiligen wird .<\/figcaption><\/figure>\n<p>Vom 5. bis 17. November 2012 f\u00fchrt Rewe wieder in allen bundesweiten Rewe- und toom-Verbraucherm\u00e4rkten, so auch im Dorstener toom-Markt, unter dem Motto &#8222;Mithelfen. Mitspenden.&#8220; eine Kauf-eins-mehr-Aktion zugunsten der Tafeln durch. Die Kunden werden beim Betreten des Marktes gebeten, Aktionst\u00fcten zu je 5 Euro zu erwerben und an die lokale Tafel zu spenden. Die T\u00fcten enthalten haltbare Lebensmittel wie Penne, gehackte Tomaten, Tomatensuppe, Kn\u00f6del, Sauerkraut, Erdn\u00fcsse pikant, Gnocchi, Tee und Schokolade &#8211; Produkte, die bei den Tafeln normalerweise Mangelware sind.<\/p>\n<p>Wir bedanken uns schon jetzt im Namen der Dorstener Tafel herzlich bei allen Spenderinnen und Spendern!<\/p>\n<p>&nbsp;<\/p>\n<p>&nbsp;<\/p>\n<p>Nachdem insgesamt die Reaktion auf die Spendenaufrufe anfangs eher d\u00fcrftig war, \u00fcberraschte eine gro\u00dfz\u00fcgige Spende aus den Arabischen Emiraten, sodass doch noch insgesamt deutlich mehr als 250 Pakete zusammengestellt werden konnten. Diese konnten dann am 13.12. \u00fcbergeben werden.<\/p>\n<p><strong>Bericht in der Dorstener Zeitung: <\/strong><br \/>\n<strong>Anonymer Wohlt\u00e4ter aus den Emiraten hilft der Dorstener Tafel<\/strong><\/p>\n<p><span class=\"ortsmarke\">WULFEN-BARKENBERG<\/span> Auch in den fernen Vereinigten Arabischen Emiraten wird die Dorstener Zeitung online gelesen. Das hat nun dazu gef\u00fchrt, dass ein anonymer Wohlt\u00e4ter eine erkleckliche Spende locker machte, nachdem wir \u00fcber die zuvor d\u00fcrftig angelaufene Weihnachtspaket-Aktion der Dorstener Tafel berichtet hatten.<\/p>\n<figure id=\"attachment_135\" aria-describedby=\"caption-attachment-135\" style=\"width: 624px\" class=\"wp-caption alignnone\"><a href=\"http:\/\/www.kvg-dorsten.de\/dorstener-tafel\/wordpress\/wp-content\/uploads\/2015\/09\/3567059_m3w624h416q75v34459_1214DN-DOR-TAFEL-1-EGG.jpg\" target=\"_blank\"><img loading=\"lazy\" decoding=\"async\" class=\"wp-image-135 size-full\" src=\"http:\/\/www.kvg-dorsten.de\/dorstener-tafel\/wordpress\/wp-content\/uploads\/2015\/09\/3567059_m3w624h416q75v34459_1214DN-DOR-TAFEL-1-EGG.jpg\" alt=\"3567059_m3w624h416q75v34459_1214DN-DOR-TAFEL-1-EGG\" width=\"624\" height=\"416\" srcset=\"https:\/\/www.kvg-dorsten.de\/dorstener-tafel\/wordpress\/wp-content\/uploads\/2015\/09\/3567059_m3w624h416q75v34459_1214DN-DOR-TAFEL-1-EGG.jpg 624w, https:\/\/www.kvg-dorsten.de\/dorstener-tafel\/wordpress\/wp-content\/uploads\/2015\/09\/3567059_m3w624h416q75v34459_1214DN-DOR-TAFEL-1-EGG-300x200.jpg 300w\" sizes=\"auto, (max-width: 624px) 100vw, 624px\" \/><\/a><figcaption id=\"caption-attachment-135\" class=\"wp-caption-text\">Jede Menge zu verteilen gab es f\u00fcr die Mitarbeioter der Dorstener Tafel. Herbert Rentmeister , Veronika Plemper, Josef Vrenegor, Lilly Jakob, Marianne und Wolfgang Halm (v.l.) waren die Gaben\u00fcberbringer f\u00fcr viele Bed\u00fcrftige. Foto R\u00fcdiger Eggert<\/figcaption><\/figure>\n<p>\u201eIch lese jeden Morgen online die Dorstener Zeitung und habe dabei festgestellt, dass Sie ein Problem haben.\u201c Ein Anrufer aus den Vereinigten Arabischen Emiraten erwies sich als rettender Weihnachtsengel f\u00fcr die Dorstener Tafel, als er Kontakt zu Josef Vrenegor aufnahm.<\/p>\n<p>Wir hatten berichtet, dass die Dorstener Tafel im Vergleich zum Vorjahr nur ein Drittel der Weihnachtspakete f\u00fcr Bed\u00fcrftige zusammenbekommen habe. Der <a href=\"http:\/\/www.dorstenerzeitung.de\/lokales\/dorsten\/Die-Dorstener-Tafel-sucht-noch-Spender-von-Weihnachtspaketen;art914,1851440?fCMS=rn3cklr7k268c6c6cqsvmjh747\">Artikel <\/a>(&#8222;Die Dorstener Tafel sucht noch Spender von Weihnachtspaketen&#8220;) bewegte daraufhin eine Reihe von B\u00fcrgern, der Tafel spontan etwas zu spenden.<\/p>\n<p><strong>&#8222;Geld auf dem Konto&#8220;<\/strong><\/p>\n<p>Den au\u00dfergew\u00f6hnlichsten Anruf bekam Josef Vrenegor am Mittwoch gegen 9.30 Uhr. Der Anrufer aus den Emiraten, der anonym bleiben m\u00f6chte, versprach, einen Geldbetrag zu \u00fcberweisen, um die Tafel zu unterst\u00fctzen. \u201eZuerst war ich irritiert\u201c, gesteht Josef Vrenegor.<\/p>\n<div class=\"subBlock greyBackground subArticleTeaser\">\n<div class=\"inside\">\n<aside class=\"teaser\">\n<h2><b class=\"b1h\">\u00a0<\/b><\/h2>\n<\/aside>\n<\/div>\n<\/div>\n<p>Falls Vrenegor zu diesem Zeitpunkt noch an der Ernsthaftigkeit gezweifelt h\u00e4tte, wurde er wenige Stunden sp\u00e4ter eines Besseren belehrt. \u201eSchon gegen Mittag war das Geld auf dem Konto.\u201c \u00dcber die Spendenh\u00f6he schweigt sich der Tafel-Vorsitzende aus. Dass es eine h\u00f6chst gro\u00dfz\u00fcgige Spende ist, daraus macht Vrenegor keinen Hehl.<\/p>\n<p><strong>Spontan<\/strong><\/p>\n<p>Zusammen mit den kleineren Zuwendungen (\u201eWir haben kurzfristig Betr\u00e4ge zwischen 15 und 200 Euro erhalten\u201c) und einer Menge Pakete, die von Dorstenern noch spontan abgegeben wurden, konnte Vrenegor folgendes freudige Fazit ziehen: \u201eAlle werden etwas bekommen!\u201c<\/p>\n<p>Die Weihnachtsp\u00e4ckchenaktion der Tafel ist also wieder einmal ein gro\u00dfer Erfolg. Vrenegor wei\u00df: \u201eDer Zeitungsartikel hat uns geholfen.\u201c<\/p>\n<p><strong>250 Pakete<\/strong><\/p>\n<p>Insgesamt muss man feststellen, dass weniger Sachspenden die Tafel erreichten. Mit den Geldspenden konnten aber gezielt Lebensmittel zugekauft werden. \u201eGestern haben wir zehn Stunden Pakete gepackt\u201c, berichtet Marianne Halm, die sich seit Jahren ehrenamtlich mit ihrem Mann Wolfgang engagiert.<\/p>\n<p>Weit \u00fcber 250 Pakete stapelten sich gestern im Ladenlokal an der Dimker Allee. Ein Teil bereits vorgepackt, denn die Mitarbeiter kennen einen Gro\u00dfteil ihrer Kunden. Diese standen bereits eine Stunde vor dem Ausgabetermin bei frostigen Temperaturen vor dem Ladenlokal. Und freuten sich, als sie h\u00f6rten, dass niemand mit leeren H\u00e4nden nach Hause gehen m\u00fcsse.<\/p>\n<p>&nbsp;<\/p>\n","protected":false},"excerpt":{"rendered":"<p>Auch in diesem Jahr waren alle Dorstener wieder aufgerufen, f\u00fcr all die Mitb\u00fcrger in unserer Stadt, denen es nicht so [&hellip;]<\/p>\n","protected":false},"author":1,"featured_media":0,"comment_status":"open","ping_status":"open","sticky":false,"template":"","format":"standard","meta":{"footnotes":""},"categories":[1,4],"tags":[],"class_list":["post-131","post","type-post","status-publish","format-standard","hentry","category-allgemein","category-presse"],"yoast_head":"<!-- This site is optimized with the Yoast SEO plugin v26.8 - https:\/\/yoast.com\/product\/yoast-seo-wordpress\/ -->\n<title>Alle Jahre wieder - Erfolg mit der Weihnachtsp\u00e4ckchen-Aktion 2012 - Home | Tafel Dorsten<\/title>\n<meta name=\"robots\" content=\"index, follow, max-snippet:-1, max-image-preview:large, max-video-preview:-1\" \/>\n<link rel=\"canonical\" href=\"https:\/\/www.dorstener-tafel.de\/?p=131\" \/>\n<meta property=\"og:locale\" content=\"de_DE\" \/>\n<meta property=\"og:type\" content=\"article\" \/>\n<meta property=\"og:title\" content=\"Alle Jahre wieder - Erfolg mit der Weihnachtsp\u00e4ckchen-Aktion 2012 - Home | Tafel Dorsten\" \/>\n<meta property=\"og:description\" content=\"Auch in diesem Jahr waren alle Dorstener wieder aufgerufen, f\u00fcr all die Mitb\u00fcrger in unserer Stadt, denen es nicht so [&hellip;]\" \/>\n<meta property=\"og:url\" content=\"https:\/\/www.dorstener-tafel.de\/?p=131\" \/>\n<meta property=\"og:site_name\" content=\"Home | Tafel Dorsten\" \/>\n<meta property=\"article:publisher\" content=\"https:\/\/www.facebook.com\/Dorstener-Tafel-eV-710109832448127\/\" \/>\n<meta property=\"article:published_time\" content=\"2012-12-17T23:09:16+00:00\" \/>\n<meta property=\"article:modified_time\" content=\"2015-09-17T23:09:55+00:00\" \/>\n<meta property=\"og:image\" content=\"http:\/\/www.kvg-dorsten.de\/dorstener-tafel\/wordpress\/wp-content\/uploads\/2015\/09\/waz2012-11-15.jpg\" \/>\n<meta name=\"author\" content=\"jotw\" \/>\n<meta name=\"twitter:card\" content=\"summary_large_image\" \/>\n<meta name=\"twitter:label1\" content=\"Verfasst von\" \/>\n\t<meta name=\"twitter:data1\" content=\"jotw\" \/>\n\t<meta name=\"twitter:label2\" content=\"Gesch\u00e4tzte Lesezeit\" \/>\n\t<meta name=\"twitter:data2\" content=\"4\u00a0Minuten\" \/>\n<script type=\"application\/ld+json\" class=\"yoast-schema-graph\">{\"@context\":\"https:\/\/schema.org\",\"@graph\":[{\"@type\":\"Article\",\"@id\":\"https:\/\/www.dorstener-tafel.de\/?p=131#article\",\"isPartOf\":{\"@id\":\"https:\/\/www.dorstener-tafel.de\/?p=131\"},\"author\":{\"name\":\"jotw\",\"@id\":\"https:\/\/www.dorstener-tafel.de\/#\/schema\/person\/c9a6797db5c21dbeb0851056380dcb01\"},\"headline\":\"Alle Jahre wieder &#8211; Erfolg mit der Weihnachtsp\u00e4ckchen-Aktion 2012\",\"datePublished\":\"2012-12-17T23:09:16+00:00\",\"dateModified\":\"2015-09-17T23:09:55+00:00\",\"mainEntityOfPage\":{\"@id\":\"https:\/\/www.dorstener-tafel.de\/?p=131\"},\"wordCount\":793,\"commentCount\":0,\"image\":{\"@id\":\"https:\/\/www.dorstener-tafel.de\/?p=131#primaryimage\"},\"thumbnailUrl\":\"http:\/\/www.kvg-dorsten.de\/dorstener-tafel\/wordpress\/wp-content\/uploads\/2015\/09\/waz2012-11-15.jpg\",\"articleSection\":[\"Aktuelles\",\"Presse\"],\"inLanguage\":\"de\",\"potentialAction\":[{\"@type\":\"CommentAction\",\"name\":\"Comment\",\"target\":[\"https:\/\/www.dorstener-tafel.de\/?p=131#respond\"]}]},{\"@type\":\"WebPage\",\"@id\":\"https:\/\/www.dorstener-tafel.de\/?p=131\",\"url\":\"https:\/\/www.dorstener-tafel.de\/?p=131\",\"name\":\"Alle Jahre wieder - Erfolg mit der Weihnachtsp\u00e4ckchen-Aktion 2012 - Home | Tafel Dorsten\",\"isPartOf\":{\"@id\":\"https:\/\/www.dorstener-tafel.de\/#website\"},\"primaryImageOfPage\":{\"@id\":\"https:\/\/www.dorstener-tafel.de\/?p=131#primaryimage\"},\"image\":{\"@id\":\"https:\/\/www.dorstener-tafel.de\/?p=131#primaryimage\"},\"thumbnailUrl\":\"http:\/\/www.kvg-dorsten.de\/dorstener-tafel\/wordpress\/wp-content\/uploads\/2015\/09\/waz2012-11-15.jpg\",\"datePublished\":\"2012-12-17T23:09:16+00:00\",\"dateModified\":\"2015-09-17T23:09:55+00:00\",\"author\":{\"@id\":\"https:\/\/www.dorstener-tafel.de\/#\/schema\/person\/c9a6797db5c21dbeb0851056380dcb01\"},\"breadcrumb\":{\"@id\":\"https:\/\/www.dorstener-tafel.de\/?p=131#breadcrumb\"},\"inLanguage\":\"de\",\"potentialAction\":[{\"@type\":\"ReadAction\",\"target\":[\"https:\/\/www.dorstener-tafel.de\/?p=131\"]}]},{\"@type\":\"ImageObject\",\"inLanguage\":\"de\",\"@id\":\"https:\/\/www.dorstener-tafel.de\/?p=131#primaryimage\",\"url\":\"http:\/\/www.kvg-dorsten.de\/dorstener-tafel\/wordpress\/wp-content\/uploads\/2015\/09\/waz2012-11-15.jpg\",\"contentUrl\":\"http:\/\/www.kvg-dorsten.de\/dorstener-tafel\/wordpress\/wp-content\/uploads\/2015\/09\/waz2012-11-15.jpg\"},{\"@type\":\"BreadcrumbList\",\"@id\":\"https:\/\/www.dorstener-tafel.de\/?p=131#breadcrumb\",\"itemListElement\":[{\"@type\":\"ListItem\",\"position\":1,\"name\":\"Home\",\"item\":\"https:\/\/www.dorstener-tafel.de\/\"},{\"@type\":\"ListItem\",\"position\":2,\"name\":\"Alle Jahre wieder &#8211; Erfolg mit der Weihnachtsp\u00e4ckchen-Aktion 2012\"}]},{\"@type\":\"WebSite\",\"@id\":\"https:\/\/www.dorstener-tafel.de\/#website\",\"url\":\"https:\/\/www.dorstener-tafel.de\/\",\"name\":\"Home | Tafel Dorsten\",\"description\":\"\",\"potentialAction\":[{\"@type\":\"SearchAction\",\"target\":{\"@type\":\"EntryPoint\",\"urlTemplate\":\"https:\/\/www.dorstener-tafel.de\/?s={search_term_string}\"},\"query-input\":{\"@type\":\"PropertyValueSpecification\",\"valueRequired\":true,\"valueName\":\"search_term_string\"}}],\"inLanguage\":\"de\"},{\"@type\":\"Person\",\"@id\":\"https:\/\/www.dorstener-tafel.de\/#\/schema\/person\/c9a6797db5c21dbeb0851056380dcb01\",\"name\":\"jotw\",\"image\":{\"@type\":\"ImageObject\",\"inLanguage\":\"de\",\"@id\":\"https:\/\/www.dorstener-tafel.de\/#\/schema\/person\/image\/\",\"url\":\"https:\/\/secure.gravatar.com\/avatar\/225c6088c3bfecfbb42a2a0d5c9556b6?s=96&d=retro&r=g\",\"contentUrl\":\"https:\/\/secure.gravatar.com\/avatar\/225c6088c3bfecfbb42a2a0d5c9556b6?s=96&d=retro&r=g\",\"caption\":\"jotw\"},\"url\":\"https:\/\/www.dorstener-tafel.de\/?author=1\"}]}<\/script>\n<!-- \/ Yoast SEO plugin. -->","yoast_head_json":{"title":"Alle Jahre wieder - Erfolg mit der Weihnachtsp\u00e4ckchen-Aktion 2012 - Home | Tafel Dorsten","robots":{"index":"index","follow":"follow","max-snippet":"max-snippet:-1","max-image-preview":"max-image-preview:large","max-video-preview":"max-video-preview:-1"},"canonical":"https:\/\/www.dorstener-tafel.de\/?p=131","og_locale":"de_DE","og_type":"article","og_title":"Alle Jahre wieder - Erfolg mit der Weihnachtsp\u00e4ckchen-Aktion 2012 - Home | Tafel Dorsten","og_description":"Auch in diesem Jahr waren alle Dorstener wieder aufgerufen, f\u00fcr all die Mitb\u00fcrger in unserer Stadt, denen es nicht so [&hellip;]","og_url":"https:\/\/www.dorstener-tafel.de\/?p=131","og_site_name":"Home | Tafel Dorsten","article_publisher":"https:\/\/www.facebook.com\/Dorstener-Tafel-eV-710109832448127\/","article_published_time":"2012-12-17T23:09:16+00:00","article_modified_time":"2015-09-17T23:09:55+00:00","og_image":[{"url":"http:\/\/www.kvg-dorsten.de\/dorstener-tafel\/wordpress\/wp-content\/uploads\/2015\/09\/waz2012-11-15.jpg","type":"","width":"","height":""}],"author":"jotw","twitter_card":"summary_large_image","twitter_misc":{"Verfasst von":"jotw","Gesch\u00e4tzte Lesezeit":"4\u00a0Minuten"},"schema":{"@context":"https:\/\/schema.org","@graph":[{"@type":"Article","@id":"https:\/\/www.dorstener-tafel.de\/?p=131#article","isPartOf":{"@id":"https:\/\/www.dorstener-tafel.de\/?p=131"},"author":{"name":"jotw","@id":"https:\/\/www.dorstener-tafel.de\/#\/schema\/person\/c9a6797db5c21dbeb0851056380dcb01"},"headline":"Alle Jahre wieder &#8211; Erfolg mit der Weihnachtsp\u00e4ckchen-Aktion 2012","datePublished":"2012-12-17T23:09:16+00:00","dateModified":"2015-09-17T23:09:55+00:00","mainEntityOfPage":{"@id":"https:\/\/www.dorstener-tafel.de\/?p=131"},"wordCount":793,"commentCount":0,"image":{"@id":"https:\/\/www.dorstener-tafel.de\/?p=131#primaryimage"},"thumbnailUrl":"http:\/\/www.kvg-dorsten.de\/dorstener-tafel\/wordpress\/wp-content\/uploads\/2015\/09\/waz2012-11-15.jpg","articleSection":["Aktuelles","Presse"],"inLanguage":"de","potentialAction":[{"@type":"CommentAction","name":"Comment","target":["https:\/\/www.dorstener-tafel.de\/?p=131#respond"]}]},{"@type":"WebPage","@id":"https:\/\/www.dorstener-tafel.de\/?p=131","url":"https:\/\/www.dorstener-tafel.de\/?p=131","name":"Alle Jahre wieder - Erfolg mit der Weihnachtsp\u00e4ckchen-Aktion 2012 - Home | Tafel Dorsten","isPartOf":{"@id":"https:\/\/www.dorstener-tafel.de\/#website"},"primaryImageOfPage":{"@id":"https:\/\/www.dorstener-tafel.de\/?p=131#primaryimage"},"image":{"@id":"https:\/\/www.dorstener-tafel.de\/?p=131#primaryimage"},"thumbnailUrl":"http:\/\/www.kvg-dorsten.de\/dorstener-tafel\/wordpress\/wp-content\/uploads\/2015\/09\/waz2012-11-15.jpg","datePublished":"2012-12-17T23:09:16+00:00","dateModified":"2015-09-17T23:09:55+00:00","author":{"@id":"https:\/\/www.dorstener-tafel.de\/#\/schema\/person\/c9a6797db5c21dbeb0851056380dcb01"},"breadcrumb":{"@id":"https:\/\/www.dorstener-tafel.de\/?p=131#breadcrumb"},"inLanguage":"de","potentialAction":[{"@type":"ReadAction","target":["https:\/\/www.dorstener-tafel.de\/?p=131"]}]},{"@type":"ImageObject","inLanguage":"de","@id":"https:\/\/www.dorstener-tafel.de\/?p=131#primaryimage","url":"http:\/\/www.kvg-dorsten.de\/dorstener-tafel\/wordpress\/wp-content\/uploads\/2015\/09\/waz2012-11-15.jpg","contentUrl":"http:\/\/www.kvg-dorsten.de\/dorstener-tafel\/wordpress\/wp-content\/uploads\/2015\/09\/waz2012-11-15.jpg"},{"@type":"BreadcrumbList","@id":"https:\/\/www.dorstener-tafel.de\/?p=131#breadcrumb","itemListElement":[{"@type":"ListItem","position":1,"name":"Home","item":"https:\/\/www.dorstener-tafel.de\/"},{"@type":"ListItem","position":2,"name":"Alle Jahre wieder &#8211; Erfolg mit der Weihnachtsp\u00e4ckchen-Aktion 2012"}]},{"@type":"WebSite","@id":"https:\/\/www.dorstener-tafel.de\/#website","url":"https:\/\/www.dorstener-tafel.de\/","name":"Home | Tafel Dorsten","description":"","potentialAction":[{"@type":"SearchAction","target":{"@type":"EntryPoint","urlTemplate":"https:\/\/www.dorstener-tafel.de\/?s={search_term_string}"},"query-input":{"@type":"PropertyValueSpecification","valueRequired":true,"valueName":"search_term_string"}}],"inLanguage":"de"},{"@type":"Person","@id":"https:\/\/www.dorstener-tafel.de\/#\/schema\/person\/c9a6797db5c21dbeb0851056380dcb01","name":"jotw","image":{"@type":"ImageObject","inLanguage":"de","@id":"https:\/\/www.dorstener-tafel.de\/#\/schema\/person\/image\/","url":"https:\/\/secure.gravatar.com\/avatar\/225c6088c3bfecfbb42a2a0d5c9556b6?s=96&d=retro&r=g","contentUrl":"https:\/\/secure.gravatar.com\/avatar\/225c6088c3bfecfbb42a2a0d5c9556b6?s=96&d=retro&r=g","caption":"jotw"},"url":"https:\/\/www.dorstener-tafel.de\/?author=1"}]}},"_links":{"self":[{"href":"https:\/\/www.dorstener-tafel.de\/index.php?rest_route=\/wp\/v2\/posts\/131","targetHints":{"allow":["GET"]}}],"collection":[{"href":"https:\/\/www.dorstener-tafel.de\/index.php?rest_route=\/wp\/v2\/posts"}],"about":[{"href":"https:\/\/www.dorstener-tafel.de\/index.php?rest_route=\/wp\/v2\/types\/post"}],"author":[{"embeddable":true,"href":"https:\/\/www.dorstener-tafel.de\/index.php?rest_route=\/wp\/v2\/users\/1"}],"replies":[{"embeddable":true,"href":"https:\/\/www.dorstener-tafel.de\/index.php?rest_route=%2Fwp%2Fv2%2Fcomments&post=131"}],"version-history":[{"count":2,"href":"https:\/\/www.dorstener-tafel.de\/index.php?rest_route=\/wp\/v2\/posts\/131\/revisions"}],"predecessor-version":[{"id":166,"href":"https:\/\/www.dorstener-tafel.de\/index.php?rest_route=\/wp\/v2\/posts\/131\/revisions\/166"}],"wp:attachment":[{"href":"https:\/\/www.dorstener-tafel.de\/index.php?rest_route=%2Fwp%2Fv2%2Fmedia&parent=131"}],"wp:term":[{"taxonomy":"category","embeddable":true,"href":"https:\/\/www.dorstener-tafel.de\/index.php?rest_route=%2Fwp%2Fv2%2Fcategories&post=131"},{"taxonomy":"post_tag","embeddable":true,"href":"https:\/\/www.dorstener-tafel.de\/index.php?rest_route=%2Fwp%2Fv2%2Ftags&post=131"}],"curies":[{"name":"wp","href":"https:\/\/api.w.org\/{rel}","templated":true}]}}