{"id":1162,"date":"2018-01-30T18:36:15","date_gmt":"2018-01-30T17:36:15","guid":{"rendered":"http:\/\/www.dorstener-tafel.de\/?p=1162"},"modified":"2021-02-25T12:31:09","modified_gmt":"2021-02-25T11:31:09","slug":"mitarbeiter-innen-gesucht","status":"publish","type":"post","link":"https:\/\/www.dorstener-tafel.de\/?p=1162","title":{"rendered":"Mitarbeiter\/innen gesucht!"},"content":{"rendered":"<p>&nbsp;<\/p>\n<p>Liebe Mitb\u00fcrgerinnen und Mitb\u00fcrger,<\/p>\n<p>seit nunmehr fast 15 Jahren unterst\u00fctzt die DORSTENER TAFEL e.V. bed\u00fcrftige Dorstenerinnen und Dorstener. Als bed\u00fcrftig im Sinne der TAFEL gilt jeder, der staatliche Unterst\u00fctzung zum Lebensunterhalt erh\u00e4lt.<\/p>\n<p>Im <u>Dorstener Laden<\/u> am Handwerkshof in Wulfen-Barkenberg werden zweimal in der Woche Lebens\u00admittel, deren Mindesthaltbarkeitsdatum (MHD) fast oder schon abgelaufen ist, die aber noch einwandfrei sind, zu einem kleinen Preis abgegeben.<\/p>\n<p>Im <u>Kinderladen Kunterbunt<\/u>, ebenfalls am Handwerkshof, verkaufen wir gespendetes Spielzeug, Kinderkleidung, Schulsachen \u2026<\/p>\n<p>Daneben erm\u00f6glichen wir Mitmenschen, an zwei Tagen pro Woche beim <u>Mittagstisch in der Altstadt<\/u> eine leckere warme Mahlzeit zu sich zu nehmen.<\/p>\n<p>Die allesamt ehrenamtlichen Mitarbeiterinnen und Mitarbeiter brauchen nun Ihre Unterst\u00fctzung besonders in zwei Arbeitsbereichen:<\/p>\n<p><img loading=\"lazy\" decoding=\"async\" class=\"alignleft wp-image-1523 size-medium\" src=\"http:\/\/www.kvg-dorsten.de\/dorstener-tafel\/wordpress\/wp-content\/uploads\/2018\/01\/2018-02-28-Sortieren-300x200.jpg\" alt=\"\" width=\"300\" height=\"200\" srcset=\"https:\/\/www.kvg-dorsten.de\/dorstener-tafel\/wordpress\/wp-content\/uploads\/2018\/01\/2018-02-28-Sortieren-300x200.jpg 300w, https:\/\/www.kvg-dorsten.de\/dorstener-tafel\/wordpress\/wp-content\/uploads\/2018\/01\/2018-02-28-Sortieren-768x512.jpg 768w, https:\/\/www.kvg-dorsten.de\/dorstener-tafel\/wordpress\/wp-content\/uploads\/2018\/01\/2018-02-28-Sortieren.jpg 1024w, https:\/\/www.kvg-dorsten.de\/dorstener-tafel\/wordpress\/wp-content\/uploads\/2018\/01\/2018-02-28-Sortieren-272x182.jpg 272w\" sizes=\"auto, (max-width: 300px) 100vw, 300px\" \/>An jedem Werktag besucht unser Lieferwagen mit Fahrer und Beifahrer morgens die Dorstener B\u00e4ckereien und Superm\u00e4rkte (fast alle M\u00e4rkte in Dorsten beteiligen sich daran! Danke f\u00fcr diese Solidarit\u00e4t!), um Lebensmittelspenden f\u00fcr die TAFEL abzuholen, die dann im Laden kontrolliert, sortiert, verpackt werden, bevor sie in den Verkauf gehen. Hier brauchen wir Unterst\u00fctzung durch Mitmenschen, die etwa einmal pro Woche bereit sind, morgens kr\u00e4ftig anzupacken, also Obst- und Gem\u00fcsekisten im Markt ein- und im Laden wieder ausladen!<\/p>\n<p>Im Kinderladen Kunterbunt fehlt uns seit geraumer Zeit ein Team, das es m\u00f6glich macht, auch am Freitag wieder zu \u00f6ffnen. Mitarbeiter\/Innen dort m\u00fcssten bereit sein, gespendete Kinderkleidung zu waschen, evtl. zu n\u00e4hen, zu b\u00fcgeln, Spielzeug und Schulsachen zu reinigen und f\u00fcr den Verkauf vorzubereiten \u2013 und nat\u00fcrlich auch freitags zwischen 14:30 Uhr und 17:00 Uhr zu verkaufen.<\/p>\n<p>Haben Sie Zeit und Lust oder kennen Sie jemanden, den Sie ansprechen k\u00f6nnen? Etwa 800 Menschen in Dorsten, die regelm\u00e4\u00dfig Kunden der TAFEL sind, sind dankbar f\u00fcr Ihr Engagement!<\/p>\n<p><a href=\"http:\/\/www.dorstener-tafel.de\/?page_id=1154\"><img loading=\"lazy\" decoding=\"async\" class=\"wp-image-1163 size-full aligncenter\" src=\"http:\/\/www.kvg-dorsten.de\/dorstener-tafel\/wordpress\/wp-content\/uploads\/2018\/01\/verstaerkung-mit-logo.jpg\" alt=\"\" width=\"667\" height=\"290\" srcset=\"https:\/\/www.kvg-dorsten.de\/dorstener-tafel\/wordpress\/wp-content\/uploads\/2018\/01\/verstaerkung-mit-logo.jpg 667w, https:\/\/www.kvg-dorsten.de\/dorstener-tafel\/wordpress\/wp-content\/uploads\/2018\/01\/verstaerkung-mit-logo-300x130.jpg 300w\" sizes=\"auto, (max-width: 667px) 100vw, 667px\" \/><\/a><\/p>\n<p>&nbsp;<\/p>\n","protected":false},"excerpt":{"rendered":"<p>&nbsp; Liebe Mitb\u00fcrgerinnen und Mitb\u00fcrger, seit nunmehr fast 15 Jahren unterst\u00fctzt die DORSTENER TAFEL e.V. bed\u00fcrftige Dorstenerinnen und Dorstener. Als [&hellip;]<\/p>\n","protected":false},"author":1,"featured_media":1163,"comment_status":"open","ping_status":"closed","sticky":false,"template":"","format":"standard","meta":{"footnotes":""},"categories":[1],"tags":[],"class_list":["post-1162","post","type-post","status-publish","format-standard","has-post-thumbnail","hentry","category-allgemein"],"yoast_head":"<!-- This site is optimized with the Yoast SEO plugin v26.8 - https:\/\/yoast.com\/product\/yoast-seo-wordpress\/ -->\n<title>Mitarbeiter\/innen gesucht! - Home | Tafel Dorsten<\/title>\n<meta name=\"robots\" content=\"index, follow, max-snippet:-1, max-image-preview:large, max-video-preview:-1\" \/>\n<link rel=\"canonical\" href=\"https:\/\/www.dorstener-tafel.de\/?p=1162\" \/>\n<meta property=\"og:locale\" content=\"de_DE\" \/>\n<meta property=\"og:type\" content=\"article\" \/>\n<meta property=\"og:title\" content=\"Mitarbeiter\/innen gesucht! - Home | Tafel Dorsten\" \/>\n<meta property=\"og:description\" content=\"&nbsp; Liebe Mitb\u00fcrgerinnen und Mitb\u00fcrger, seit nunmehr fast 15 Jahren unterst\u00fctzt die DORSTENER TAFEL e.V. bed\u00fcrftige Dorstenerinnen und Dorstener. Als [&hellip;]\" \/>\n<meta property=\"og:url\" content=\"https:\/\/www.dorstener-tafel.de\/?p=1162\" \/>\n<meta property=\"og:site_name\" content=\"Home | Tafel Dorsten\" \/>\n<meta property=\"article:publisher\" content=\"https:\/\/www.facebook.com\/Dorstener-Tafel-eV-710109832448127\/\" \/>\n<meta property=\"article:published_time\" content=\"2018-01-30T17:36:15+00:00\" \/>\n<meta property=\"article:modified_time\" content=\"2021-02-25T11:31:09+00:00\" \/>\n<meta property=\"og:image\" content=\"https:\/\/www.kvg-dorsten.de\/dorstener-tafel\/wordpress\/wp-content\/uploads\/2018\/01\/verstaerkung-mit-logo.jpg\" \/>\n\t<meta property=\"og:image:width\" content=\"667\" \/>\n\t<meta property=\"og:image:height\" content=\"290\" \/>\n\t<meta property=\"og:image:type\" content=\"image\/jpeg\" \/>\n<meta name=\"author\" content=\"jotw\" \/>\n<meta name=\"twitter:card\" content=\"summary_large_image\" \/>\n<meta name=\"twitter:label1\" content=\"Verfasst von\" \/>\n\t<meta name=\"twitter:data1\" content=\"jotw\" \/>\n\t<meta name=\"twitter:label2\" content=\"Gesch\u00e4tzte Lesezeit\" \/>\n\t<meta name=\"twitter:data2\" content=\"2\u00a0Minuten\" \/>\n<script type=\"application\/ld+json\" class=\"yoast-schema-graph\">{\"@context\":\"https:\/\/schema.org\",\"@graph\":[{\"@type\":\"Article\",\"@id\":\"https:\/\/www.dorstener-tafel.de\/?p=1162#article\",\"isPartOf\":{\"@id\":\"https:\/\/www.dorstener-tafel.de\/?p=1162\"},\"author\":{\"name\":\"jotw\",\"@id\":\"https:\/\/www.dorstener-tafel.de\/#\/schema\/person\/c9a6797db5c21dbeb0851056380dcb01\"},\"headline\":\"Mitarbeiter\/innen gesucht!\",\"datePublished\":\"2018-01-30T17:36:15+00:00\",\"dateModified\":\"2021-02-25T11:31:09+00:00\",\"mainEntityOfPage\":{\"@id\":\"https:\/\/www.dorstener-tafel.de\/?p=1162\"},\"wordCount\":303,\"commentCount\":0,\"image\":{\"@id\":\"https:\/\/www.dorstener-tafel.de\/?p=1162#primaryimage\"},\"thumbnailUrl\":\"https:\/\/www.kvg-dorsten.de\/dorstener-tafel\/wordpress\/wp-content\/uploads\/2018\/01\/verstaerkung-mit-logo.jpg\",\"articleSection\":[\"Aktuelles\"],\"inLanguage\":\"de\",\"potentialAction\":[{\"@type\":\"CommentAction\",\"name\":\"Comment\",\"target\":[\"https:\/\/www.dorstener-tafel.de\/?p=1162#respond\"]}]},{\"@type\":\"WebPage\",\"@id\":\"https:\/\/www.dorstener-tafel.de\/?p=1162\",\"url\":\"https:\/\/www.dorstener-tafel.de\/?p=1162\",\"name\":\"Mitarbeiter\/innen gesucht! - Home | Tafel Dorsten\",\"isPartOf\":{\"@id\":\"https:\/\/www.dorstener-tafel.de\/#website\"},\"primaryImageOfPage\":{\"@id\":\"https:\/\/www.dorstener-tafel.de\/?p=1162#primaryimage\"},\"image\":{\"@id\":\"https:\/\/www.dorstener-tafel.de\/?p=1162#primaryimage\"},\"thumbnailUrl\":\"https:\/\/www.kvg-dorsten.de\/dorstener-tafel\/wordpress\/wp-content\/uploads\/2018\/01\/verstaerkung-mit-logo.jpg\",\"datePublished\":\"2018-01-30T17:36:15+00:00\",\"dateModified\":\"2021-02-25T11:31:09+00:00\",\"author\":{\"@id\":\"https:\/\/www.dorstener-tafel.de\/#\/schema\/person\/c9a6797db5c21dbeb0851056380dcb01\"},\"breadcrumb\":{\"@id\":\"https:\/\/www.dorstener-tafel.de\/?p=1162#breadcrumb\"},\"inLanguage\":\"de\",\"potentialAction\":[{\"@type\":\"ReadAction\",\"target\":[\"https:\/\/www.dorstener-tafel.de\/?p=1162\"]}]},{\"@type\":\"ImageObject\",\"inLanguage\":\"de\",\"@id\":\"https:\/\/www.dorstener-tafel.de\/?p=1162#primaryimage\",\"url\":\"https:\/\/www.kvg-dorsten.de\/dorstener-tafel\/wordpress\/wp-content\/uploads\/2018\/01\/verstaerkung-mit-logo.jpg\",\"contentUrl\":\"https:\/\/www.kvg-dorsten.de\/dorstener-tafel\/wordpress\/wp-content\/uploads\/2018\/01\/verstaerkung-mit-logo.jpg\",\"width\":667,\"height\":290},{\"@type\":\"BreadcrumbList\",\"@id\":\"https:\/\/www.dorstener-tafel.de\/?p=1162#breadcrumb\",\"itemListElement\":[{\"@type\":\"ListItem\",\"position\":1,\"name\":\"Home\",\"item\":\"https:\/\/www.dorstener-tafel.de\/\"},{\"@type\":\"ListItem\",\"position\":2,\"name\":\"Mitarbeiter\/innen gesucht!\"}]},{\"@type\":\"WebSite\",\"@id\":\"https:\/\/www.dorstener-tafel.de\/#website\",\"url\":\"https:\/\/www.dorstener-tafel.de\/\",\"name\":\"Home | Tafel Dorsten\",\"description\":\"\",\"potentialAction\":[{\"@type\":\"SearchAction\",\"target\":{\"@type\":\"EntryPoint\",\"urlTemplate\":\"https:\/\/www.dorstener-tafel.de\/?s={search_term_string}\"},\"query-input\":{\"@type\":\"PropertyValueSpecification\",\"valueRequired\":true,\"valueName\":\"search_term_string\"}}],\"inLanguage\":\"de\"},{\"@type\":\"Person\",\"@id\":\"https:\/\/www.dorstener-tafel.de\/#\/schema\/person\/c9a6797db5c21dbeb0851056380dcb01\",\"name\":\"jotw\",\"image\":{\"@type\":\"ImageObject\",\"inLanguage\":\"de\",\"@id\":\"https:\/\/www.dorstener-tafel.de\/#\/schema\/person\/image\/\",\"url\":\"https:\/\/secure.gravatar.com\/avatar\/225c6088c3bfecfbb42a2a0d5c9556b6?s=96&d=retro&r=g\",\"contentUrl\":\"https:\/\/secure.gravatar.com\/avatar\/225c6088c3bfecfbb42a2a0d5c9556b6?s=96&d=retro&r=g\",\"caption\":\"jotw\"},\"url\":\"https:\/\/www.dorstener-tafel.de\/?author=1\"}]}<\/script>\n<!-- \/ Yoast SEO plugin. -->","yoast_head_json":{"title":"Mitarbeiter\/innen gesucht! - Home | Tafel Dorsten","robots":{"index":"index","follow":"follow","max-snippet":"max-snippet:-1","max-image-preview":"max-image-preview:large","max-video-preview":"max-video-preview:-1"},"canonical":"https:\/\/www.dorstener-tafel.de\/?p=1162","og_locale":"de_DE","og_type":"article","og_title":"Mitarbeiter\/innen gesucht! - Home | Tafel Dorsten","og_description":"&nbsp; Liebe Mitb\u00fcrgerinnen und Mitb\u00fcrger, seit nunmehr fast 15 Jahren unterst\u00fctzt die DORSTENER TAFEL e.V. bed\u00fcrftige Dorstenerinnen und Dorstener. Als [&hellip;]","og_url":"https:\/\/www.dorstener-tafel.de\/?p=1162","og_site_name":"Home | Tafel Dorsten","article_publisher":"https:\/\/www.facebook.com\/Dorstener-Tafel-eV-710109832448127\/","article_published_time":"2018-01-30T17:36:15+00:00","article_modified_time":"2021-02-25T11:31:09+00:00","og_image":[{"width":667,"height":290,"url":"https:\/\/www.kvg-dorsten.de\/dorstener-tafel\/wordpress\/wp-content\/uploads\/2018\/01\/verstaerkung-mit-logo.jpg","type":"image\/jpeg"}],"author":"jotw","twitter_card":"summary_large_image","twitter_misc":{"Verfasst von":"jotw","Gesch\u00e4tzte Lesezeit":"2\u00a0Minuten"},"schema":{"@context":"https:\/\/schema.org","@graph":[{"@type":"Article","@id":"https:\/\/www.dorstener-tafel.de\/?p=1162#article","isPartOf":{"@id":"https:\/\/www.dorstener-tafel.de\/?p=1162"},"author":{"name":"jotw","@id":"https:\/\/www.dorstener-tafel.de\/#\/schema\/person\/c9a6797db5c21dbeb0851056380dcb01"},"headline":"Mitarbeiter\/innen gesucht!","datePublished":"2018-01-30T17:36:15+00:00","dateModified":"2021-02-25T11:31:09+00:00","mainEntityOfPage":{"@id":"https:\/\/www.dorstener-tafel.de\/?p=1162"},"wordCount":303,"commentCount":0,"image":{"@id":"https:\/\/www.dorstener-tafel.de\/?p=1162#primaryimage"},"thumbnailUrl":"https:\/\/www.kvg-dorsten.de\/dorstener-tafel\/wordpress\/wp-content\/uploads\/2018\/01\/verstaerkung-mit-logo.jpg","articleSection":["Aktuelles"],"inLanguage":"de","potentialAction":[{"@type":"CommentAction","name":"Comment","target":["https:\/\/www.dorstener-tafel.de\/?p=1162#respond"]}]},{"@type":"WebPage","@id":"https:\/\/www.dorstener-tafel.de\/?p=1162","url":"https:\/\/www.dorstener-tafel.de\/?p=1162","name":"Mitarbeiter\/innen gesucht! - Home | Tafel Dorsten","isPartOf":{"@id":"https:\/\/www.dorstener-tafel.de\/#website"},"primaryImageOfPage":{"@id":"https:\/\/www.dorstener-tafel.de\/?p=1162#primaryimage"},"image":{"@id":"https:\/\/www.dorstener-tafel.de\/?p=1162#primaryimage"},"thumbnailUrl":"https:\/\/www.kvg-dorsten.de\/dorstener-tafel\/wordpress\/wp-content\/uploads\/2018\/01\/verstaerkung-mit-logo.jpg","datePublished":"2018-01-30T17:36:15+00:00","dateModified":"2021-02-25T11:31:09+00:00","author":{"@id":"https:\/\/www.dorstener-tafel.de\/#\/schema\/person\/c9a6797db5c21dbeb0851056380dcb01"},"breadcrumb":{"@id":"https:\/\/www.dorstener-tafel.de\/?p=1162#breadcrumb"},"inLanguage":"de","potentialAction":[{"@type":"ReadAction","target":["https:\/\/www.dorstener-tafel.de\/?p=1162"]}]},{"@type":"ImageObject","inLanguage":"de","@id":"https:\/\/www.dorstener-tafel.de\/?p=1162#primaryimage","url":"https:\/\/www.kvg-dorsten.de\/dorstener-tafel\/wordpress\/wp-content\/uploads\/2018\/01\/verstaerkung-mit-logo.jpg","contentUrl":"https:\/\/www.kvg-dorsten.de\/dorstener-tafel\/wordpress\/wp-content\/uploads\/2018\/01\/verstaerkung-mit-logo.jpg","width":667,"height":290},{"@type":"BreadcrumbList","@id":"https:\/\/www.dorstener-tafel.de\/?p=1162#breadcrumb","itemListElement":[{"@type":"ListItem","position":1,"name":"Home","item":"https:\/\/www.dorstener-tafel.de\/"},{"@type":"ListItem","position":2,"name":"Mitarbeiter\/innen gesucht!"}]},{"@type":"WebSite","@id":"https:\/\/www.dorstener-tafel.de\/#website","url":"https:\/\/www.dorstener-tafel.de\/","name":"Home | Tafel Dorsten","description":"","potentialAction":[{"@type":"SearchAction","target":{"@type":"EntryPoint","urlTemplate":"https:\/\/www.dorstener-tafel.de\/?s={search_term_string}"},"query-input":{"@type":"PropertyValueSpecification","valueRequired":true,"valueName":"search_term_string"}}],"inLanguage":"de"},{"@type":"Person","@id":"https:\/\/www.dorstener-tafel.de\/#\/schema\/person\/c9a6797db5c21dbeb0851056380dcb01","name":"jotw","image":{"@type":"ImageObject","inLanguage":"de","@id":"https:\/\/www.dorstener-tafel.de\/#\/schema\/person\/image\/","url":"https:\/\/secure.gravatar.com\/avatar\/225c6088c3bfecfbb42a2a0d5c9556b6?s=96&d=retro&r=g","contentUrl":"https:\/\/secure.gravatar.com\/avatar\/225c6088c3bfecfbb42a2a0d5c9556b6?s=96&d=retro&r=g","caption":"jotw"},"url":"https:\/\/www.dorstener-tafel.de\/?author=1"}]}},"_links":{"self":[{"href":"https:\/\/www.dorstener-tafel.de\/index.php?rest_route=\/wp\/v2\/posts\/1162","targetHints":{"allow":["GET"]}}],"collection":[{"href":"https:\/\/www.dorstener-tafel.de\/index.php?rest_route=\/wp\/v2\/posts"}],"about":[{"href":"https:\/\/www.dorstener-tafel.de\/index.php?rest_route=\/wp\/v2\/types\/post"}],"author":[{"embeddable":true,"href":"https:\/\/www.dorstener-tafel.de\/index.php?rest_route=\/wp\/v2\/users\/1"}],"replies":[{"embeddable":true,"href":"https:\/\/www.dorstener-tafel.de\/index.php?rest_route=%2Fwp%2Fv2%2Fcomments&post=1162"}],"version-history":[{"count":7,"href":"https:\/\/www.dorstener-tafel.de\/index.php?rest_route=\/wp\/v2\/posts\/1162\/revisions"}],"predecessor-version":[{"id":2420,"href":"https:\/\/www.dorstener-tafel.de\/index.php?rest_route=\/wp\/v2\/posts\/1162\/revisions\/2420"}],"wp:featuredmedia":[{"embeddable":true,"href":"https:\/\/www.dorstener-tafel.de\/index.php?rest_route=\/wp\/v2\/media\/1163"}],"wp:attachment":[{"href":"https:\/\/www.dorstener-tafel.de\/index.php?rest_route=%2Fwp%2Fv2%2Fmedia&parent=1162"}],"wp:term":[{"taxonomy":"category","embeddable":true,"href":"https:\/\/www.dorstener-tafel.de\/index.php?rest_route=%2Fwp%2Fv2%2Fcategories&post=1162"},{"taxonomy":"post_tag","embeddable":true,"href":"https:\/\/www.dorstener-tafel.de\/index.php?rest_route=%2Fwp%2Fv2%2Ftags&post=1162"}],"curies":[{"name":"wp","href":"https:\/\/api.w.org\/{rel}","templated":true}]}}