{"id":1111,"date":"2017-12-29T01:40:09","date_gmt":"2017-12-29T00:40:09","guid":{"rendered":"http:\/\/www.dorstener-tafel.de\/?p=1111"},"modified":"2018-02-27T14:14:07","modified_gmt":"2018-02-27T13:14:07","slug":"goldene-ehrennadel-der-stadt-fuer-unsere-chefin-hedwig-schnatmann","status":"publish","type":"post","link":"https:\/\/www.dorstener-tafel.de\/?p=1111","title":{"rendered":"Goldene Ehrennadel der Stadt f\u00fcr unsere &#8218;Chefin&#8216; Hedwig Schnatmann"},"content":{"rendered":"<p>Goldene Ehrennadel<\/p>\n<p>Alle Mitarbeiterinnen und Mitarbeiter empfanden diese W\u00fcrdigung als \u00fcberaus passend und gerechtfertigt!<br \/>\nSeit der Gr\u00fcndung der Tafel im Jahr 2003 organisiert und leitet sie den Dorstener Laden &#8211; und auch heute mit fast 81 Jahren macht sie sehr verantwortungsbewusst und und mit \u00dcbersicht diesen Quasi-Fulltime-Job zum Wohle vieler Mitmenschen in Dorsten.<\/p>\n<p>Herzlichen Dank!<\/p>\n<p><a href=\"http:\/\/www.kvg-dorsten.de\/dorstener-tafel\/wordpress\/wp-content\/uploads\/2017\/12\/Medienhaus-Lensing_E-Paper-Ausgabe_RN-2017-12-29-Goldene-Ehrennadeln2017-DN-Dorsten_Freitag-29-Dezember-2017-2.jpg\"><img loading=\"lazy\" decoding=\"async\" class=\"alignnone size-full wp-image-1112\" src=\"http:\/\/www.kvg-dorsten.de\/dorstener-tafel\/wordpress\/wp-content\/uploads\/2017\/12\/Medienhaus-Lensing_E-Paper-Ausgabe_RN-2017-12-29-Goldene-Ehrennadeln2017-DN-Dorsten_Freitag-29-Dezember-2017-2.jpg\" alt=\"\" width=\"2780\" height=\"1873\" srcset=\"https:\/\/www.kvg-dorsten.de\/dorstener-tafel\/wordpress\/wp-content\/uploads\/2017\/12\/Medienhaus-Lensing_E-Paper-Ausgabe_RN-2017-12-29-Goldene-Ehrennadeln2017-DN-Dorsten_Freitag-29-Dezember-2017-2.jpg 2780w, https:\/\/www.kvg-dorsten.de\/dorstener-tafel\/wordpress\/wp-content\/uploads\/2017\/12\/Medienhaus-Lensing_E-Paper-Ausgabe_RN-2017-12-29-Goldene-Ehrennadeln2017-DN-Dorsten_Freitag-29-Dezember-2017-2-300x202.jpg 300w, https:\/\/www.kvg-dorsten.de\/dorstener-tafel\/wordpress\/wp-content\/uploads\/2017\/12\/Medienhaus-Lensing_E-Paper-Ausgabe_RN-2017-12-29-Goldene-Ehrennadeln2017-DN-Dorsten_Freitag-29-Dezember-2017-2-768x517.jpg 768w, https:\/\/www.kvg-dorsten.de\/dorstener-tafel\/wordpress\/wp-content\/uploads\/2017\/12\/Medienhaus-Lensing_E-Paper-Ausgabe_RN-2017-12-29-Goldene-Ehrennadeln2017-DN-Dorsten_Freitag-29-Dezember-2017-2-1024x690.jpg 1024w\" sizes=\"auto, (max-width: 2780px) 100vw, 2780px\" \/><\/a><\/p>\n","protected":false},"excerpt":{"rendered":"<p>Goldene Ehrennadel Alle Mitarbeiterinnen und Mitarbeiter empfanden diese W\u00fcrdigung als \u00fcberaus passend und gerechtfertigt! Seit der Gr\u00fcndung der Tafel im [&hellip;]<\/p>\n","protected":false},"author":1,"featured_media":930,"comment_status":"open","ping_status":"closed","sticky":false,"template":"","format":"standard","meta":{"footnotes":""},"categories":[1,4],"tags":[28],"class_list":["post-1111","post","type-post","status-publish","format-standard","has-post-thumbnail","hentry","category-allgemein","category-presse","tag-ehrenamt"],"yoast_head":"<!-- This site is optimized with the Yoast SEO plugin v26.8 - https:\/\/yoast.com\/product\/yoast-seo-wordpress\/ -->\n<title>Goldene Ehrennadel der Stadt f\u00fcr unsere &#039;Chefin&#039; Hedwig Schnatmann - Home | Tafel Dorsten<\/title>\n<meta name=\"robots\" content=\"index, follow, max-snippet:-1, max-image-preview:large, max-video-preview:-1\" \/>\n<link rel=\"canonical\" href=\"https:\/\/www.dorstener-tafel.de\/?p=1111\" \/>\n<meta property=\"og:locale\" content=\"de_DE\" \/>\n<meta property=\"og:type\" content=\"article\" \/>\n<meta property=\"og:title\" content=\"Goldene Ehrennadel der Stadt f\u00fcr unsere &#039;Chefin&#039; Hedwig Schnatmann - Home | Tafel Dorsten\" \/>\n<meta property=\"og:description\" content=\"Goldene Ehrennadel Alle Mitarbeiterinnen und Mitarbeiter empfanden diese W\u00fcrdigung als \u00fcberaus passend und gerechtfertigt! Seit der Gr\u00fcndung der Tafel im [&hellip;]\" \/>\n<meta property=\"og:url\" content=\"https:\/\/www.dorstener-tafel.de\/?p=1111\" \/>\n<meta property=\"og:site_name\" content=\"Home | Tafel Dorsten\" \/>\n<meta property=\"article:publisher\" content=\"https:\/\/www.facebook.com\/Dorstener-Tafel-eV-710109832448127\/\" \/>\n<meta property=\"article:published_time\" content=\"2017-12-29T00:40:09+00:00\" \/>\n<meta property=\"article:modified_time\" content=\"2018-02-27T13:14:07+00:00\" \/>\n<meta property=\"og:image\" content=\"https:\/\/www.kvg-dorsten.de\/dorstener-tafel\/wordpress\/wp-content\/uploads\/2017\/05\/DorstenerTafel80JahreHedwigSchnatmann17_05_2017_B-1024x681.jpg\" \/>\n\t<meta property=\"og:image:width\" content=\"1024\" \/>\n\t<meta property=\"og:image:height\" content=\"681\" \/>\n\t<meta property=\"og:image:type\" content=\"image\/jpeg\" \/>\n<meta name=\"author\" content=\"jotw\" \/>\n<meta name=\"twitter:card\" content=\"summary_large_image\" \/>\n<meta name=\"twitter:label1\" content=\"Verfasst von\" \/>\n\t<meta name=\"twitter:data1\" content=\"jotw\" \/>\n<script type=\"application\/ld+json\" class=\"yoast-schema-graph\">{\"@context\":\"https:\/\/schema.org\",\"@graph\":[{\"@type\":\"Article\",\"@id\":\"https:\/\/www.dorstener-tafel.de\/?p=1111#article\",\"isPartOf\":{\"@id\":\"https:\/\/www.dorstener-tafel.de\/?p=1111\"},\"author\":{\"name\":\"jotw\",\"@id\":\"https:\/\/www.dorstener-tafel.de\/#\/schema\/person\/c9a6797db5c21dbeb0851056380dcb01\"},\"headline\":\"Goldene Ehrennadel der Stadt f\u00fcr unsere &#8218;Chefin&#8216; Hedwig Schnatmann\",\"datePublished\":\"2017-12-29T00:40:09+00:00\",\"dateModified\":\"2018-02-27T13:14:07+00:00\",\"mainEntityOfPage\":{\"@id\":\"https:\/\/www.dorstener-tafel.de\/?p=1111\"},\"wordCount\":65,\"commentCount\":0,\"image\":{\"@id\":\"https:\/\/www.dorstener-tafel.de\/?p=1111#primaryimage\"},\"thumbnailUrl\":\"https:\/\/www.kvg-dorsten.de\/dorstener-tafel\/wordpress\/wp-content\/uploads\/2017\/05\/DorstenerTafel80JahreHedwigSchnatmann17_05_2017_B.jpg\",\"keywords\":[\"Ehrenamt\"],\"articleSection\":[\"Aktuelles\",\"Presse\"],\"inLanguage\":\"de\",\"potentialAction\":[{\"@type\":\"CommentAction\",\"name\":\"Comment\",\"target\":[\"https:\/\/www.dorstener-tafel.de\/?p=1111#respond\"]}]},{\"@type\":\"WebPage\",\"@id\":\"https:\/\/www.dorstener-tafel.de\/?p=1111\",\"url\":\"https:\/\/www.dorstener-tafel.de\/?p=1111\",\"name\":\"Goldene Ehrennadel der Stadt f\u00fcr unsere 'Chefin' Hedwig Schnatmann - Home | Tafel Dorsten\",\"isPartOf\":{\"@id\":\"https:\/\/www.dorstener-tafel.de\/#website\"},\"primaryImageOfPage\":{\"@id\":\"https:\/\/www.dorstener-tafel.de\/?p=1111#primaryimage\"},\"image\":{\"@id\":\"https:\/\/www.dorstener-tafel.de\/?p=1111#primaryimage\"},\"thumbnailUrl\":\"https:\/\/www.kvg-dorsten.de\/dorstener-tafel\/wordpress\/wp-content\/uploads\/2017\/05\/DorstenerTafel80JahreHedwigSchnatmann17_05_2017_B.jpg\",\"datePublished\":\"2017-12-29T00:40:09+00:00\",\"dateModified\":\"2018-02-27T13:14:07+00:00\",\"author\":{\"@id\":\"https:\/\/www.dorstener-tafel.de\/#\/schema\/person\/c9a6797db5c21dbeb0851056380dcb01\"},\"breadcrumb\":{\"@id\":\"https:\/\/www.dorstener-tafel.de\/?p=1111#breadcrumb\"},\"inLanguage\":\"de\",\"potentialAction\":[{\"@type\":\"ReadAction\",\"target\":[\"https:\/\/www.dorstener-tafel.de\/?p=1111\"]}]},{\"@type\":\"ImageObject\",\"inLanguage\":\"de\",\"@id\":\"https:\/\/www.dorstener-tafel.de\/?p=1111#primaryimage\",\"url\":\"https:\/\/www.kvg-dorsten.de\/dorstener-tafel\/wordpress\/wp-content\/uploads\/2017\/05\/DorstenerTafel80JahreHedwigSchnatmann17_05_2017_B.jpg\",\"contentUrl\":\"https:\/\/www.kvg-dorsten.de\/dorstener-tafel\/wordpress\/wp-content\/uploads\/2017\/05\/DorstenerTafel80JahreHedwigSchnatmann17_05_2017_B.jpg\",\"width\":2362,\"height\":1571,\"caption\":\"Foto: Bludau - 17.05.2017 - Dorsten Das der B\u00fcrgermeister der Stadt als Schirmherr der Dorstener Tafel, Hedwig Schnatmann ihr zu ihrem runden Geburtstag gratulieren w\u00fcrde, damit hatte sie ja durchaus gerechnet, doch als sich die R\u00e4umlichkeiten der Tafel in Barkenberg immer mehr f\u00fcllten, war Hedwig Schnatmann doch ein wenig \u00fcberrascht. B\u00fcrgermeister Tobias Stockhoff, die Fraktionsvorsitzende von CDU und SPD aus dem Dorstener Rat und nat\u00fcrlich die Verantwortlichen der Dorstener Tafel waren gekommen, um Hedwig Schnatmann zum 80-ten Geburtstag vom Herzen zu gratulieren. Als besondere \u00dcberraschung und bis dahin ein kleines Geheimnis gab f\u00fcr das Geburtstagskind eine ganze besondere Ehrung. Als erste B\u00fcrgerin der Stadt Dorsten verlieh B\u00fcrgermeister Tobias Stockhoff, Hedwig Schnatmann die st\u00e4dtische Ehrennadel in Gold f\u00fcr ihr ehrenamtliches Engagement f\u00fcr die Dorstener Tafel. \u201eFrau Schnatmann geh\u00f6rt zu den Gr\u00fcndungsmitgliedern der Dorstener Tafel. Die Dorstener Tafel ist zu ihrer Sache geworden. Sie identifiziert sich im hohen Ma\u00dfe mit ihrer Aufgabe.\u201c, hei\u00dft ist der Dankesrede des B\u00fcrgermeisters. Und weiter: \u201eBemerkenswert ist ihr langj\u00e4hriges Wirken \u00fcber nunmehr 14 Jahre. Ihr uneigenn\u00fctziges Engagement um soziale Belange verdient Dank und Anerkennung.\u201c Als 2003 die Gr\u00fcndung einer \u201aTafel\u2018 in Angriff genommen wird, fragen die Initiatoren Pastor Eickmann-Gerland und Pastor Schlotmann die damals 66-j\u00e4hrige Hedwig Schnatmann, ob sie nicht die Leitung \u00fcbernehmen m\u00f6chte. Viel zu fr\u00fch wurde sie Witwe und nahm dankbar die Aufforderung nach einer neuen, erf\u00fcllenden Herausforderung an. Sie sagte zu, ein Ja, das ihr quasi einen Fulltime-Job bescherte \u2013 mit \u00dcberstunden bis in die Nacht. Seither ist sie Kopf und Herz der Tafel, organisiert den ehrenamtlichen Einsatz der Fahrer und Helfer, ist Ansprechpartnerin f\u00fcr Besucher, Pressevertreter \u2013 und Jugendliche und Erwachsene, die Sozialstunden ableisten m\u00fcssen. Ist im Duisburger Hafen eine Pa\"},{\"@type\":\"BreadcrumbList\",\"@id\":\"https:\/\/www.dorstener-tafel.de\/?p=1111#breadcrumb\",\"itemListElement\":[{\"@type\":\"ListItem\",\"position\":1,\"name\":\"Home\",\"item\":\"https:\/\/www.dorstener-tafel.de\/\"},{\"@type\":\"ListItem\",\"position\":2,\"name\":\"Goldene Ehrennadel der Stadt f\u00fcr unsere &#8218;Chefin&#8216; Hedwig Schnatmann\"}]},{\"@type\":\"WebSite\",\"@id\":\"https:\/\/www.dorstener-tafel.de\/#website\",\"url\":\"https:\/\/www.dorstener-tafel.de\/\",\"name\":\"Home | Tafel Dorsten\",\"description\":\"\",\"potentialAction\":[{\"@type\":\"SearchAction\",\"target\":{\"@type\":\"EntryPoint\",\"urlTemplate\":\"https:\/\/www.dorstener-tafel.de\/?s={search_term_string}\"},\"query-input\":{\"@type\":\"PropertyValueSpecification\",\"valueRequired\":true,\"valueName\":\"search_term_string\"}}],\"inLanguage\":\"de\"},{\"@type\":\"Person\",\"@id\":\"https:\/\/www.dorstener-tafel.de\/#\/schema\/person\/c9a6797db5c21dbeb0851056380dcb01\",\"name\":\"jotw\",\"image\":{\"@type\":\"ImageObject\",\"inLanguage\":\"de\",\"@id\":\"https:\/\/www.dorstener-tafel.de\/#\/schema\/person\/image\/\",\"url\":\"https:\/\/secure.gravatar.com\/avatar\/225c6088c3bfecfbb42a2a0d5c9556b6?s=96&d=retro&r=g\",\"contentUrl\":\"https:\/\/secure.gravatar.com\/avatar\/225c6088c3bfecfbb42a2a0d5c9556b6?s=96&d=retro&r=g\",\"caption\":\"jotw\"},\"url\":\"https:\/\/www.dorstener-tafel.de\/?author=1\"}]}<\/script>\n<!-- \/ Yoast SEO plugin. -->","yoast_head_json":{"title":"Goldene Ehrennadel der Stadt f\u00fcr unsere 'Chefin' Hedwig Schnatmann - Home | Tafel Dorsten","robots":{"index":"index","follow":"follow","max-snippet":"max-snippet:-1","max-image-preview":"max-image-preview:large","max-video-preview":"max-video-preview:-1"},"canonical":"https:\/\/www.dorstener-tafel.de\/?p=1111","og_locale":"de_DE","og_type":"article","og_title":"Goldene Ehrennadel der Stadt f\u00fcr unsere 'Chefin' Hedwig Schnatmann - Home | Tafel Dorsten","og_description":"Goldene Ehrennadel Alle Mitarbeiterinnen und Mitarbeiter empfanden diese W\u00fcrdigung als \u00fcberaus passend und gerechtfertigt! Seit der Gr\u00fcndung der Tafel im [&hellip;]","og_url":"https:\/\/www.dorstener-tafel.de\/?p=1111","og_site_name":"Home | Tafel Dorsten","article_publisher":"https:\/\/www.facebook.com\/Dorstener-Tafel-eV-710109832448127\/","article_published_time":"2017-12-29T00:40:09+00:00","article_modified_time":"2018-02-27T13:14:07+00:00","og_image":[{"width":1024,"height":681,"url":"https:\/\/www.kvg-dorsten.de\/dorstener-tafel\/wordpress\/wp-content\/uploads\/2017\/05\/DorstenerTafel80JahreHedwigSchnatmann17_05_2017_B-1024x681.jpg","type":"image\/jpeg"}],"author":"jotw","twitter_card":"summary_large_image","twitter_misc":{"Verfasst von":"jotw"},"schema":{"@context":"https:\/\/schema.org","@graph":[{"@type":"Article","@id":"https:\/\/www.dorstener-tafel.de\/?p=1111#article","isPartOf":{"@id":"https:\/\/www.dorstener-tafel.de\/?p=1111"},"author":{"name":"jotw","@id":"https:\/\/www.dorstener-tafel.de\/#\/schema\/person\/c9a6797db5c21dbeb0851056380dcb01"},"headline":"Goldene Ehrennadel der Stadt f\u00fcr unsere &#8218;Chefin&#8216; Hedwig Schnatmann","datePublished":"2017-12-29T00:40:09+00:00","dateModified":"2018-02-27T13:14:07+00:00","mainEntityOfPage":{"@id":"https:\/\/www.dorstener-tafel.de\/?p=1111"},"wordCount":65,"commentCount":0,"image":{"@id":"https:\/\/www.dorstener-tafel.de\/?p=1111#primaryimage"},"thumbnailUrl":"https:\/\/www.kvg-dorsten.de\/dorstener-tafel\/wordpress\/wp-content\/uploads\/2017\/05\/DorstenerTafel80JahreHedwigSchnatmann17_05_2017_B.jpg","keywords":["Ehrenamt"],"articleSection":["Aktuelles","Presse"],"inLanguage":"de","potentialAction":[{"@type":"CommentAction","name":"Comment","target":["https:\/\/www.dorstener-tafel.de\/?p=1111#respond"]}]},{"@type":"WebPage","@id":"https:\/\/www.dorstener-tafel.de\/?p=1111","url":"https:\/\/www.dorstener-tafel.de\/?p=1111","name":"Goldene Ehrennadel der Stadt f\u00fcr unsere 'Chefin' Hedwig Schnatmann - Home | Tafel Dorsten","isPartOf":{"@id":"https:\/\/www.dorstener-tafel.de\/#website"},"primaryImageOfPage":{"@id":"https:\/\/www.dorstener-tafel.de\/?p=1111#primaryimage"},"image":{"@id":"https:\/\/www.dorstener-tafel.de\/?p=1111#primaryimage"},"thumbnailUrl":"https:\/\/www.kvg-dorsten.de\/dorstener-tafel\/wordpress\/wp-content\/uploads\/2017\/05\/DorstenerTafel80JahreHedwigSchnatmann17_05_2017_B.jpg","datePublished":"2017-12-29T00:40:09+00:00","dateModified":"2018-02-27T13:14:07+00:00","author":{"@id":"https:\/\/www.dorstener-tafel.de\/#\/schema\/person\/c9a6797db5c21dbeb0851056380dcb01"},"breadcrumb":{"@id":"https:\/\/www.dorstener-tafel.de\/?p=1111#breadcrumb"},"inLanguage":"de","potentialAction":[{"@type":"ReadAction","target":["https:\/\/www.dorstener-tafel.de\/?p=1111"]}]},{"@type":"ImageObject","inLanguage":"de","@id":"https:\/\/www.dorstener-tafel.de\/?p=1111#primaryimage","url":"https:\/\/www.kvg-dorsten.de\/dorstener-tafel\/wordpress\/wp-content\/uploads\/2017\/05\/DorstenerTafel80JahreHedwigSchnatmann17_05_2017_B.jpg","contentUrl":"https:\/\/www.kvg-dorsten.de\/dorstener-tafel\/wordpress\/wp-content\/uploads\/2017\/05\/DorstenerTafel80JahreHedwigSchnatmann17_05_2017_B.jpg","width":2362,"height":1571,"caption":"Foto: Bludau - 17.05.2017 - Dorsten Das der B\u00fcrgermeister der Stadt als Schirmherr der Dorstener Tafel, Hedwig Schnatmann ihr zu ihrem runden Geburtstag gratulieren w\u00fcrde, damit hatte sie ja durchaus gerechnet, doch als sich die R\u00e4umlichkeiten der Tafel in Barkenberg immer mehr f\u00fcllten, war Hedwig Schnatmann doch ein wenig \u00fcberrascht. B\u00fcrgermeister Tobias Stockhoff, die Fraktionsvorsitzende von CDU und SPD aus dem Dorstener Rat und nat\u00fcrlich die Verantwortlichen der Dorstener Tafel waren gekommen, um Hedwig Schnatmann zum 80-ten Geburtstag vom Herzen zu gratulieren. Als besondere \u00dcberraschung und bis dahin ein kleines Geheimnis gab f\u00fcr das Geburtstagskind eine ganze besondere Ehrung. Als erste B\u00fcrgerin der Stadt Dorsten verlieh B\u00fcrgermeister Tobias Stockhoff, Hedwig Schnatmann die st\u00e4dtische Ehrennadel in Gold f\u00fcr ihr ehrenamtliches Engagement f\u00fcr die Dorstener Tafel. \u201eFrau Schnatmann geh\u00f6rt zu den Gr\u00fcndungsmitgliedern der Dorstener Tafel. Die Dorstener Tafel ist zu ihrer Sache geworden. Sie identifiziert sich im hohen Ma\u00dfe mit ihrer Aufgabe.\u201c, hei\u00dft ist der Dankesrede des B\u00fcrgermeisters. Und weiter: \u201eBemerkenswert ist ihr langj\u00e4hriges Wirken \u00fcber nunmehr 14 Jahre. Ihr uneigenn\u00fctziges Engagement um soziale Belange verdient Dank und Anerkennung.\u201c Als 2003 die Gr\u00fcndung einer \u201aTafel\u2018 in Angriff genommen wird, fragen die Initiatoren Pastor Eickmann-Gerland und Pastor Schlotmann die damals 66-j\u00e4hrige Hedwig Schnatmann, ob sie nicht die Leitung \u00fcbernehmen m\u00f6chte. Viel zu fr\u00fch wurde sie Witwe und nahm dankbar die Aufforderung nach einer neuen, erf\u00fcllenden Herausforderung an. Sie sagte zu, ein Ja, das ihr quasi einen Fulltime-Job bescherte \u2013 mit \u00dcberstunden bis in die Nacht. Seither ist sie Kopf und Herz der Tafel, organisiert den ehrenamtlichen Einsatz der Fahrer und Helfer, ist Ansprechpartnerin f\u00fcr Besucher, Pressevertreter \u2013 und Jugendliche und Erwachsene, die Sozialstunden ableisten m\u00fcssen. Ist im Duisburger Hafen eine Pa"},{"@type":"BreadcrumbList","@id":"https:\/\/www.dorstener-tafel.de\/?p=1111#breadcrumb","itemListElement":[{"@type":"ListItem","position":1,"name":"Home","item":"https:\/\/www.dorstener-tafel.de\/"},{"@type":"ListItem","position":2,"name":"Goldene Ehrennadel der Stadt f\u00fcr unsere &#8218;Chefin&#8216; Hedwig Schnatmann"}]},{"@type":"WebSite","@id":"https:\/\/www.dorstener-tafel.de\/#website","url":"https:\/\/www.dorstener-tafel.de\/","name":"Home | Tafel Dorsten","description":"","potentialAction":[{"@type":"SearchAction","target":{"@type":"EntryPoint","urlTemplate":"https:\/\/www.dorstener-tafel.de\/?s={search_term_string}"},"query-input":{"@type":"PropertyValueSpecification","valueRequired":true,"valueName":"search_term_string"}}],"inLanguage":"de"},{"@type":"Person","@id":"https:\/\/www.dorstener-tafel.de\/#\/schema\/person\/c9a6797db5c21dbeb0851056380dcb01","name":"jotw","image":{"@type":"ImageObject","inLanguage":"de","@id":"https:\/\/www.dorstener-tafel.de\/#\/schema\/person\/image\/","url":"https:\/\/secure.gravatar.com\/avatar\/225c6088c3bfecfbb42a2a0d5c9556b6?s=96&d=retro&r=g","contentUrl":"https:\/\/secure.gravatar.com\/avatar\/225c6088c3bfecfbb42a2a0d5c9556b6?s=96&d=retro&r=g","caption":"jotw"},"url":"https:\/\/www.dorstener-tafel.de\/?author=1"}]}},"_links":{"self":[{"href":"https:\/\/www.dorstener-tafel.de\/index.php?rest_route=\/wp\/v2\/posts\/1111","targetHints":{"allow":["GET"]}}],"collection":[{"href":"https:\/\/www.dorstener-tafel.de\/index.php?rest_route=\/wp\/v2\/posts"}],"about":[{"href":"https:\/\/www.dorstener-tafel.de\/index.php?rest_route=\/wp\/v2\/types\/post"}],"author":[{"embeddable":true,"href":"https:\/\/www.dorstener-tafel.de\/index.php?rest_route=\/wp\/v2\/users\/1"}],"replies":[{"embeddable":true,"href":"https:\/\/www.dorstener-tafel.de\/index.php?rest_route=%2Fwp%2Fv2%2Fcomments&post=1111"}],"version-history":[{"count":2,"href":"https:\/\/www.dorstener-tafel.de\/index.php?rest_route=\/wp\/v2\/posts\/1111\/revisions"}],"predecessor-version":[{"id":1114,"href":"https:\/\/www.dorstener-tafel.de\/index.php?rest_route=\/wp\/v2\/posts\/1111\/revisions\/1114"}],"wp:featuredmedia":[{"embeddable":true,"href":"https:\/\/www.dorstener-tafel.de\/index.php?rest_route=\/wp\/v2\/media\/930"}],"wp:attachment":[{"href":"https:\/\/www.dorstener-tafel.de\/index.php?rest_route=%2Fwp%2Fv2%2Fmedia&parent=1111"}],"wp:term":[{"taxonomy":"category","embeddable":true,"href":"https:\/\/www.dorstener-tafel.de\/index.php?rest_route=%2Fwp%2Fv2%2Fcategories&post=1111"},{"taxonomy":"post_tag","embeddable":true,"href":"https:\/\/www.dorstener-tafel.de\/index.php?rest_route=%2Fwp%2Fv2%2Ftags&post=1111"}],"curies":[{"name":"wp","href":"https:\/\/api.w.org\/{rel}","templated":true}]}}