{"id":1088,"date":"2017-12-28T00:13:03","date_gmt":"2017-12-27T23:13:03","guid":{"rendered":"http:\/\/www.dorstener-tafel.de\/?p=1088"},"modified":"2017-12-31T01:15:39","modified_gmt":"2017-12-31T00:15:39","slug":"zeit-um-danke-zu-sagen-2","status":"publish","type":"post","link":"https:\/\/www.dorstener-tafel.de\/?p=1088","title":{"rendered":"Zeit, um Danke zu sagen &#8230;"},"content":{"rendered":"<p>Die weihnachtlichen Feiertage sind vorbei, bei der Tafel damit auch unser ganz besonderer Stress.<\/p>\n<p>&#8222;Weihnachtsstress bei der TAFEL? Ihr kauft keine Geschenke, habt Eure Abgabestellen kaum geschm\u00fcckt und an der Wurst- und Fleischtheke m\u00fcsst Ihr auch nicht anstehen!&#8220; mag da einer gerne sagen.<\/p>\n<p>Stimmt,\u00a0 Wurst, Fleisch, Konserven, Obst, Gem\u00fcse, Feinkost, Brot und Br\u00f6tchen erhalten wir geschenkt (Daf\u00fcr all unseren Lieferanten ganz gro\u00dfen <strong>Dank<\/strong>!) Aber all diese Lebensmittel m\u00fcssen von unseren Ehrenamtlichen abgeholt, sortiert, kontrolliert, gepackt und abgegeben werden. Das ist aber unser Alltagsjob, das machen an jedem Werktag.<\/p>\n<p><strong>Weihnachtsp\u00e4ckchen-Aktion<\/strong><\/p>\n<p>Was in der Weihnachtszeit hinzukommt: Wunderbare Geschenkp\u00e4ckchen und -pakete kommen und warten darauf, weitergegeben zu werden. Ein paar Zahlen zu unserer Weihnachtsp\u00e4ckchen-Aktion 2017 d\u00fcrfen sein: <strong>180 P\u00e4ckchen<\/strong> mit sch\u00f6nen Sachen f\u00fcr Jung und Alt wurden am 20.12.\u00a0 als vorzeitige Bescherung verteilt, <strong>20 P\u00e4ckchen<\/strong> versch\u00f6nerten die Weihnachtsfeier im Ellerbruch-Treff und den Offenen Heiligabend in St. Antonius konnten wir auch unterst\u00fctzen (s.u.).<br \/>\nUnser ganz gro\u00dfer <strong>Dank<\/strong> gilt hier nat\u00fcrlich allen Spendern, die nach dem Motto &#8222;Frohe Weihnachten! F\u00fcr alle!&#8220; wertige Lebensmittel, Drogerie-Artikel, Spielsachen, h\u00fcbschen Weihnachtsschmuck &#8230; eingepackt haben.<br \/>\n<strong>Dank<\/strong> an die Sammelstellen \u00fcberall in der Stadt, die unsere P\u00e4ckchen irgendwo in den Ecken abgestellt haben.<br \/>\n<strong>Dank<\/strong> an unsere Fahrer und Beifahrer, die neben den &#8217;normalen&#8216; Fahrten noch die P\u00e4ckchen abgeholt haben.<br \/>\n<strong>Dank<\/strong> an die freundliche Ladenbesitzerin, die uns ihr Lokal am Handwerkshof (der fr\u00fchere Pater-Pauly-Treff, das fr\u00fchere SPD-B\u00fcro) mietfrei f\u00fcr die Aktion als Lager \u00fcberlassen hat.<br \/>\n<strong>Dank<\/strong> an alle Ehrenamtlichen, die die P\u00e4ckchen kontrolliert, manchmal ein wenig umgepackt, geschm\u00fcckt und letztlich verteilt haben.<br \/>\n<strong>Dank<\/strong> an all die, die sich \u00fcber diese Geschenke gefreut haben; ihre Dankbarkeit macht unsere Arbeit lohnenswert.<\/p>\n<p><strong>Geldspenden<\/strong><\/p>\n<p>Weihnachtszeit bedeutet auch Mehrarbeit f\u00fcr unsere Schatzmeisterin: laufend gingen Spenden ein, mussten verbucht werden, es mussten Dankbriefe und Spendenquittungen geschrieben werden: eine Arbeit, die unsere Schatzmeisterin nat\u00fcrlich gerne auf sich nimmt, hilft dieses Geld doch, den laufenden Betrieb aufrechtzuerhalten: Kraftstoff, Kfz-Steuern und -Versicherung, Ladenmiete, Strom, Stra\u00dfenreinigung und M\u00fcllabfuhr &#8230; m\u00fcssen bezahlt werden. Das Spendengeld hilft uns auch dabei, eine lange geplantes Projekt umzusetzen: eine Markise, die den Eingangsbereich des Ladens abdecken kann als Wetterschutz f\u00fcr unsere wartenden Kunden und f\u00fcr unsere Fahrer bei der Anlieferung der Waren.<br \/>\n<strong>Dank<\/strong>\u00a0an alle Geldspender, private und institutionelle, f\u00fcr ihre unsch\u00e4tzbare Hilfe!<\/p>\n<p><strong>\u00d6ffentlichkeitsarbeit<\/strong><\/p>\n<p>Ganz am Rand: Auch der Webmaster hatte angenehme Mehrarbeit: Spenden\u00fcbergaben wollen fotographiert und dokumentiert sein. Wer hinter diesen Fotos eitle Selbstdarstellung der Spender vermutet, liegt falsch: der bekannte Spruch aus der Werbung &#8222;Tue Gutes und rede dr\u00fcber&#8220; trifft auch auf die TAFEL zu: es ist Teil unserer \u00d6ffentlichkeitsarbeit und ermuntert andere, nachzuziehen, mitzumachen.<\/p>\n<p>Summa summarum: Es ist ein gutes Gef\u00fchl, allenthalben diese Hilfsbereitschaft von Menschen f\u00fcr Menschen zu sp\u00fcren &#8211; und wir TAFEL-Ehrenamtlichen erleben dies zum Gl\u00fcck nicht nur zur Weihnachtszeit!<\/p>\n<p><strong>Danke!<\/strong><\/p>\n<p><a href=\"http:\/\/www.kvg-dorsten.de\/dorstener-tafel\/wordpress\/wp-content\/uploads\/2017\/12\/2017-12-29-Tafel-offener-Heiligabend.jpg\"><img loading=\"lazy\" decoding=\"async\" class=\"alignnone wp-image-1116\" src=\"http:\/\/www.kvg-dorsten.de\/dorstener-tafel\/wordpress\/wp-content\/uploads\/2017\/12\/2017-12-29-Tafel-offener-Heiligabend.jpg\" alt=\"\" width=\"800\" height=\"746\" srcset=\"https:\/\/www.kvg-dorsten.de\/dorstener-tafel\/wordpress\/wp-content\/uploads\/2017\/12\/2017-12-29-Tafel-offener-Heiligabend.jpg 2168w, https:\/\/www.kvg-dorsten.de\/dorstener-tafel\/wordpress\/wp-content\/uploads\/2017\/12\/2017-12-29-Tafel-offener-Heiligabend-300x280.jpg 300w, https:\/\/www.kvg-dorsten.de\/dorstener-tafel\/wordpress\/wp-content\/uploads\/2017\/12\/2017-12-29-Tafel-offener-Heiligabend-768x716.jpg 768w, https:\/\/www.kvg-dorsten.de\/dorstener-tafel\/wordpress\/wp-content\/uploads\/2017\/12\/2017-12-29-Tafel-offener-Heiligabend-1024x955.jpg 1024w\" sizes=\"auto, (max-width: 800px) 100vw, 800px\" \/><\/a><\/p>\n<p>&nbsp;<\/p>\n","protected":false},"excerpt":{"rendered":"<p>Die weihnachtlichen Feiertage sind vorbei, bei der Tafel damit auch unser ganz besonderer Stress. &#8222;Weihnachtsstress bei der TAFEL? Ihr kauft [&hellip;]<\/p>\n","protected":false},"author":1,"featured_media":1089,"comment_status":"open","ping_status":"closed","sticky":false,"template":"","format":"standard","meta":{"footnotes":""},"categories":[1],"tags":[65,29,20],"class_list":["post-1088","post","type-post","status-publish","format-standard","has-post-thumbnail","hentry","category-allgemein","tag-dank","tag-hilfe","tag-paeckchen"],"yoast_head":"<!-- This site is optimized with the Yoast SEO plugin v26.8 - https:\/\/yoast.com\/product\/yoast-seo-wordpress\/ -->\n<title>Zeit, um Danke zu sagen ... - Home | Tafel Dorsten<\/title>\n<meta name=\"robots\" content=\"index, follow, max-snippet:-1, max-image-preview:large, max-video-preview:-1\" \/>\n<link rel=\"canonical\" href=\"https:\/\/www.dorstener-tafel.de\/?p=1088\" \/>\n<meta property=\"og:locale\" content=\"de_DE\" \/>\n<meta property=\"og:type\" content=\"article\" \/>\n<meta property=\"og:title\" content=\"Zeit, um Danke zu sagen ... - Home | Tafel Dorsten\" \/>\n<meta property=\"og:description\" content=\"Die weihnachtlichen Feiertage sind vorbei, bei der Tafel damit auch unser ganz besonderer Stress. &#8222;Weihnachtsstress bei der TAFEL? Ihr kauft [&hellip;]\" \/>\n<meta property=\"og:url\" content=\"https:\/\/www.dorstener-tafel.de\/?p=1088\" \/>\n<meta property=\"og:site_name\" content=\"Home | Tafel Dorsten\" \/>\n<meta property=\"article:publisher\" content=\"https:\/\/www.facebook.com\/Dorstener-Tafel-eV-710109832448127\/\" \/>\n<meta property=\"article:published_time\" content=\"2017-12-27T23:13:03+00:00\" \/>\n<meta property=\"article:modified_time\" content=\"2017-12-31T00:15:39+00:00\" \/>\n<meta property=\"og:image\" content=\"https:\/\/www.kvg-dorsten.de\/dorstener-tafel\/wordpress\/wp-content\/uploads\/2017\/12\/christmas-2975398_1920.jpg\" \/>\n\t<meta property=\"og:image:width\" content=\"1920\" \/>\n\t<meta property=\"og:image:height\" content=\"1280\" \/>\n\t<meta property=\"og:image:type\" content=\"image\/jpeg\" \/>\n<meta name=\"author\" content=\"jotw\" \/>\n<meta name=\"twitter:card\" content=\"summary_large_image\" \/>\n<meta name=\"twitter:label1\" content=\"Verfasst von\" \/>\n\t<meta name=\"twitter:data1\" content=\"jotw\" \/>\n\t<meta name=\"twitter:label2\" content=\"Gesch\u00e4tzte Lesezeit\" \/>\n\t<meta name=\"twitter:data2\" content=\"2\u00a0Minuten\" \/>\n<script type=\"application\/ld+json\" class=\"yoast-schema-graph\">{\"@context\":\"https:\/\/schema.org\",\"@graph\":[{\"@type\":\"Article\",\"@id\":\"https:\/\/www.dorstener-tafel.de\/?p=1088#article\",\"isPartOf\":{\"@id\":\"https:\/\/www.dorstener-tafel.de\/?p=1088\"},\"author\":{\"name\":\"jotw\",\"@id\":\"https:\/\/www.dorstener-tafel.de\/#\/schema\/person\/c9a6797db5c21dbeb0851056380dcb01\"},\"headline\":\"Zeit, um Danke zu sagen &#8230;\",\"datePublished\":\"2017-12-27T23:13:03+00:00\",\"dateModified\":\"2017-12-31T00:15:39+00:00\",\"mainEntityOfPage\":{\"@id\":\"https:\/\/www.dorstener-tafel.de\/?p=1088\"},\"wordCount\":494,\"commentCount\":0,\"image\":{\"@id\":\"https:\/\/www.dorstener-tafel.de\/?p=1088#primaryimage\"},\"thumbnailUrl\":\"https:\/\/www.kvg-dorsten.de\/dorstener-tafel\/wordpress\/wp-content\/uploads\/2017\/12\/christmas-2975398_1920.jpg\",\"keywords\":[\"Dank\",\"Hilfe\",\"P\u00e4ckchen\"],\"articleSection\":[\"Aktuelles\"],\"inLanguage\":\"de\",\"potentialAction\":[{\"@type\":\"CommentAction\",\"name\":\"Comment\",\"target\":[\"https:\/\/www.dorstener-tafel.de\/?p=1088#respond\"]}]},{\"@type\":\"WebPage\",\"@id\":\"https:\/\/www.dorstener-tafel.de\/?p=1088\",\"url\":\"https:\/\/www.dorstener-tafel.de\/?p=1088\",\"name\":\"Zeit, um Danke zu sagen ... - Home | Tafel Dorsten\",\"isPartOf\":{\"@id\":\"https:\/\/www.dorstener-tafel.de\/#website\"},\"primaryImageOfPage\":{\"@id\":\"https:\/\/www.dorstener-tafel.de\/?p=1088#primaryimage\"},\"image\":{\"@id\":\"https:\/\/www.dorstener-tafel.de\/?p=1088#primaryimage\"},\"thumbnailUrl\":\"https:\/\/www.kvg-dorsten.de\/dorstener-tafel\/wordpress\/wp-content\/uploads\/2017\/12\/christmas-2975398_1920.jpg\",\"datePublished\":\"2017-12-27T23:13:03+00:00\",\"dateModified\":\"2017-12-31T00:15:39+00:00\",\"author\":{\"@id\":\"https:\/\/www.dorstener-tafel.de\/#\/schema\/person\/c9a6797db5c21dbeb0851056380dcb01\"},\"breadcrumb\":{\"@id\":\"https:\/\/www.dorstener-tafel.de\/?p=1088#breadcrumb\"},\"inLanguage\":\"de\",\"potentialAction\":[{\"@type\":\"ReadAction\",\"target\":[\"https:\/\/www.dorstener-tafel.de\/?p=1088\"]}]},{\"@type\":\"ImageObject\",\"inLanguage\":\"de\",\"@id\":\"https:\/\/www.dorstener-tafel.de\/?p=1088#primaryimage\",\"url\":\"https:\/\/www.kvg-dorsten.de\/dorstener-tafel\/wordpress\/wp-content\/uploads\/2017\/12\/christmas-2975398_1920.jpg\",\"contentUrl\":\"https:\/\/www.kvg-dorsten.de\/dorstener-tafel\/wordpress\/wp-content\/uploads\/2017\/12\/christmas-2975398_1920.jpg\",\"width\":1920,\"height\":1280},{\"@type\":\"BreadcrumbList\",\"@id\":\"https:\/\/www.dorstener-tafel.de\/?p=1088#breadcrumb\",\"itemListElement\":[{\"@type\":\"ListItem\",\"position\":1,\"name\":\"Home\",\"item\":\"https:\/\/www.dorstener-tafel.de\/\"},{\"@type\":\"ListItem\",\"position\":2,\"name\":\"Zeit, um Danke zu sagen &#8230;\"}]},{\"@type\":\"WebSite\",\"@id\":\"https:\/\/www.dorstener-tafel.de\/#website\",\"url\":\"https:\/\/www.dorstener-tafel.de\/\",\"name\":\"Home | Tafel Dorsten\",\"description\":\"\",\"potentialAction\":[{\"@type\":\"SearchAction\",\"target\":{\"@type\":\"EntryPoint\",\"urlTemplate\":\"https:\/\/www.dorstener-tafel.de\/?s={search_term_string}\"},\"query-input\":{\"@type\":\"PropertyValueSpecification\",\"valueRequired\":true,\"valueName\":\"search_term_string\"}}],\"inLanguage\":\"de\"},{\"@type\":\"Person\",\"@id\":\"https:\/\/www.dorstener-tafel.de\/#\/schema\/person\/c9a6797db5c21dbeb0851056380dcb01\",\"name\":\"jotw\",\"image\":{\"@type\":\"ImageObject\",\"inLanguage\":\"de\",\"@id\":\"https:\/\/www.dorstener-tafel.de\/#\/schema\/person\/image\/\",\"url\":\"https:\/\/secure.gravatar.com\/avatar\/225c6088c3bfecfbb42a2a0d5c9556b6?s=96&d=retro&r=g\",\"contentUrl\":\"https:\/\/secure.gravatar.com\/avatar\/225c6088c3bfecfbb42a2a0d5c9556b6?s=96&d=retro&r=g\",\"caption\":\"jotw\"},\"url\":\"https:\/\/www.dorstener-tafel.de\/?author=1\"}]}<\/script>\n<!-- \/ Yoast SEO plugin. -->","yoast_head_json":{"title":"Zeit, um Danke zu sagen ... - Home | Tafel Dorsten","robots":{"index":"index","follow":"follow","max-snippet":"max-snippet:-1","max-image-preview":"max-image-preview:large","max-video-preview":"max-video-preview:-1"},"canonical":"https:\/\/www.dorstener-tafel.de\/?p=1088","og_locale":"de_DE","og_type":"article","og_title":"Zeit, um Danke zu sagen ... - Home | Tafel Dorsten","og_description":"Die weihnachtlichen Feiertage sind vorbei, bei der Tafel damit auch unser ganz besonderer Stress. &#8222;Weihnachtsstress bei der TAFEL? Ihr kauft [&hellip;]","og_url":"https:\/\/www.dorstener-tafel.de\/?p=1088","og_site_name":"Home | Tafel Dorsten","article_publisher":"https:\/\/www.facebook.com\/Dorstener-Tafel-eV-710109832448127\/","article_published_time":"2017-12-27T23:13:03+00:00","article_modified_time":"2017-12-31T00:15:39+00:00","og_image":[{"width":1920,"height":1280,"url":"https:\/\/www.kvg-dorsten.de\/dorstener-tafel\/wordpress\/wp-content\/uploads\/2017\/12\/christmas-2975398_1920.jpg","type":"image\/jpeg"}],"author":"jotw","twitter_card":"summary_large_image","twitter_misc":{"Verfasst von":"jotw","Gesch\u00e4tzte Lesezeit":"2\u00a0Minuten"},"schema":{"@context":"https:\/\/schema.org","@graph":[{"@type":"Article","@id":"https:\/\/www.dorstener-tafel.de\/?p=1088#article","isPartOf":{"@id":"https:\/\/www.dorstener-tafel.de\/?p=1088"},"author":{"name":"jotw","@id":"https:\/\/www.dorstener-tafel.de\/#\/schema\/person\/c9a6797db5c21dbeb0851056380dcb01"},"headline":"Zeit, um Danke zu sagen &#8230;","datePublished":"2017-12-27T23:13:03+00:00","dateModified":"2017-12-31T00:15:39+00:00","mainEntityOfPage":{"@id":"https:\/\/www.dorstener-tafel.de\/?p=1088"},"wordCount":494,"commentCount":0,"image":{"@id":"https:\/\/www.dorstener-tafel.de\/?p=1088#primaryimage"},"thumbnailUrl":"https:\/\/www.kvg-dorsten.de\/dorstener-tafel\/wordpress\/wp-content\/uploads\/2017\/12\/christmas-2975398_1920.jpg","keywords":["Dank","Hilfe","P\u00e4ckchen"],"articleSection":["Aktuelles"],"inLanguage":"de","potentialAction":[{"@type":"CommentAction","name":"Comment","target":["https:\/\/www.dorstener-tafel.de\/?p=1088#respond"]}]},{"@type":"WebPage","@id":"https:\/\/www.dorstener-tafel.de\/?p=1088","url":"https:\/\/www.dorstener-tafel.de\/?p=1088","name":"Zeit, um Danke zu sagen ... - Home | Tafel Dorsten","isPartOf":{"@id":"https:\/\/www.dorstener-tafel.de\/#website"},"primaryImageOfPage":{"@id":"https:\/\/www.dorstener-tafel.de\/?p=1088#primaryimage"},"image":{"@id":"https:\/\/www.dorstener-tafel.de\/?p=1088#primaryimage"},"thumbnailUrl":"https:\/\/www.kvg-dorsten.de\/dorstener-tafel\/wordpress\/wp-content\/uploads\/2017\/12\/christmas-2975398_1920.jpg","datePublished":"2017-12-27T23:13:03+00:00","dateModified":"2017-12-31T00:15:39+00:00","author":{"@id":"https:\/\/www.dorstener-tafel.de\/#\/schema\/person\/c9a6797db5c21dbeb0851056380dcb01"},"breadcrumb":{"@id":"https:\/\/www.dorstener-tafel.de\/?p=1088#breadcrumb"},"inLanguage":"de","potentialAction":[{"@type":"ReadAction","target":["https:\/\/www.dorstener-tafel.de\/?p=1088"]}]},{"@type":"ImageObject","inLanguage":"de","@id":"https:\/\/www.dorstener-tafel.de\/?p=1088#primaryimage","url":"https:\/\/www.kvg-dorsten.de\/dorstener-tafel\/wordpress\/wp-content\/uploads\/2017\/12\/christmas-2975398_1920.jpg","contentUrl":"https:\/\/www.kvg-dorsten.de\/dorstener-tafel\/wordpress\/wp-content\/uploads\/2017\/12\/christmas-2975398_1920.jpg","width":1920,"height":1280},{"@type":"BreadcrumbList","@id":"https:\/\/www.dorstener-tafel.de\/?p=1088#breadcrumb","itemListElement":[{"@type":"ListItem","position":1,"name":"Home","item":"https:\/\/www.dorstener-tafel.de\/"},{"@type":"ListItem","position":2,"name":"Zeit, um Danke zu sagen &#8230;"}]},{"@type":"WebSite","@id":"https:\/\/www.dorstener-tafel.de\/#website","url":"https:\/\/www.dorstener-tafel.de\/","name":"Home | Tafel Dorsten","description":"","potentialAction":[{"@type":"SearchAction","target":{"@type":"EntryPoint","urlTemplate":"https:\/\/www.dorstener-tafel.de\/?s={search_term_string}"},"query-input":{"@type":"PropertyValueSpecification","valueRequired":true,"valueName":"search_term_string"}}],"inLanguage":"de"},{"@type":"Person","@id":"https:\/\/www.dorstener-tafel.de\/#\/schema\/person\/c9a6797db5c21dbeb0851056380dcb01","name":"jotw","image":{"@type":"ImageObject","inLanguage":"de","@id":"https:\/\/www.dorstener-tafel.de\/#\/schema\/person\/image\/","url":"https:\/\/secure.gravatar.com\/avatar\/225c6088c3bfecfbb42a2a0d5c9556b6?s=96&d=retro&r=g","contentUrl":"https:\/\/secure.gravatar.com\/avatar\/225c6088c3bfecfbb42a2a0d5c9556b6?s=96&d=retro&r=g","caption":"jotw"},"url":"https:\/\/www.dorstener-tafel.de\/?author=1"}]}},"_links":{"self":[{"href":"https:\/\/www.dorstener-tafel.de\/index.php?rest_route=\/wp\/v2\/posts\/1088","targetHints":{"allow":["GET"]}}],"collection":[{"href":"https:\/\/www.dorstener-tafel.de\/index.php?rest_route=\/wp\/v2\/posts"}],"about":[{"href":"https:\/\/www.dorstener-tafel.de\/index.php?rest_route=\/wp\/v2\/types\/post"}],"author":[{"embeddable":true,"href":"https:\/\/www.dorstener-tafel.de\/index.php?rest_route=\/wp\/v2\/users\/1"}],"replies":[{"embeddable":true,"href":"https:\/\/www.dorstener-tafel.de\/index.php?rest_route=%2Fwp%2Fv2%2Fcomments&post=1088"}],"version-history":[{"count":8,"href":"https:\/\/www.dorstener-tafel.de\/index.php?rest_route=\/wp\/v2\/posts\/1088\/revisions"}],"predecessor-version":[{"id":1120,"href":"https:\/\/www.dorstener-tafel.de\/index.php?rest_route=\/wp\/v2\/posts\/1088\/revisions\/1120"}],"wp:featuredmedia":[{"embeddable":true,"href":"https:\/\/www.dorstener-tafel.de\/index.php?rest_route=\/wp\/v2\/media\/1089"}],"wp:attachment":[{"href":"https:\/\/www.dorstener-tafel.de\/index.php?rest_route=%2Fwp%2Fv2%2Fmedia&parent=1088"}],"wp:term":[{"taxonomy":"category","embeddable":true,"href":"https:\/\/www.dorstener-tafel.de\/index.php?rest_route=%2Fwp%2Fv2%2Fcategories&post=1088"},{"taxonomy":"post_tag","embeddable":true,"href":"https:\/\/www.dorstener-tafel.de\/index.php?rest_route=%2Fwp%2Fv2%2Ftags&post=1088"}],"curies":[{"name":"wp","href":"https:\/\/api.w.org\/{rel}","templated":true}]}}