{"id":1057,"date":"2017-12-15T19:19:07","date_gmt":"2017-12-15T18:19:07","guid":{"rendered":"http:\/\/www.dorstener-tafel.de\/?p=1057"},"modified":"2017-12-30T15:07:37","modified_gmt":"2017-12-30T14:07:37","slug":"huebsche-paeckchen-huebsches-suemmchen","status":"publish","type":"post","link":"https:\/\/www.dorstener-tafel.de\/?p=1057","title":{"rendered":"H\u00fcbsche P\u00e4ckchen &#8211; h\u00fcbsches S\u00fcmmchen"},"content":{"rendered":"<p>In der Hauptstelle am S\u00fcdwall und in allen Dorstener Filialen beteiligten sich die Mitarbeiterinnen und Mitarbeiter der Vereinten Volksbank an der Weihnachtsp\u00e4ckchen-Aktion der DORSTENER TAFEL. Wie es sich geh\u00f6rt, kamen die Geschenke unter den Weihnachtsbaum in der Eingangshalle. Der Vorstand legte noch einen Scheck \u00fcber \u20ac 500,- drauf: eine runde Sache!<\/p>\n<p><strong>Uns bleibt da nur, ein ganz gro\u00dfes Dankesch\u00f6n f\u00fcr so viel Engagement zu sagen!<\/strong><\/p>\n<p><strong>Den Mitarbeiterinnen und Mitarbeitern der Vereinten Volksbank w\u00fcnschen wir von Herzen ein frohes Weihnachtsfest und der Volksbank (nicht ganz uneigenn\u00fctzig \ud83d\ude09 ) ein erfolgreiches neues Gesch\u00e4ftsjahr.<\/strong><\/p>\n<p>Foto (v.l.): Susanne Peters (VB), Ursula Riedel (TAFEL), Herbert Rentmeister (TAFEL), Christina Wienforth (VB), Dieter Seidel (TAFEL), Dieter Fabian (TAFEL), Laureen M\u00f6ller (VB), Johannes Wulf (TAFEL).\u00a0Foto: Daniel Bosse \/ Dorsten-Online.de<\/p>\n<p style=\"text-align: right;\">jotw<\/p>\n<p>Auch <a href=\"https:\/\/dorsten-online.de\/menschen-eine-freude-machen\/\">DORSTEN-ONLINE.de<\/a> , das Online-Nachrichten-Portal von &#8218;heimatmedien by bosse&#8216;, berichtet dar\u00fcber.<\/p>\n","protected":false},"excerpt":{"rendered":"<p>In der Hauptstelle am S\u00fcdwall und in allen Dorstener Filialen beteiligten sich die Mitarbeiterinnen und Mitarbeiter der Vereinten Volksbank an [&hellip;]<\/p>\n","protected":false},"author":1,"featured_media":1059,"comment_status":"open","ping_status":"closed","sticky":false,"template":"","format":"standard","meta":{"footnotes":""},"categories":[1],"tags":[23,22],"class_list":["post-1057","post","type-post","status-publish","format-standard","has-post-thumbnail","hentry","category-allgemein","tag-spende","tag-volksbank-dorsten"],"yoast_head":"<!-- This site is optimized with the Yoast SEO plugin v26.8 - https:\/\/yoast.com\/product\/yoast-seo-wordpress\/ -->\n<title>H\u00fcbsche P\u00e4ckchen - h\u00fcbsches S\u00fcmmchen - Home | Tafel Dorsten<\/title>\n<meta name=\"robots\" content=\"index, follow, max-snippet:-1, max-image-preview:large, max-video-preview:-1\" \/>\n<link rel=\"canonical\" href=\"https:\/\/www.dorstener-tafel.de\/?p=1057\" \/>\n<meta property=\"og:locale\" content=\"de_DE\" \/>\n<meta property=\"og:type\" content=\"article\" \/>\n<meta property=\"og:title\" content=\"H\u00fcbsche P\u00e4ckchen - h\u00fcbsches S\u00fcmmchen - Home | Tafel Dorsten\" \/>\n<meta property=\"og:description\" content=\"In der Hauptstelle am S\u00fcdwall und in allen Dorstener Filialen beteiligten sich die Mitarbeiterinnen und Mitarbeiter der Vereinten Volksbank an [&hellip;]\" \/>\n<meta property=\"og:url\" content=\"https:\/\/www.dorstener-tafel.de\/?p=1057\" \/>\n<meta property=\"og:site_name\" content=\"Home | Tafel Dorsten\" \/>\n<meta property=\"article:publisher\" content=\"https:\/\/www.facebook.com\/Dorstener-Tafel-eV-710109832448127\/\" \/>\n<meta property=\"article:published_time\" content=\"2017-12-15T18:19:07+00:00\" \/>\n<meta property=\"article:modified_time\" content=\"2017-12-30T14:07:37+00:00\" \/>\n<meta property=\"og:image\" content=\"https:\/\/www.kvg-dorsten.de\/dorstener-tafel\/wordpress\/wp-content\/uploads\/2017\/12\/Foto-Daniel-Bosse_dorsten-online-1024x698-min-002.jpg\" \/>\n\t<meta property=\"og:image:width\" content=\"1024\" \/>\n\t<meta property=\"og:image:height\" content=\"698\" \/>\n\t<meta property=\"og:image:type\" content=\"image\/jpeg\" \/>\n<meta name=\"author\" content=\"jotw\" \/>\n<meta name=\"twitter:card\" content=\"summary_large_image\" \/>\n<meta name=\"twitter:label1\" content=\"Verfasst von\" \/>\n\t<meta name=\"twitter:data1\" content=\"jotw\" \/>\n\t<meta name=\"twitter:label2\" content=\"Gesch\u00e4tzte Lesezeit\" \/>\n\t<meta name=\"twitter:data2\" content=\"1\u00a0Minute\" \/>\n<script type=\"application\/ld+json\" class=\"yoast-schema-graph\">{\"@context\":\"https:\/\/schema.org\",\"@graph\":[{\"@type\":\"Article\",\"@id\":\"https:\/\/www.dorstener-tafel.de\/?p=1057#article\",\"isPartOf\":{\"@id\":\"https:\/\/www.dorstener-tafel.de\/?p=1057\"},\"author\":{\"name\":\"jotw\",\"@id\":\"https:\/\/www.dorstener-tafel.de\/#\/schema\/person\/c9a6797db5c21dbeb0851056380dcb01\"},\"headline\":\"H\u00fcbsche P\u00e4ckchen &#8211; h\u00fcbsches S\u00fcmmchen\",\"datePublished\":\"2017-12-15T18:19:07+00:00\",\"dateModified\":\"2017-12-30T14:07:37+00:00\",\"mainEntityOfPage\":{\"@id\":\"https:\/\/www.dorstener-tafel.de\/?p=1057\"},\"wordCount\":153,\"commentCount\":0,\"image\":{\"@id\":\"https:\/\/www.dorstener-tafel.de\/?p=1057#primaryimage\"},\"thumbnailUrl\":\"https:\/\/www.kvg-dorsten.de\/dorstener-tafel\/wordpress\/wp-content\/uploads\/2017\/12\/Foto-Daniel-Bosse_dorsten-online-1024x698-min-002.jpg\",\"keywords\":[\"Spende\",\"Volksbank Dorsten\"],\"articleSection\":[\"Aktuelles\"],\"inLanguage\":\"de\",\"potentialAction\":[{\"@type\":\"CommentAction\",\"name\":\"Comment\",\"target\":[\"https:\/\/www.dorstener-tafel.de\/?p=1057#respond\"]}]},{\"@type\":\"WebPage\",\"@id\":\"https:\/\/www.dorstener-tafel.de\/?p=1057\",\"url\":\"https:\/\/www.dorstener-tafel.de\/?p=1057\",\"name\":\"H\u00fcbsche P\u00e4ckchen - h\u00fcbsches S\u00fcmmchen - Home | Tafel Dorsten\",\"isPartOf\":{\"@id\":\"https:\/\/www.dorstener-tafel.de\/#website\"},\"primaryImageOfPage\":{\"@id\":\"https:\/\/www.dorstener-tafel.de\/?p=1057#primaryimage\"},\"image\":{\"@id\":\"https:\/\/www.dorstener-tafel.de\/?p=1057#primaryimage\"},\"thumbnailUrl\":\"https:\/\/www.kvg-dorsten.de\/dorstener-tafel\/wordpress\/wp-content\/uploads\/2017\/12\/Foto-Daniel-Bosse_dorsten-online-1024x698-min-002.jpg\",\"datePublished\":\"2017-12-15T18:19:07+00:00\",\"dateModified\":\"2017-12-30T14:07:37+00:00\",\"author\":{\"@id\":\"https:\/\/www.dorstener-tafel.de\/#\/schema\/person\/c9a6797db5c21dbeb0851056380dcb01\"},\"breadcrumb\":{\"@id\":\"https:\/\/www.dorstener-tafel.de\/?p=1057#breadcrumb\"},\"inLanguage\":\"de\",\"potentialAction\":[{\"@type\":\"ReadAction\",\"target\":[\"https:\/\/www.dorstener-tafel.de\/?p=1057\"]}]},{\"@type\":\"ImageObject\",\"inLanguage\":\"de\",\"@id\":\"https:\/\/www.dorstener-tafel.de\/?p=1057#primaryimage\",\"url\":\"https:\/\/www.kvg-dorsten.de\/dorstener-tafel\/wordpress\/wp-content\/uploads\/2017\/12\/Foto-Daniel-Bosse_dorsten-online-1024x698-min-002.jpg\",\"contentUrl\":\"https:\/\/www.kvg-dorsten.de\/dorstener-tafel\/wordpress\/wp-content\/uploads\/2017\/12\/Foto-Daniel-Bosse_dorsten-online-1024x698-min-002.jpg\",\"width\":1024,\"height\":698,\"caption\":\"Foto (v.l.): Susanne Peters (VB), Ursula Riedel (TAFEL), Herbert Rentmeister (TAFEL), Christina Wienforth (VB), Dieter Seidel (TAFEL), Dieter Fabian (TAFEL), Laureen M\u00f6ller (VB), Johannes Wulf (TAFEL).\u00a0Foto: Daniel Bosse \/ Dorsten-Online.de\"},{\"@type\":\"BreadcrumbList\",\"@id\":\"https:\/\/www.dorstener-tafel.de\/?p=1057#breadcrumb\",\"itemListElement\":[{\"@type\":\"ListItem\",\"position\":1,\"name\":\"Home\",\"item\":\"https:\/\/www.dorstener-tafel.de\/\"},{\"@type\":\"ListItem\",\"position\":2,\"name\":\"H\u00fcbsche P\u00e4ckchen &#8211; h\u00fcbsches S\u00fcmmchen\"}]},{\"@type\":\"WebSite\",\"@id\":\"https:\/\/www.dorstener-tafel.de\/#website\",\"url\":\"https:\/\/www.dorstener-tafel.de\/\",\"name\":\"Home | Tafel Dorsten\",\"description\":\"\",\"potentialAction\":[{\"@type\":\"SearchAction\",\"target\":{\"@type\":\"EntryPoint\",\"urlTemplate\":\"https:\/\/www.dorstener-tafel.de\/?s={search_term_string}\"},\"query-input\":{\"@type\":\"PropertyValueSpecification\",\"valueRequired\":true,\"valueName\":\"search_term_string\"}}],\"inLanguage\":\"de\"},{\"@type\":\"Person\",\"@id\":\"https:\/\/www.dorstener-tafel.de\/#\/schema\/person\/c9a6797db5c21dbeb0851056380dcb01\",\"name\":\"jotw\",\"image\":{\"@type\":\"ImageObject\",\"inLanguage\":\"de\",\"@id\":\"https:\/\/www.dorstener-tafel.de\/#\/schema\/person\/image\/\",\"url\":\"https:\/\/secure.gravatar.com\/avatar\/225c6088c3bfecfbb42a2a0d5c9556b6?s=96&d=retro&r=g\",\"contentUrl\":\"https:\/\/secure.gravatar.com\/avatar\/225c6088c3bfecfbb42a2a0d5c9556b6?s=96&d=retro&r=g\",\"caption\":\"jotw\"},\"url\":\"https:\/\/www.dorstener-tafel.de\/?author=1\"}]}<\/script>\n<!-- \/ Yoast SEO plugin. -->","yoast_head_json":{"title":"H\u00fcbsche P\u00e4ckchen - h\u00fcbsches S\u00fcmmchen - Home | Tafel Dorsten","robots":{"index":"index","follow":"follow","max-snippet":"max-snippet:-1","max-image-preview":"max-image-preview:large","max-video-preview":"max-video-preview:-1"},"canonical":"https:\/\/www.dorstener-tafel.de\/?p=1057","og_locale":"de_DE","og_type":"article","og_title":"H\u00fcbsche P\u00e4ckchen - h\u00fcbsches S\u00fcmmchen - Home | Tafel Dorsten","og_description":"In der Hauptstelle am S\u00fcdwall und in allen Dorstener Filialen beteiligten sich die Mitarbeiterinnen und Mitarbeiter der Vereinten Volksbank an [&hellip;]","og_url":"https:\/\/www.dorstener-tafel.de\/?p=1057","og_site_name":"Home | Tafel Dorsten","article_publisher":"https:\/\/www.facebook.com\/Dorstener-Tafel-eV-710109832448127\/","article_published_time":"2017-12-15T18:19:07+00:00","article_modified_time":"2017-12-30T14:07:37+00:00","og_image":[{"width":1024,"height":698,"url":"https:\/\/www.kvg-dorsten.de\/dorstener-tafel\/wordpress\/wp-content\/uploads\/2017\/12\/Foto-Daniel-Bosse_dorsten-online-1024x698-min-002.jpg","type":"image\/jpeg"}],"author":"jotw","twitter_card":"summary_large_image","twitter_misc":{"Verfasst von":"jotw","Gesch\u00e4tzte Lesezeit":"1\u00a0Minute"},"schema":{"@context":"https:\/\/schema.org","@graph":[{"@type":"Article","@id":"https:\/\/www.dorstener-tafel.de\/?p=1057#article","isPartOf":{"@id":"https:\/\/www.dorstener-tafel.de\/?p=1057"},"author":{"name":"jotw","@id":"https:\/\/www.dorstener-tafel.de\/#\/schema\/person\/c9a6797db5c21dbeb0851056380dcb01"},"headline":"H\u00fcbsche P\u00e4ckchen &#8211; h\u00fcbsches S\u00fcmmchen","datePublished":"2017-12-15T18:19:07+00:00","dateModified":"2017-12-30T14:07:37+00:00","mainEntityOfPage":{"@id":"https:\/\/www.dorstener-tafel.de\/?p=1057"},"wordCount":153,"commentCount":0,"image":{"@id":"https:\/\/www.dorstener-tafel.de\/?p=1057#primaryimage"},"thumbnailUrl":"https:\/\/www.kvg-dorsten.de\/dorstener-tafel\/wordpress\/wp-content\/uploads\/2017\/12\/Foto-Daniel-Bosse_dorsten-online-1024x698-min-002.jpg","keywords":["Spende","Volksbank Dorsten"],"articleSection":["Aktuelles"],"inLanguage":"de","potentialAction":[{"@type":"CommentAction","name":"Comment","target":["https:\/\/www.dorstener-tafel.de\/?p=1057#respond"]}]},{"@type":"WebPage","@id":"https:\/\/www.dorstener-tafel.de\/?p=1057","url":"https:\/\/www.dorstener-tafel.de\/?p=1057","name":"H\u00fcbsche P\u00e4ckchen - h\u00fcbsches S\u00fcmmchen - Home | Tafel Dorsten","isPartOf":{"@id":"https:\/\/www.dorstener-tafel.de\/#website"},"primaryImageOfPage":{"@id":"https:\/\/www.dorstener-tafel.de\/?p=1057#primaryimage"},"image":{"@id":"https:\/\/www.dorstener-tafel.de\/?p=1057#primaryimage"},"thumbnailUrl":"https:\/\/www.kvg-dorsten.de\/dorstener-tafel\/wordpress\/wp-content\/uploads\/2017\/12\/Foto-Daniel-Bosse_dorsten-online-1024x698-min-002.jpg","datePublished":"2017-12-15T18:19:07+00:00","dateModified":"2017-12-30T14:07:37+00:00","author":{"@id":"https:\/\/www.dorstener-tafel.de\/#\/schema\/person\/c9a6797db5c21dbeb0851056380dcb01"},"breadcrumb":{"@id":"https:\/\/www.dorstener-tafel.de\/?p=1057#breadcrumb"},"inLanguage":"de","potentialAction":[{"@type":"ReadAction","target":["https:\/\/www.dorstener-tafel.de\/?p=1057"]}]},{"@type":"ImageObject","inLanguage":"de","@id":"https:\/\/www.dorstener-tafel.de\/?p=1057#primaryimage","url":"https:\/\/www.kvg-dorsten.de\/dorstener-tafel\/wordpress\/wp-content\/uploads\/2017\/12\/Foto-Daniel-Bosse_dorsten-online-1024x698-min-002.jpg","contentUrl":"https:\/\/www.kvg-dorsten.de\/dorstener-tafel\/wordpress\/wp-content\/uploads\/2017\/12\/Foto-Daniel-Bosse_dorsten-online-1024x698-min-002.jpg","width":1024,"height":698,"caption":"Foto (v.l.): Susanne Peters (VB), Ursula Riedel (TAFEL), Herbert Rentmeister (TAFEL), Christina Wienforth (VB), Dieter Seidel (TAFEL), Dieter Fabian (TAFEL), Laureen M\u00f6ller (VB), Johannes Wulf (TAFEL).\u00a0Foto: Daniel Bosse \/ Dorsten-Online.de"},{"@type":"BreadcrumbList","@id":"https:\/\/www.dorstener-tafel.de\/?p=1057#breadcrumb","itemListElement":[{"@type":"ListItem","position":1,"name":"Home","item":"https:\/\/www.dorstener-tafel.de\/"},{"@type":"ListItem","position":2,"name":"H\u00fcbsche P\u00e4ckchen &#8211; h\u00fcbsches S\u00fcmmchen"}]},{"@type":"WebSite","@id":"https:\/\/www.dorstener-tafel.de\/#website","url":"https:\/\/www.dorstener-tafel.de\/","name":"Home | Tafel Dorsten","description":"","potentialAction":[{"@type":"SearchAction","target":{"@type":"EntryPoint","urlTemplate":"https:\/\/www.dorstener-tafel.de\/?s={search_term_string}"},"query-input":{"@type":"PropertyValueSpecification","valueRequired":true,"valueName":"search_term_string"}}],"inLanguage":"de"},{"@type":"Person","@id":"https:\/\/www.dorstener-tafel.de\/#\/schema\/person\/c9a6797db5c21dbeb0851056380dcb01","name":"jotw","image":{"@type":"ImageObject","inLanguage":"de","@id":"https:\/\/www.dorstener-tafel.de\/#\/schema\/person\/image\/","url":"https:\/\/secure.gravatar.com\/avatar\/225c6088c3bfecfbb42a2a0d5c9556b6?s=96&d=retro&r=g","contentUrl":"https:\/\/secure.gravatar.com\/avatar\/225c6088c3bfecfbb42a2a0d5c9556b6?s=96&d=retro&r=g","caption":"jotw"},"url":"https:\/\/www.dorstener-tafel.de\/?author=1"}]}},"_links":{"self":[{"href":"https:\/\/www.dorstener-tafel.de\/index.php?rest_route=\/wp\/v2\/posts\/1057","targetHints":{"allow":["GET"]}}],"collection":[{"href":"https:\/\/www.dorstener-tafel.de\/index.php?rest_route=\/wp\/v2\/posts"}],"about":[{"href":"https:\/\/www.dorstener-tafel.de\/index.php?rest_route=\/wp\/v2\/types\/post"}],"author":[{"embeddable":true,"href":"https:\/\/www.dorstener-tafel.de\/index.php?rest_route=\/wp\/v2\/users\/1"}],"replies":[{"embeddable":true,"href":"https:\/\/www.dorstener-tafel.de\/index.php?rest_route=%2Fwp%2Fv2%2Fcomments&post=1057"}],"version-history":[{"count":5,"href":"https:\/\/www.dorstener-tafel.de\/index.php?rest_route=\/wp\/v2\/posts\/1057\/revisions"}],"predecessor-version":[{"id":1082,"href":"https:\/\/www.dorstener-tafel.de\/index.php?rest_route=\/wp\/v2\/posts\/1057\/revisions\/1082"}],"wp:featuredmedia":[{"embeddable":true,"href":"https:\/\/www.dorstener-tafel.de\/index.php?rest_route=\/wp\/v2\/media\/1059"}],"wp:attachment":[{"href":"https:\/\/www.dorstener-tafel.de\/index.php?rest_route=%2Fwp%2Fv2%2Fmedia&parent=1057"}],"wp:term":[{"taxonomy":"category","embeddable":true,"href":"https:\/\/www.dorstener-tafel.de\/index.php?rest_route=%2Fwp%2Fv2%2Fcategories&post=1057"},{"taxonomy":"post_tag","embeddable":true,"href":"https:\/\/www.dorstener-tafel.de\/index.php?rest_route=%2Fwp%2Fv2%2Ftags&post=1057"}],"curies":[{"name":"wp","href":"https:\/\/api.w.org\/{rel}","templated":true}]}}