{"id":1041,"date":"2017-12-14T15:01:03","date_gmt":"2017-12-14T14:01:03","guid":{"rendered":"http:\/\/www.dorstener-tafel.de\/?p=1041"},"modified":"2017-12-14T16:57:37","modified_gmt":"2017-12-14T15:57:37","slug":"etwas-gutes-tun","status":"publish","type":"post","link":"https:\/\/www.dorstener-tafel.de\/?p=1041","title":{"rendered":"&#8222;Etwas Gutes tun&#8220;"},"content":{"rendered":"<p>&#8222;Wir\u00a0wollten noch etwas Gutes tun vor Weihnachten, haben uns umgeh\u00f6rt und dann einen Artikel von der Dorstener Tafel gelesen. Wir fanden die Art und Weise der P\u00e4ckchen-Aktion direkt gut. Ich wusste bisher gar nicht, dass so etwas von den Tafeln angeboten wird; daher finde ich es auch umso wichtiger, dass man mehr Menschen darauf aufmerksam macht.&#8220;<br \/>\nLisa Pachollek, Recklingh\u00e4userin und Mitarbeiterin bei &#8218;thyssenkrupp Group Services Ruhr&#8216; im Team der HR Hotline konnte ihre Kolleginnen und Kollegen schnell f\u00fcr diese Aktion begeistern. Unterst\u00fctzt wurde sie dabei von ihrer Teamleiterin Katharina Grabowski, die heute zur TAFEL kam, R\u00fcckbank und Kofferraum ihres Wagens voll gef\u00fcllt mit schmucken T\u00fcten, liebevoll verzierten P\u00e4ckchen und weihnachtlichen Schachteln. Inhalt: alles Dinge, die es nicht mal eben beim Discounter f\u00fcr ein paar Cent gibt &#8211; vom Herrenduft bis zu ausgew\u00e4hlten S\u00fc\u00dfigkeiten und interessanten Spielsachen. Initiatorin Lisa Pachollek war\u00a0krankheitsbedingt\u00a0heute leider nicht selbst dabei: Wir w\u00fcnschen ihr auf diesem Weg gute Besserung!<\/p>\n<p><strong>Dem Team und der Chefin Katharina Grabowski sagen wir ganz herzlichen Dank f\u00fcr die tollen Geschenke! Dem Motto unserer P\u00e4ckchen-Aktion &#8222;Weihnachten soll es schlie\u00dflich etwas Besonderes sein&#8220; ist dieses Team auf sehr sympathische Weise gerecht geworden!\u00a0<\/strong><\/p>\n<p>Titelfoto (v.l.): Dieter Seidel, Hedwig Schnatmann, Katharina Grabowski, Herbert Rentmeister. Foto: jotw \/ Dorstener Tafel<\/p>\n","protected":false},"excerpt":{"rendered":"<p>&#8222;Wir\u00a0wollten noch etwas Gutes tun vor Weihnachten, haben uns umgeh\u00f6rt und dann einen Artikel von der Dorstener Tafel gelesen. Wir [&hellip;]<\/p>\n","protected":false},"author":1,"featured_media":1051,"comment_status":"open","ping_status":"closed","sticky":false,"template":"","format":"standard","meta":{"footnotes":""},"categories":[1],"tags":[],"class_list":["post-1041","post","type-post","status-publish","format-standard","has-post-thumbnail","hentry","category-allgemein"],"yoast_head":"<!-- This site is optimized with the Yoast SEO plugin v26.8 - https:\/\/yoast.com\/product\/yoast-seo-wordpress\/ -->\n<title>&quot;Etwas Gutes tun&quot; - Home | Tafel Dorsten<\/title>\n<meta name=\"robots\" content=\"index, follow, max-snippet:-1, max-image-preview:large, max-video-preview:-1\" \/>\n<link rel=\"canonical\" href=\"https:\/\/www.dorstener-tafel.de\/?p=1041\" \/>\n<meta property=\"og:locale\" content=\"de_DE\" \/>\n<meta property=\"og:type\" content=\"article\" \/>\n<meta property=\"og:title\" content=\"&quot;Etwas Gutes tun&quot; - Home | Tafel Dorsten\" \/>\n<meta property=\"og:description\" content=\"&#8222;Wir\u00a0wollten noch etwas Gutes tun vor Weihnachten, haben uns umgeh\u00f6rt und dann einen Artikel von der Dorstener Tafel gelesen. Wir [&hellip;]\" \/>\n<meta property=\"og:url\" content=\"https:\/\/www.dorstener-tafel.de\/?p=1041\" \/>\n<meta property=\"og:site_name\" content=\"Home | Tafel Dorsten\" \/>\n<meta property=\"article:publisher\" content=\"https:\/\/www.facebook.com\/Dorstener-Tafel-eV-710109832448127\/\" \/>\n<meta property=\"article:published_time\" content=\"2017-12-14T14:01:03+00:00\" \/>\n<meta property=\"article:modified_time\" content=\"2017-12-14T15:57:37+00:00\" \/>\n<meta property=\"og:image\" content=\"https:\/\/www.kvg-dorsten.de\/dorstener-tafel\/wordpress\/wp-content\/uploads\/2017\/12\/2017-12-14-Spenden-ThyssenKrupp-44b.jpg\" \/>\n\t<meta property=\"og:image:width\" content=\"4455\" \/>\n\t<meta property=\"og:image:height\" content=\"2590\" \/>\n\t<meta property=\"og:image:type\" content=\"image\/jpeg\" \/>\n<meta name=\"author\" content=\"jotw\" \/>\n<meta name=\"twitter:card\" content=\"summary_large_image\" \/>\n<meta name=\"twitter:label1\" content=\"Verfasst von\" \/>\n\t<meta name=\"twitter:data1\" content=\"jotw\" \/>\n\t<meta name=\"twitter:label2\" content=\"Gesch\u00e4tzte Lesezeit\" \/>\n\t<meta name=\"twitter:data2\" content=\"1\u00a0Minute\" \/>\n<script type=\"application\/ld+json\" class=\"yoast-schema-graph\">{\"@context\":\"https:\/\/schema.org\",\"@graph\":[{\"@type\":\"Article\",\"@id\":\"https:\/\/www.dorstener-tafel.de\/?p=1041#article\",\"isPartOf\":{\"@id\":\"https:\/\/www.dorstener-tafel.de\/?p=1041\"},\"author\":{\"name\":\"jotw\",\"@id\":\"https:\/\/www.dorstener-tafel.de\/#\/schema\/person\/c9a6797db5c21dbeb0851056380dcb01\"},\"headline\":\"&#8222;Etwas Gutes tun&#8220;\",\"datePublished\":\"2017-12-14T14:01:03+00:00\",\"dateModified\":\"2017-12-14T15:57:37+00:00\",\"mainEntityOfPage\":{\"@id\":\"https:\/\/www.dorstener-tafel.de\/?p=1041\"},\"wordCount\":225,\"commentCount\":0,\"image\":{\"@id\":\"https:\/\/www.dorstener-tafel.de\/?p=1041#primaryimage\"},\"thumbnailUrl\":\"https:\/\/www.kvg-dorsten.de\/dorstener-tafel\/wordpress\/wp-content\/uploads\/2017\/12\/2017-12-14-Spenden-ThyssenKrupp-44b.jpg\",\"articleSection\":[\"Aktuelles\"],\"inLanguage\":\"de\",\"potentialAction\":[{\"@type\":\"CommentAction\",\"name\":\"Comment\",\"target\":[\"https:\/\/www.dorstener-tafel.de\/?p=1041#respond\"]}]},{\"@type\":\"WebPage\",\"@id\":\"https:\/\/www.dorstener-tafel.de\/?p=1041\",\"url\":\"https:\/\/www.dorstener-tafel.de\/?p=1041\",\"name\":\"\\\"Etwas Gutes tun\\\" - Home | Tafel Dorsten\",\"isPartOf\":{\"@id\":\"https:\/\/www.dorstener-tafel.de\/#website\"},\"primaryImageOfPage\":{\"@id\":\"https:\/\/www.dorstener-tafel.de\/?p=1041#primaryimage\"},\"image\":{\"@id\":\"https:\/\/www.dorstener-tafel.de\/?p=1041#primaryimage\"},\"thumbnailUrl\":\"https:\/\/www.kvg-dorsten.de\/dorstener-tafel\/wordpress\/wp-content\/uploads\/2017\/12\/2017-12-14-Spenden-ThyssenKrupp-44b.jpg\",\"datePublished\":\"2017-12-14T14:01:03+00:00\",\"dateModified\":\"2017-12-14T15:57:37+00:00\",\"author\":{\"@id\":\"https:\/\/www.dorstener-tafel.de\/#\/schema\/person\/c9a6797db5c21dbeb0851056380dcb01\"},\"breadcrumb\":{\"@id\":\"https:\/\/www.dorstener-tafel.de\/?p=1041#breadcrumb\"},\"inLanguage\":\"de\",\"potentialAction\":[{\"@type\":\"ReadAction\",\"target\":[\"https:\/\/www.dorstener-tafel.de\/?p=1041\"]}]},{\"@type\":\"ImageObject\",\"inLanguage\":\"de\",\"@id\":\"https:\/\/www.dorstener-tafel.de\/?p=1041#primaryimage\",\"url\":\"https:\/\/www.kvg-dorsten.de\/dorstener-tafel\/wordpress\/wp-content\/uploads\/2017\/12\/2017-12-14-Spenden-ThyssenKrupp-44b.jpg\",\"contentUrl\":\"https:\/\/www.kvg-dorsten.de\/dorstener-tafel\/wordpress\/wp-content\/uploads\/2017\/12\/2017-12-14-Spenden-ThyssenKrupp-44b.jpg\",\"width\":4455,\"height\":2590},{\"@type\":\"BreadcrumbList\",\"@id\":\"https:\/\/www.dorstener-tafel.de\/?p=1041#breadcrumb\",\"itemListElement\":[{\"@type\":\"ListItem\",\"position\":1,\"name\":\"Home\",\"item\":\"https:\/\/www.dorstener-tafel.de\/\"},{\"@type\":\"ListItem\",\"position\":2,\"name\":\"&#8222;Etwas Gutes tun&#8220;\"}]},{\"@type\":\"WebSite\",\"@id\":\"https:\/\/www.dorstener-tafel.de\/#website\",\"url\":\"https:\/\/www.dorstener-tafel.de\/\",\"name\":\"Home | Tafel Dorsten\",\"description\":\"\",\"potentialAction\":[{\"@type\":\"SearchAction\",\"target\":{\"@type\":\"EntryPoint\",\"urlTemplate\":\"https:\/\/www.dorstener-tafel.de\/?s={search_term_string}\"},\"query-input\":{\"@type\":\"PropertyValueSpecification\",\"valueRequired\":true,\"valueName\":\"search_term_string\"}}],\"inLanguage\":\"de\"},{\"@type\":\"Person\",\"@id\":\"https:\/\/www.dorstener-tafel.de\/#\/schema\/person\/c9a6797db5c21dbeb0851056380dcb01\",\"name\":\"jotw\",\"image\":{\"@type\":\"ImageObject\",\"inLanguage\":\"de\",\"@id\":\"https:\/\/www.dorstener-tafel.de\/#\/schema\/person\/image\/\",\"url\":\"https:\/\/secure.gravatar.com\/avatar\/225c6088c3bfecfbb42a2a0d5c9556b6?s=96&d=retro&r=g\",\"contentUrl\":\"https:\/\/secure.gravatar.com\/avatar\/225c6088c3bfecfbb42a2a0d5c9556b6?s=96&d=retro&r=g\",\"caption\":\"jotw\"},\"url\":\"https:\/\/www.dorstener-tafel.de\/?author=1\"}]}<\/script>\n<!-- \/ Yoast SEO plugin. -->","yoast_head_json":{"title":"\"Etwas Gutes tun\" - Home | Tafel Dorsten","robots":{"index":"index","follow":"follow","max-snippet":"max-snippet:-1","max-image-preview":"max-image-preview:large","max-video-preview":"max-video-preview:-1"},"canonical":"https:\/\/www.dorstener-tafel.de\/?p=1041","og_locale":"de_DE","og_type":"article","og_title":"\"Etwas Gutes tun\" - Home | Tafel Dorsten","og_description":"&#8222;Wir\u00a0wollten noch etwas Gutes tun vor Weihnachten, haben uns umgeh\u00f6rt und dann einen Artikel von der Dorstener Tafel gelesen. Wir [&hellip;]","og_url":"https:\/\/www.dorstener-tafel.de\/?p=1041","og_site_name":"Home | Tafel Dorsten","article_publisher":"https:\/\/www.facebook.com\/Dorstener-Tafel-eV-710109832448127\/","article_published_time":"2017-12-14T14:01:03+00:00","article_modified_time":"2017-12-14T15:57:37+00:00","og_image":[{"width":4455,"height":2590,"url":"https:\/\/www.kvg-dorsten.de\/dorstener-tafel\/wordpress\/wp-content\/uploads\/2017\/12\/2017-12-14-Spenden-ThyssenKrupp-44b.jpg","type":"image\/jpeg"}],"author":"jotw","twitter_card":"summary_large_image","twitter_misc":{"Verfasst von":"jotw","Gesch\u00e4tzte Lesezeit":"1\u00a0Minute"},"schema":{"@context":"https:\/\/schema.org","@graph":[{"@type":"Article","@id":"https:\/\/www.dorstener-tafel.de\/?p=1041#article","isPartOf":{"@id":"https:\/\/www.dorstener-tafel.de\/?p=1041"},"author":{"name":"jotw","@id":"https:\/\/www.dorstener-tafel.de\/#\/schema\/person\/c9a6797db5c21dbeb0851056380dcb01"},"headline":"&#8222;Etwas Gutes tun&#8220;","datePublished":"2017-12-14T14:01:03+00:00","dateModified":"2017-12-14T15:57:37+00:00","mainEntityOfPage":{"@id":"https:\/\/www.dorstener-tafel.de\/?p=1041"},"wordCount":225,"commentCount":0,"image":{"@id":"https:\/\/www.dorstener-tafel.de\/?p=1041#primaryimage"},"thumbnailUrl":"https:\/\/www.kvg-dorsten.de\/dorstener-tafel\/wordpress\/wp-content\/uploads\/2017\/12\/2017-12-14-Spenden-ThyssenKrupp-44b.jpg","articleSection":["Aktuelles"],"inLanguage":"de","potentialAction":[{"@type":"CommentAction","name":"Comment","target":["https:\/\/www.dorstener-tafel.de\/?p=1041#respond"]}]},{"@type":"WebPage","@id":"https:\/\/www.dorstener-tafel.de\/?p=1041","url":"https:\/\/www.dorstener-tafel.de\/?p=1041","name":"\"Etwas Gutes tun\" - Home | Tafel Dorsten","isPartOf":{"@id":"https:\/\/www.dorstener-tafel.de\/#website"},"primaryImageOfPage":{"@id":"https:\/\/www.dorstener-tafel.de\/?p=1041#primaryimage"},"image":{"@id":"https:\/\/www.dorstener-tafel.de\/?p=1041#primaryimage"},"thumbnailUrl":"https:\/\/www.kvg-dorsten.de\/dorstener-tafel\/wordpress\/wp-content\/uploads\/2017\/12\/2017-12-14-Spenden-ThyssenKrupp-44b.jpg","datePublished":"2017-12-14T14:01:03+00:00","dateModified":"2017-12-14T15:57:37+00:00","author":{"@id":"https:\/\/www.dorstener-tafel.de\/#\/schema\/person\/c9a6797db5c21dbeb0851056380dcb01"},"breadcrumb":{"@id":"https:\/\/www.dorstener-tafel.de\/?p=1041#breadcrumb"},"inLanguage":"de","potentialAction":[{"@type":"ReadAction","target":["https:\/\/www.dorstener-tafel.de\/?p=1041"]}]},{"@type":"ImageObject","inLanguage":"de","@id":"https:\/\/www.dorstener-tafel.de\/?p=1041#primaryimage","url":"https:\/\/www.kvg-dorsten.de\/dorstener-tafel\/wordpress\/wp-content\/uploads\/2017\/12\/2017-12-14-Spenden-ThyssenKrupp-44b.jpg","contentUrl":"https:\/\/www.kvg-dorsten.de\/dorstener-tafel\/wordpress\/wp-content\/uploads\/2017\/12\/2017-12-14-Spenden-ThyssenKrupp-44b.jpg","width":4455,"height":2590},{"@type":"BreadcrumbList","@id":"https:\/\/www.dorstener-tafel.de\/?p=1041#breadcrumb","itemListElement":[{"@type":"ListItem","position":1,"name":"Home","item":"https:\/\/www.dorstener-tafel.de\/"},{"@type":"ListItem","position":2,"name":"&#8222;Etwas Gutes tun&#8220;"}]},{"@type":"WebSite","@id":"https:\/\/www.dorstener-tafel.de\/#website","url":"https:\/\/www.dorstener-tafel.de\/","name":"Home | Tafel Dorsten","description":"","potentialAction":[{"@type":"SearchAction","target":{"@type":"EntryPoint","urlTemplate":"https:\/\/www.dorstener-tafel.de\/?s={search_term_string}"},"query-input":{"@type":"PropertyValueSpecification","valueRequired":true,"valueName":"search_term_string"}}],"inLanguage":"de"},{"@type":"Person","@id":"https:\/\/www.dorstener-tafel.de\/#\/schema\/person\/c9a6797db5c21dbeb0851056380dcb01","name":"jotw","image":{"@type":"ImageObject","inLanguage":"de","@id":"https:\/\/www.dorstener-tafel.de\/#\/schema\/person\/image\/","url":"https:\/\/secure.gravatar.com\/avatar\/225c6088c3bfecfbb42a2a0d5c9556b6?s=96&d=retro&r=g","contentUrl":"https:\/\/secure.gravatar.com\/avatar\/225c6088c3bfecfbb42a2a0d5c9556b6?s=96&d=retro&r=g","caption":"jotw"},"url":"https:\/\/www.dorstener-tafel.de\/?author=1"}]}},"_links":{"self":[{"href":"https:\/\/www.dorstener-tafel.de\/index.php?rest_route=\/wp\/v2\/posts\/1041","targetHints":{"allow":["GET"]}}],"collection":[{"href":"https:\/\/www.dorstener-tafel.de\/index.php?rest_route=\/wp\/v2\/posts"}],"about":[{"href":"https:\/\/www.dorstener-tafel.de\/index.php?rest_route=\/wp\/v2\/types\/post"}],"author":[{"embeddable":true,"href":"https:\/\/www.dorstener-tafel.de\/index.php?rest_route=\/wp\/v2\/users\/1"}],"replies":[{"embeddable":true,"href":"https:\/\/www.dorstener-tafel.de\/index.php?rest_route=%2Fwp%2Fv2%2Fcomments&post=1041"}],"version-history":[{"count":4,"href":"https:\/\/www.dorstener-tafel.de\/index.php?rest_route=\/wp\/v2\/posts\/1041\/revisions"}],"predecessor-version":[{"id":1054,"href":"https:\/\/www.dorstener-tafel.de\/index.php?rest_route=\/wp\/v2\/posts\/1041\/revisions\/1054"}],"wp:featuredmedia":[{"embeddable":true,"href":"https:\/\/www.dorstener-tafel.de\/index.php?rest_route=\/wp\/v2\/media\/1051"}],"wp:attachment":[{"href":"https:\/\/www.dorstener-tafel.de\/index.php?rest_route=%2Fwp%2Fv2%2Fmedia&parent=1041"}],"wp:term":[{"taxonomy":"category","embeddable":true,"href":"https:\/\/www.dorstener-tafel.de\/index.php?rest_route=%2Fwp%2Fv2%2Fcategories&post=1041"},{"taxonomy":"post_tag","embeddable":true,"href":"https:\/\/www.dorstener-tafel.de\/index.php?rest_route=%2Fwp%2Fv2%2Ftags&post=1041"}],"curies":[{"name":"wp","href":"https:\/\/api.w.org\/{rel}","templated":true}]}}