{"id":1026,"date":"2017-12-14T15:00:22","date_gmt":"2017-12-14T14:00:22","guid":{"rendered":"http:\/\/www.dorstener-tafel.de\/?p=1026"},"modified":"2017-12-30T15:08:48","modified_gmt":"2017-12-30T14:08:48","slug":"landrat-besucht-die-tafel","status":"publish","type":"post","link":"https:\/\/www.dorstener-tafel.de\/?p=1026","title":{"rendered":"Landrat besucht die TAFEL"},"content":{"rendered":"<p>Landrat Cay S\u00fcberkr\u00fcb (hinten Mitte) besuchte heute im Rahmen seiner Rundreise zu allen Tafeln des Kreises RE gemeinsam mit Dominik Schad, dem Leiter des Jobcenters Kreis Recklinghausen (hinten rechts), auch die DORSTENER TAFEL am Handwerkshof in Wulfen-Barkenberg. Neben einer willkommenen 200-Euro-Finanzspritze brachte er Weihnachtssterne f\u00fcr die (s\u00e4mtlich ehrenamtlichen) Mitarbeiter*innen der TAFEL als kleines Dankesch\u00f6n f\u00fcr deren Einsatz mit und &#8211; sehr willkommen &#8211; 2 vollgepackte Kisten mit weihnachtlichen S\u00fc\u00dfigkeiten f\u00fcr die Kinder. Die TAFEL erh\u00e4lt Schoko-Weihnachtsm\u00e4nner &amp; Co. sonst erst nach den Feiertagen; jetzt k\u00f6nnen wir sie zur Freude der Kinder mit ins Weihnachtsp\u00e4ckchen legen.<\/p>\n<p>Interessiert erkundigte sich Cay S\u00fcberkr\u00fcb nach Kunden, Ehrenamtlichen, Organisationsstrukturen und Verkaufsmodalit\u00e4ten unserer TAFEL und zeigte sich \u00fcberrascht, wie vielf\u00e4ltig die Tafeln doch aufgestellt sind.<\/p>\n<p><strong>Wir sagen auch im Namen unserer Kunden ganz herzlichen Dank f\u00fcr die wohl\u00fcberlegten Spenden und w\u00fcnschen dem Landrat, seiner Familie und seinen Mitarbeiter*innen fr\u00f6hliche Weihnachtstage und alles Gute f\u00fcr das neue Jahr!<\/strong><\/p>\n<p>Achja, Sie finden die M\u00fctzen unserer Damen etwas lustig? Dann haben Sie noch nie bei K\u00fchlschranktemperatur freiwillig und stundenlang Obst &amp; Gem\u00fcse geputzt, sortiert, verpackt &#8230;<\/p>\n<p>Titelfoto: jotw \/ Dorstener Tafel<\/p>\n","protected":false},"excerpt":{"rendered":"<p>Landrat Cay S\u00fcberkr\u00fcb (hinten Mitte) besuchte heute im Rahmen seiner Rundreise zu allen Tafeln des Kreises RE gemeinsam mit Dominik [&hellip;]<\/p>\n","protected":false},"author":1,"featured_media":1037,"comment_status":"open","ping_status":"closed","sticky":false,"template":"","format":"standard","meta":{"footnotes":""},"categories":[1],"tags":[23],"class_list":["post-1026","post","type-post","status-publish","format-standard","has-post-thumbnail","hentry","category-allgemein","tag-spende"],"yoast_head":"<!-- This site is optimized with the Yoast SEO plugin v26.8 - https:\/\/yoast.com\/product\/yoast-seo-wordpress\/ -->\n<title>Landrat besucht die TAFEL - Home | Tafel Dorsten<\/title>\n<meta name=\"robots\" content=\"index, follow, max-snippet:-1, max-image-preview:large, max-video-preview:-1\" \/>\n<link rel=\"canonical\" href=\"https:\/\/www.dorstener-tafel.de\/?p=1026\" \/>\n<meta property=\"og:locale\" content=\"de_DE\" \/>\n<meta property=\"og:type\" content=\"article\" \/>\n<meta property=\"og:title\" content=\"Landrat besucht die TAFEL - Home | Tafel Dorsten\" \/>\n<meta property=\"og:description\" content=\"Landrat Cay S\u00fcberkr\u00fcb (hinten Mitte) besuchte heute im Rahmen seiner Rundreise zu allen Tafeln des Kreises RE gemeinsam mit Dominik [&hellip;]\" \/>\n<meta property=\"og:url\" content=\"https:\/\/www.dorstener-tafel.de\/?p=1026\" \/>\n<meta property=\"og:site_name\" content=\"Home | Tafel Dorsten\" \/>\n<meta property=\"article:publisher\" content=\"https:\/\/www.facebook.com\/Dorstener-Tafel-eV-710109832448127\/\" \/>\n<meta property=\"article:published_time\" content=\"2017-12-14T14:00:22+00:00\" \/>\n<meta property=\"article:modified_time\" content=\"2017-12-30T14:08:48+00:00\" \/>\n<meta property=\"og:image\" content=\"https:\/\/www.kvg-dorsten.de\/dorstener-tafel\/wordpress\/wp-content\/uploads\/2017\/12\/2017-12-14-Spenden-Landrat-43a.jpg\" \/>\n\t<meta property=\"og:image:width\" content=\"3917\" \/>\n\t<meta property=\"og:image:height\" content=\"2357\" \/>\n\t<meta property=\"og:image:type\" content=\"image\/jpeg\" \/>\n<meta name=\"author\" content=\"jotw\" \/>\n<meta name=\"twitter:card\" content=\"summary_large_image\" \/>\n<meta name=\"twitter:label1\" content=\"Verfasst von\" \/>\n\t<meta name=\"twitter:data1\" content=\"jotw\" \/>\n\t<meta name=\"twitter:label2\" content=\"Gesch\u00e4tzte Lesezeit\" \/>\n\t<meta name=\"twitter:data2\" content=\"1\u00a0Minute\" \/>\n<script type=\"application\/ld+json\" class=\"yoast-schema-graph\">{\"@context\":\"https:\/\/schema.org\",\"@graph\":[{\"@type\":\"Article\",\"@id\":\"https:\/\/www.dorstener-tafel.de\/?p=1026#article\",\"isPartOf\":{\"@id\":\"https:\/\/www.dorstener-tafel.de\/?p=1026\"},\"author\":{\"name\":\"jotw\",\"@id\":\"https:\/\/www.dorstener-tafel.de\/#\/schema\/person\/c9a6797db5c21dbeb0851056380dcb01\"},\"headline\":\"Landrat besucht die TAFEL\",\"datePublished\":\"2017-12-14T14:00:22+00:00\",\"dateModified\":\"2017-12-30T14:08:48+00:00\",\"mainEntityOfPage\":{\"@id\":\"https:\/\/www.dorstener-tafel.de\/?p=1026\"},\"wordCount\":209,\"commentCount\":0,\"image\":{\"@id\":\"https:\/\/www.dorstener-tafel.de\/?p=1026#primaryimage\"},\"thumbnailUrl\":\"https:\/\/www.kvg-dorsten.de\/dorstener-tafel\/wordpress\/wp-content\/uploads\/2017\/12\/2017-12-14-Spenden-Landrat-43a.jpg\",\"keywords\":[\"Spende\"],\"articleSection\":[\"Aktuelles\"],\"inLanguage\":\"de\",\"potentialAction\":[{\"@type\":\"CommentAction\",\"name\":\"Comment\",\"target\":[\"https:\/\/www.dorstener-tafel.de\/?p=1026#respond\"]}]},{\"@type\":\"WebPage\",\"@id\":\"https:\/\/www.dorstener-tafel.de\/?p=1026\",\"url\":\"https:\/\/www.dorstener-tafel.de\/?p=1026\",\"name\":\"Landrat besucht die TAFEL - Home | Tafel Dorsten\",\"isPartOf\":{\"@id\":\"https:\/\/www.dorstener-tafel.de\/#website\"},\"primaryImageOfPage\":{\"@id\":\"https:\/\/www.dorstener-tafel.de\/?p=1026#primaryimage\"},\"image\":{\"@id\":\"https:\/\/www.dorstener-tafel.de\/?p=1026#primaryimage\"},\"thumbnailUrl\":\"https:\/\/www.kvg-dorsten.de\/dorstener-tafel\/wordpress\/wp-content\/uploads\/2017\/12\/2017-12-14-Spenden-Landrat-43a.jpg\",\"datePublished\":\"2017-12-14T14:00:22+00:00\",\"dateModified\":\"2017-12-30T14:08:48+00:00\",\"author\":{\"@id\":\"https:\/\/www.dorstener-tafel.de\/#\/schema\/person\/c9a6797db5c21dbeb0851056380dcb01\"},\"breadcrumb\":{\"@id\":\"https:\/\/www.dorstener-tafel.de\/?p=1026#breadcrumb\"},\"inLanguage\":\"de\",\"potentialAction\":[{\"@type\":\"ReadAction\",\"target\":[\"https:\/\/www.dorstener-tafel.de\/?p=1026\"]}]},{\"@type\":\"ImageObject\",\"inLanguage\":\"de\",\"@id\":\"https:\/\/www.dorstener-tafel.de\/?p=1026#primaryimage\",\"url\":\"https:\/\/www.kvg-dorsten.de\/dorstener-tafel\/wordpress\/wp-content\/uploads\/2017\/12\/2017-12-14-Spenden-Landrat-43a.jpg\",\"contentUrl\":\"https:\/\/www.kvg-dorsten.de\/dorstener-tafel\/wordpress\/wp-content\/uploads\/2017\/12\/2017-12-14-Spenden-Landrat-43a.jpg\",\"width\":3917,\"height\":2357},{\"@type\":\"BreadcrumbList\",\"@id\":\"https:\/\/www.dorstener-tafel.de\/?p=1026#breadcrumb\",\"itemListElement\":[{\"@type\":\"ListItem\",\"position\":1,\"name\":\"Home\",\"item\":\"https:\/\/www.dorstener-tafel.de\/\"},{\"@type\":\"ListItem\",\"position\":2,\"name\":\"Landrat besucht die TAFEL\"}]},{\"@type\":\"WebSite\",\"@id\":\"https:\/\/www.dorstener-tafel.de\/#website\",\"url\":\"https:\/\/www.dorstener-tafel.de\/\",\"name\":\"Home | Tafel Dorsten\",\"description\":\"\",\"potentialAction\":[{\"@type\":\"SearchAction\",\"target\":{\"@type\":\"EntryPoint\",\"urlTemplate\":\"https:\/\/www.dorstener-tafel.de\/?s={search_term_string}\"},\"query-input\":{\"@type\":\"PropertyValueSpecification\",\"valueRequired\":true,\"valueName\":\"search_term_string\"}}],\"inLanguage\":\"de\"},{\"@type\":\"Person\",\"@id\":\"https:\/\/www.dorstener-tafel.de\/#\/schema\/person\/c9a6797db5c21dbeb0851056380dcb01\",\"name\":\"jotw\",\"image\":{\"@type\":\"ImageObject\",\"inLanguage\":\"de\",\"@id\":\"https:\/\/www.dorstener-tafel.de\/#\/schema\/person\/image\/\",\"url\":\"https:\/\/secure.gravatar.com\/avatar\/225c6088c3bfecfbb42a2a0d5c9556b6?s=96&d=retro&r=g\",\"contentUrl\":\"https:\/\/secure.gravatar.com\/avatar\/225c6088c3bfecfbb42a2a0d5c9556b6?s=96&d=retro&r=g\",\"caption\":\"jotw\"},\"url\":\"https:\/\/www.dorstener-tafel.de\/?author=1\"}]}<\/script>\n<!-- \/ Yoast SEO plugin. -->","yoast_head_json":{"title":"Landrat besucht die TAFEL - Home | Tafel Dorsten","robots":{"index":"index","follow":"follow","max-snippet":"max-snippet:-1","max-image-preview":"max-image-preview:large","max-video-preview":"max-video-preview:-1"},"canonical":"https:\/\/www.dorstener-tafel.de\/?p=1026","og_locale":"de_DE","og_type":"article","og_title":"Landrat besucht die TAFEL - Home | Tafel Dorsten","og_description":"Landrat Cay S\u00fcberkr\u00fcb (hinten Mitte) besuchte heute im Rahmen seiner Rundreise zu allen Tafeln des Kreises RE gemeinsam mit Dominik [&hellip;]","og_url":"https:\/\/www.dorstener-tafel.de\/?p=1026","og_site_name":"Home | Tafel Dorsten","article_publisher":"https:\/\/www.facebook.com\/Dorstener-Tafel-eV-710109832448127\/","article_published_time":"2017-12-14T14:00:22+00:00","article_modified_time":"2017-12-30T14:08:48+00:00","og_image":[{"width":3917,"height":2357,"url":"https:\/\/www.kvg-dorsten.de\/dorstener-tafel\/wordpress\/wp-content\/uploads\/2017\/12\/2017-12-14-Spenden-Landrat-43a.jpg","type":"image\/jpeg"}],"author":"jotw","twitter_card":"summary_large_image","twitter_misc":{"Verfasst von":"jotw","Gesch\u00e4tzte Lesezeit":"1\u00a0Minute"},"schema":{"@context":"https:\/\/schema.org","@graph":[{"@type":"Article","@id":"https:\/\/www.dorstener-tafel.de\/?p=1026#article","isPartOf":{"@id":"https:\/\/www.dorstener-tafel.de\/?p=1026"},"author":{"name":"jotw","@id":"https:\/\/www.dorstener-tafel.de\/#\/schema\/person\/c9a6797db5c21dbeb0851056380dcb01"},"headline":"Landrat besucht die TAFEL","datePublished":"2017-12-14T14:00:22+00:00","dateModified":"2017-12-30T14:08:48+00:00","mainEntityOfPage":{"@id":"https:\/\/www.dorstener-tafel.de\/?p=1026"},"wordCount":209,"commentCount":0,"image":{"@id":"https:\/\/www.dorstener-tafel.de\/?p=1026#primaryimage"},"thumbnailUrl":"https:\/\/www.kvg-dorsten.de\/dorstener-tafel\/wordpress\/wp-content\/uploads\/2017\/12\/2017-12-14-Spenden-Landrat-43a.jpg","keywords":["Spende"],"articleSection":["Aktuelles"],"inLanguage":"de","potentialAction":[{"@type":"CommentAction","name":"Comment","target":["https:\/\/www.dorstener-tafel.de\/?p=1026#respond"]}]},{"@type":"WebPage","@id":"https:\/\/www.dorstener-tafel.de\/?p=1026","url":"https:\/\/www.dorstener-tafel.de\/?p=1026","name":"Landrat besucht die TAFEL - Home | Tafel Dorsten","isPartOf":{"@id":"https:\/\/www.dorstener-tafel.de\/#website"},"primaryImageOfPage":{"@id":"https:\/\/www.dorstener-tafel.de\/?p=1026#primaryimage"},"image":{"@id":"https:\/\/www.dorstener-tafel.de\/?p=1026#primaryimage"},"thumbnailUrl":"https:\/\/www.kvg-dorsten.de\/dorstener-tafel\/wordpress\/wp-content\/uploads\/2017\/12\/2017-12-14-Spenden-Landrat-43a.jpg","datePublished":"2017-12-14T14:00:22+00:00","dateModified":"2017-12-30T14:08:48+00:00","author":{"@id":"https:\/\/www.dorstener-tafel.de\/#\/schema\/person\/c9a6797db5c21dbeb0851056380dcb01"},"breadcrumb":{"@id":"https:\/\/www.dorstener-tafel.de\/?p=1026#breadcrumb"},"inLanguage":"de","potentialAction":[{"@type":"ReadAction","target":["https:\/\/www.dorstener-tafel.de\/?p=1026"]}]},{"@type":"ImageObject","inLanguage":"de","@id":"https:\/\/www.dorstener-tafel.de\/?p=1026#primaryimage","url":"https:\/\/www.kvg-dorsten.de\/dorstener-tafel\/wordpress\/wp-content\/uploads\/2017\/12\/2017-12-14-Spenden-Landrat-43a.jpg","contentUrl":"https:\/\/www.kvg-dorsten.de\/dorstener-tafel\/wordpress\/wp-content\/uploads\/2017\/12\/2017-12-14-Spenden-Landrat-43a.jpg","width":3917,"height":2357},{"@type":"BreadcrumbList","@id":"https:\/\/www.dorstener-tafel.de\/?p=1026#breadcrumb","itemListElement":[{"@type":"ListItem","position":1,"name":"Home","item":"https:\/\/www.dorstener-tafel.de\/"},{"@type":"ListItem","position":2,"name":"Landrat besucht die TAFEL"}]},{"@type":"WebSite","@id":"https:\/\/www.dorstener-tafel.de\/#website","url":"https:\/\/www.dorstener-tafel.de\/","name":"Home | Tafel Dorsten","description":"","potentialAction":[{"@type":"SearchAction","target":{"@type":"EntryPoint","urlTemplate":"https:\/\/www.dorstener-tafel.de\/?s={search_term_string}"},"query-input":{"@type":"PropertyValueSpecification","valueRequired":true,"valueName":"search_term_string"}}],"inLanguage":"de"},{"@type":"Person","@id":"https:\/\/www.dorstener-tafel.de\/#\/schema\/person\/c9a6797db5c21dbeb0851056380dcb01","name":"jotw","image":{"@type":"ImageObject","inLanguage":"de","@id":"https:\/\/www.dorstener-tafel.de\/#\/schema\/person\/image\/","url":"https:\/\/secure.gravatar.com\/avatar\/225c6088c3bfecfbb42a2a0d5c9556b6?s=96&d=retro&r=g","contentUrl":"https:\/\/secure.gravatar.com\/avatar\/225c6088c3bfecfbb42a2a0d5c9556b6?s=96&d=retro&r=g","caption":"jotw"},"url":"https:\/\/www.dorstener-tafel.de\/?author=1"}]}},"_links":{"self":[{"href":"https:\/\/www.dorstener-tafel.de\/index.php?rest_route=\/wp\/v2\/posts\/1026","targetHints":{"allow":["GET"]}}],"collection":[{"href":"https:\/\/www.dorstener-tafel.de\/index.php?rest_route=\/wp\/v2\/posts"}],"about":[{"href":"https:\/\/www.dorstener-tafel.de\/index.php?rest_route=\/wp\/v2\/types\/post"}],"author":[{"embeddable":true,"href":"https:\/\/www.dorstener-tafel.de\/index.php?rest_route=\/wp\/v2\/users\/1"}],"replies":[{"embeddable":true,"href":"https:\/\/www.dorstener-tafel.de\/index.php?rest_route=%2Fwp%2Fv2%2Fcomments&post=1026"}],"version-history":[{"count":4,"href":"https:\/\/www.dorstener-tafel.de\/index.php?rest_route=\/wp\/v2\/posts\/1026\/revisions"}],"predecessor-version":[{"id":1056,"href":"https:\/\/www.dorstener-tafel.de\/index.php?rest_route=\/wp\/v2\/posts\/1026\/revisions\/1056"}],"wp:featuredmedia":[{"embeddable":true,"href":"https:\/\/www.dorstener-tafel.de\/index.php?rest_route=\/wp\/v2\/media\/1037"}],"wp:attachment":[{"href":"https:\/\/www.dorstener-tafel.de\/index.php?rest_route=%2Fwp%2Fv2%2Fmedia&parent=1026"}],"wp:term":[{"taxonomy":"category","embeddable":true,"href":"https:\/\/www.dorstener-tafel.de\/index.php?rest_route=%2Fwp%2Fv2%2Fcategories&post=1026"},{"taxonomy":"post_tag","embeddable":true,"href":"https:\/\/www.dorstener-tafel.de\/index.php?rest_route=%2Fwp%2Fv2%2Ftags&post=1026"}],"curies":[{"name":"wp","href":"https:\/\/api.w.org\/{rel}","templated":true}]}}