{"id":1003,"date":"2017-12-07T16:54:03","date_gmt":"2017-12-07T15:54:03","guid":{"rendered":"http:\/\/www.dorstener-tafel.de\/?p=1003"},"modified":"2018-03-01T03:20:49","modified_gmt":"2018-03-01T02:20:49","slug":"ignaz-rive-stiftung-hilft-der-tafel","status":"publish","type":"post","link":"https:\/\/www.dorstener-tafel.de\/?p=1003","title":{"rendered":"Ignaz-Rive-Stiftung hilft der TAFEL"},"content":{"rendered":"<p><strong>Warmer Regen im Winter!<\/strong><\/p>\n<p>Wie mehrfach in fr\u00fcheren Jahren konnten die Vertreter der Ignaz-Rive-Stiftung die Arbeit der Dorstener Tafel kr\u00e4ftig unterst\u00fctzen. Von den insgesamt an gemeinn\u00fctzige Einrichtungen in Dorsten ausgesch\u00fctteten \u20ac 19.500,- erhielt die TAFEL \u20ac 2.500,-.<br \/>\n<strong>Wir sagen herzlichen Dank!<\/strong><\/p>\n<p><a href=\"http:\/\/www.kvg-dorsten.de\/dorstener-tafel\/wordpress\/wp-content\/uploads\/2017\/12\/2017-12-07-Spende-Rive-Stiftung-DZ.jpg\"><img loading=\"lazy\" decoding=\"async\" class=\"alignnone wp-image-1006 size-large\" src=\"http:\/\/www.kvg-dorsten.de\/dorstener-tafel\/wordpress\/wp-content\/uploads\/2017\/12\/2017-12-07-Spende-Rive-Stiftung-DZ-1024x479.jpg\" alt=\"\" width=\"474\" height=\"222\" srcset=\"https:\/\/www.kvg-dorsten.de\/dorstener-tafel\/wordpress\/wp-content\/uploads\/2017\/12\/2017-12-07-Spende-Rive-Stiftung-DZ-1024x479.jpg 1024w, https:\/\/www.kvg-dorsten.de\/dorstener-tafel\/wordpress\/wp-content\/uploads\/2017\/12\/2017-12-07-Spende-Rive-Stiftung-DZ-300x140.jpg 300w, https:\/\/www.kvg-dorsten.de\/dorstener-tafel\/wordpress\/wp-content\/uploads\/2017\/12\/2017-12-07-Spende-Rive-Stiftung-DZ-768x360.jpg 768w\" sizes=\"auto, (max-width: 474px) 100vw, 474px\" \/><\/a><\/p>\n<figure id=\"attachment_1004\" aria-describedby=\"caption-attachment-1004\" style=\"width: 160px\" class=\"wp-caption alignleft\"><a href=\"http:\/\/www.kvg-dorsten.de\/dorstener-tafel\/wordpress\/wp-content\/uploads\/2017\/12\/rive-familienwappen_neu_1236.jpg\"><img loading=\"lazy\" decoding=\"async\" class=\"wp-image-1004 size-full\" src=\"http:\/\/www.kvg-dorsten.de\/dorstener-tafel\/wordpress\/wp-content\/uploads\/2017\/12\/rive-familienwappen_neu_1236.jpg\" alt=\"Wappen der Familie Rive\" width=\"160\" height=\"211\" \/><\/a><figcaption id=\"caption-attachment-1004\" class=\"wp-caption-text\">Wappen der Familie Rive<\/figcaption><\/figure>\n<p>1831 begr\u00fcndete der Dorstener Hermann Bernhard Ignaz Goswin Rive die &#8222;Ignaz Rive&#8217;sche Familienstiftung&#8220;. Er war Kurf\u00fcrstlich K\u00f6lnischer Hofkammer-Rat und sp\u00e4ter K\u00f6niglich Preu\u00dfischer Steuereinnehmer. Mit seinem Testament vom 17.07.1831 wurde die Stiftung eingerichtet, nach dem Tod Ignaz Rives 1841 und der Genehmigung durch K\u00f6nig Friedrich Wilhelm von Preu\u00dfen vom 06.03.1842 und die gerichtlichen Verlautbarung und Best\u00e4tigung des Testaments wurde sie 1859 wirksam.<\/p>\n<p>Der Stifter Ignaz Rive (1764 &#8211; 1841) verstarb kinderlos, er war in erster Ehe mit Clara Cremer (1758 &#8211; 1818) verheiratet, in zweiter Ehe mit Isabella de Weldige -genannt Cremer &#8211; (1800 &#8211; 1852). In seinem Testament verf\u00fcgte er, dass sein gesamtes Verm\u00f6gen ungeteilt bleiben und unter \u00f6ffentliche Verwaltung gestellt werden sollte.<\/p>\n<p>Die Ertr\u00e4ge (&#8222;Revenuen&#8220;) sollten unter den bed\u00fcrftigen Anverwandten seiner Familie &#8211; seinen vier Br\u00fcdern und den Geschwistern seiner verstorbenen Frau Clara Cremer und deren Nachfahren &#8211; j\u00e4hrlich verteilt werden. Darunter verstand er diejenigen Verwandten, die zu ihrer anst\u00e4ndigen und sparsamen Lebensweise oder zur Erziehung und Ausbildung ihrer Kinder finanzieller Unterst\u00fctzung bedurften.<\/p>\n<p>Die Verwaltung des Verm\u00f6gens und die Verteilung der j\u00e4hrlichen Revenuen \u00fcbertrug der Stifter dem Armenvorstand in Dorsten unter Zuziehung von vier, durch den st\u00e4dtischen Gemeinderat zu benennenden, m\u00e4nnlichen Mitgliedern aus den Familien Rive und Cremer. Sollten in den beiden Familien keine der Unterst\u00fctzung Bed\u00fcrftigen vorhanden sein, so sollten die Revenuen dem allgemeinen st\u00e4dtischen Armenfond zuflie\u00dfen.<\/p>\n<p>Da die Stiftung neben der vorrangigen Unterst\u00fctzung von Familienmitgliedern auch Mittel f\u00fcr den st\u00e4dtischen Armenfond vorsah, wenn es keine bed\u00fcrftigen Familienmitglieder gab, handelte es sich hier nicht um eine rein private Stiftung, sondern um eine, ganz dem Willen des Stifters entsprechend, unselbstst\u00e4ndige, \u00f6ffentliche Stiftung, die von der Stadt Dorsten verwaltet wurde.<\/p>\n<p>Das Verm\u00f6gen des Stifters muss recht gro\u00df gewesen sein. Noch heute verf\u00fcgt die &#8222;Ignaz Rive&#8217;sche Familienstiftung&#8220; \u00fcber erheblichen Grundbesitz.<br \/>\nViele Jahre wurde die Ignaz Rive&#8217;sche Stiftung von der Stadt Dorsten verwaltet. Heute wird die Stiftung &#8211; gem\u00e4\u00df der aktuellen Rechtslage in NRW &#8211; als selbst\u00e4ndige Stiftung gef\u00fchrt.<\/p>\n<p>Vorsitzender des 8-k\u00f6pfigen Stiftungsrats ist Altb\u00fcrgermeister Lambert L\u00fctkenhorst, Gesch\u00e4ftsf\u00fchrer ist Werner Kleine M\u00f6llhoff, der auch Gesch\u00e4ftsf\u00fchrer der Dorstener Wohnungsgesellschaft (<strong><a href=\"https:\/\/www.dwg-dorsten.de\/\">DWG<\/a><\/strong>) ist, an der wiederum die Ignaz-Rive-Stiftung Anteilseigner ist.<\/p>\n<p>Lambert L\u00fctkenhorst wies in seiner Begr\u00fc\u00dfung auch auf die Schwierigkeiten hin, mit denen allenthalben Stiftungen angesichts des \u00fcberaus niedrigen Zins-Niveaus zu k\u00e4mpfen haben: die Ertr\u00e4ge schwinden.<\/p>\n<p>In seinem Dank an die Stiftung betonte TAFEL-Vorsitzender Herbert Rentmeister, wie sehr die Arbeit der Tafel dem sozialen Anliegen Ignaz Rives entspreche, wie verwundert Rive aber auch wohl sei,\u00a0 wenn er w\u00fcsste, wie dringend notwendig die Unterst\u00fctzung durch die Tafel f\u00fcr so viele Mitb\u00fcrger*innen leider ist.<\/p>\n<p>Titelfoto:\u00a0\u00a9 Anke Klapsing-Reich \/ Dorstener Zeitung. Danke!<\/p>\n<p>&nbsp;<\/p>\n","protected":false},"excerpt":{"rendered":"<p>Warmer Regen im Winter! Wie mehrfach in fr\u00fcheren Jahren konnten die Vertreter der Ignaz-Rive-Stiftung die Arbeit der Dorstener Tafel kr\u00e4ftig [&hellip;]<\/p>\n","protected":false},"author":1,"featured_media":1009,"comment_status":"open","ping_status":"closed","sticky":false,"template":"","format":"standard","meta":{"footnotes":""},"categories":[1,4],"tags":[63,23],"class_list":["post-1003","post","type-post","status-publish","format-standard","has-post-thumbnail","hentry","category-allgemein","category-presse","tag-ignaz-rive-stiftung","tag-spende"],"yoast_head":"<!-- This site is optimized with the Yoast SEO plugin v26.8 - https:\/\/yoast.com\/product\/yoast-seo-wordpress\/ -->\n<title>Ignaz-Rive-Stiftung hilft der TAFEL - Home | Tafel Dorsten<\/title>\n<meta name=\"robots\" content=\"index, follow, max-snippet:-1, max-image-preview:large, max-video-preview:-1\" \/>\n<link rel=\"canonical\" href=\"https:\/\/www.dorstener-tafel.de\/?p=1003\" \/>\n<meta property=\"og:locale\" content=\"de_DE\" \/>\n<meta property=\"og:type\" content=\"article\" \/>\n<meta property=\"og:title\" content=\"Ignaz-Rive-Stiftung hilft der TAFEL - Home | Tafel Dorsten\" \/>\n<meta property=\"og:description\" content=\"Warmer Regen im Winter! Wie mehrfach in fr\u00fcheren Jahren konnten die Vertreter der Ignaz-Rive-Stiftung die Arbeit der Dorstener Tafel kr\u00e4ftig [&hellip;]\" \/>\n<meta property=\"og:url\" content=\"https:\/\/www.dorstener-tafel.de\/?p=1003\" \/>\n<meta property=\"og:site_name\" content=\"Home | Tafel Dorsten\" \/>\n<meta property=\"article:publisher\" content=\"https:\/\/www.facebook.com\/Dorstener-Tafel-eV-710109832448127\/\" \/>\n<meta property=\"article:published_time\" content=\"2017-12-07T15:54:03+00:00\" \/>\n<meta property=\"article:modified_time\" content=\"2018-03-01T02:20:49+00:00\" \/>\n<meta property=\"og:image\" content=\"https:\/\/www.kvg-dorsten.de\/dorstener-tafel\/wordpress\/wp-content\/uploads\/2017\/12\/2017-12-07-DN-Spende-Ignaz-Rive-1024x515.jpg\" \/>\n\t<meta property=\"og:image:width\" content=\"1024\" \/>\n\t<meta property=\"og:image:height\" content=\"515\" \/>\n\t<meta property=\"og:image:type\" content=\"image\/jpeg\" \/>\n<meta name=\"author\" content=\"jotw\" \/>\n<meta name=\"twitter:card\" content=\"summary_large_image\" \/>\n<meta name=\"twitter:label1\" content=\"Verfasst von\" \/>\n\t<meta name=\"twitter:data1\" content=\"jotw\" \/>\n\t<meta name=\"twitter:label2\" content=\"Gesch\u00e4tzte Lesezeit\" \/>\n\t<meta name=\"twitter:data2\" content=\"3\u00a0Minuten\" \/>\n<script type=\"application\/ld+json\" class=\"yoast-schema-graph\">{\"@context\":\"https:\/\/schema.org\",\"@graph\":[{\"@type\":\"Article\",\"@id\":\"https:\/\/www.dorstener-tafel.de\/?p=1003#article\",\"isPartOf\":{\"@id\":\"https:\/\/www.dorstener-tafel.de\/?p=1003\"},\"author\":{\"name\":\"jotw\",\"@id\":\"https:\/\/www.dorstener-tafel.de\/#\/schema\/person\/c9a6797db5c21dbeb0851056380dcb01\"},\"headline\":\"Ignaz-Rive-Stiftung hilft der TAFEL\",\"datePublished\":\"2017-12-07T15:54:03+00:00\",\"dateModified\":\"2018-03-01T02:20:49+00:00\",\"mainEntityOfPage\":{\"@id\":\"https:\/\/www.dorstener-tafel.de\/?p=1003\"},\"wordCount\":526,\"commentCount\":0,\"image\":{\"@id\":\"https:\/\/www.dorstener-tafel.de\/?p=1003#primaryimage\"},\"thumbnailUrl\":\"https:\/\/www.kvg-dorsten.de\/dorstener-tafel\/wordpress\/wp-content\/uploads\/2017\/12\/2017-12-07-DN-Spende-Ignaz-Rive.jpg\",\"keywords\":[\"Ignaz-Rive-Stiftung\",\"Spende\"],\"articleSection\":[\"Aktuelles\",\"Presse\"],\"inLanguage\":\"de\",\"potentialAction\":[{\"@type\":\"CommentAction\",\"name\":\"Comment\",\"target\":[\"https:\/\/www.dorstener-tafel.de\/?p=1003#respond\"]}]},{\"@type\":\"WebPage\",\"@id\":\"https:\/\/www.dorstener-tafel.de\/?p=1003\",\"url\":\"https:\/\/www.dorstener-tafel.de\/?p=1003\",\"name\":\"Ignaz-Rive-Stiftung hilft der TAFEL - Home | Tafel Dorsten\",\"isPartOf\":{\"@id\":\"https:\/\/www.dorstener-tafel.de\/#website\"},\"primaryImageOfPage\":{\"@id\":\"https:\/\/www.dorstener-tafel.de\/?p=1003#primaryimage\"},\"image\":{\"@id\":\"https:\/\/www.dorstener-tafel.de\/?p=1003#primaryimage\"},\"thumbnailUrl\":\"https:\/\/www.kvg-dorsten.de\/dorstener-tafel\/wordpress\/wp-content\/uploads\/2017\/12\/2017-12-07-DN-Spende-Ignaz-Rive.jpg\",\"datePublished\":\"2017-12-07T15:54:03+00:00\",\"dateModified\":\"2018-03-01T02:20:49+00:00\",\"author\":{\"@id\":\"https:\/\/www.dorstener-tafel.de\/#\/schema\/person\/c9a6797db5c21dbeb0851056380dcb01\"},\"breadcrumb\":{\"@id\":\"https:\/\/www.dorstener-tafel.de\/?p=1003#breadcrumb\"},\"inLanguage\":\"de\",\"potentialAction\":[{\"@type\":\"ReadAction\",\"target\":[\"https:\/\/www.dorstener-tafel.de\/?p=1003\"]}]},{\"@type\":\"ImageObject\",\"inLanguage\":\"de\",\"@id\":\"https:\/\/www.dorstener-tafel.de\/?p=1003#primaryimage\",\"url\":\"https:\/\/www.kvg-dorsten.de\/dorstener-tafel\/wordpress\/wp-content\/uploads\/2017\/12\/2017-12-07-DN-Spende-Ignaz-Rive.jpg\",\"contentUrl\":\"https:\/\/www.kvg-dorsten.de\/dorstener-tafel\/wordpress\/wp-content\/uploads\/2017\/12\/2017-12-07-DN-Spende-Ignaz-Rive.jpg\",\"width\":2953,\"height\":1486},{\"@type\":\"BreadcrumbList\",\"@id\":\"https:\/\/www.dorstener-tafel.de\/?p=1003#breadcrumb\",\"itemListElement\":[{\"@type\":\"ListItem\",\"position\":1,\"name\":\"Home\",\"item\":\"https:\/\/www.dorstener-tafel.de\/\"},{\"@type\":\"ListItem\",\"position\":2,\"name\":\"Ignaz-Rive-Stiftung hilft der TAFEL\"}]},{\"@type\":\"WebSite\",\"@id\":\"https:\/\/www.dorstener-tafel.de\/#website\",\"url\":\"https:\/\/www.dorstener-tafel.de\/\",\"name\":\"Home | Tafel Dorsten\",\"description\":\"\",\"potentialAction\":[{\"@type\":\"SearchAction\",\"target\":{\"@type\":\"EntryPoint\",\"urlTemplate\":\"https:\/\/www.dorstener-tafel.de\/?s={search_term_string}\"},\"query-input\":{\"@type\":\"PropertyValueSpecification\",\"valueRequired\":true,\"valueName\":\"search_term_string\"}}],\"inLanguage\":\"de\"},{\"@type\":\"Person\",\"@id\":\"https:\/\/www.dorstener-tafel.de\/#\/schema\/person\/c9a6797db5c21dbeb0851056380dcb01\",\"name\":\"jotw\",\"image\":{\"@type\":\"ImageObject\",\"inLanguage\":\"de\",\"@id\":\"https:\/\/www.dorstener-tafel.de\/#\/schema\/person\/image\/\",\"url\":\"https:\/\/secure.gravatar.com\/avatar\/225c6088c3bfecfbb42a2a0d5c9556b6?s=96&d=retro&r=g\",\"contentUrl\":\"https:\/\/secure.gravatar.com\/avatar\/225c6088c3bfecfbb42a2a0d5c9556b6?s=96&d=retro&r=g\",\"caption\":\"jotw\"},\"url\":\"https:\/\/www.dorstener-tafel.de\/?author=1\"}]}<\/script>\n<!-- \/ Yoast SEO plugin. -->","yoast_head_json":{"title":"Ignaz-Rive-Stiftung hilft der TAFEL - Home | Tafel Dorsten","robots":{"index":"index","follow":"follow","max-snippet":"max-snippet:-1","max-image-preview":"max-image-preview:large","max-video-preview":"max-video-preview:-1"},"canonical":"https:\/\/www.dorstener-tafel.de\/?p=1003","og_locale":"de_DE","og_type":"article","og_title":"Ignaz-Rive-Stiftung hilft der TAFEL - Home | Tafel Dorsten","og_description":"Warmer Regen im Winter! Wie mehrfach in fr\u00fcheren Jahren konnten die Vertreter der Ignaz-Rive-Stiftung die Arbeit der Dorstener Tafel kr\u00e4ftig [&hellip;]","og_url":"https:\/\/www.dorstener-tafel.de\/?p=1003","og_site_name":"Home | Tafel Dorsten","article_publisher":"https:\/\/www.facebook.com\/Dorstener-Tafel-eV-710109832448127\/","article_published_time":"2017-12-07T15:54:03+00:00","article_modified_time":"2018-03-01T02:20:49+00:00","og_image":[{"width":1024,"height":515,"url":"https:\/\/www.kvg-dorsten.de\/dorstener-tafel\/wordpress\/wp-content\/uploads\/2017\/12\/2017-12-07-DN-Spende-Ignaz-Rive-1024x515.jpg","type":"image\/jpeg"}],"author":"jotw","twitter_card":"summary_large_image","twitter_misc":{"Verfasst von":"jotw","Gesch\u00e4tzte Lesezeit":"3\u00a0Minuten"},"schema":{"@context":"https:\/\/schema.org","@graph":[{"@type":"Article","@id":"https:\/\/www.dorstener-tafel.de\/?p=1003#article","isPartOf":{"@id":"https:\/\/www.dorstener-tafel.de\/?p=1003"},"author":{"name":"jotw","@id":"https:\/\/www.dorstener-tafel.de\/#\/schema\/person\/c9a6797db5c21dbeb0851056380dcb01"},"headline":"Ignaz-Rive-Stiftung hilft der TAFEL","datePublished":"2017-12-07T15:54:03+00:00","dateModified":"2018-03-01T02:20:49+00:00","mainEntityOfPage":{"@id":"https:\/\/www.dorstener-tafel.de\/?p=1003"},"wordCount":526,"commentCount":0,"image":{"@id":"https:\/\/www.dorstener-tafel.de\/?p=1003#primaryimage"},"thumbnailUrl":"https:\/\/www.kvg-dorsten.de\/dorstener-tafel\/wordpress\/wp-content\/uploads\/2017\/12\/2017-12-07-DN-Spende-Ignaz-Rive.jpg","keywords":["Ignaz-Rive-Stiftung","Spende"],"articleSection":["Aktuelles","Presse"],"inLanguage":"de","potentialAction":[{"@type":"CommentAction","name":"Comment","target":["https:\/\/www.dorstener-tafel.de\/?p=1003#respond"]}]},{"@type":"WebPage","@id":"https:\/\/www.dorstener-tafel.de\/?p=1003","url":"https:\/\/www.dorstener-tafel.de\/?p=1003","name":"Ignaz-Rive-Stiftung hilft der TAFEL - Home | Tafel Dorsten","isPartOf":{"@id":"https:\/\/www.dorstener-tafel.de\/#website"},"primaryImageOfPage":{"@id":"https:\/\/www.dorstener-tafel.de\/?p=1003#primaryimage"},"image":{"@id":"https:\/\/www.dorstener-tafel.de\/?p=1003#primaryimage"},"thumbnailUrl":"https:\/\/www.kvg-dorsten.de\/dorstener-tafel\/wordpress\/wp-content\/uploads\/2017\/12\/2017-12-07-DN-Spende-Ignaz-Rive.jpg","datePublished":"2017-12-07T15:54:03+00:00","dateModified":"2018-03-01T02:20:49+00:00","author":{"@id":"https:\/\/www.dorstener-tafel.de\/#\/schema\/person\/c9a6797db5c21dbeb0851056380dcb01"},"breadcrumb":{"@id":"https:\/\/www.dorstener-tafel.de\/?p=1003#breadcrumb"},"inLanguage":"de","potentialAction":[{"@type":"ReadAction","target":["https:\/\/www.dorstener-tafel.de\/?p=1003"]}]},{"@type":"ImageObject","inLanguage":"de","@id":"https:\/\/www.dorstener-tafel.de\/?p=1003#primaryimage","url":"https:\/\/www.kvg-dorsten.de\/dorstener-tafel\/wordpress\/wp-content\/uploads\/2017\/12\/2017-12-07-DN-Spende-Ignaz-Rive.jpg","contentUrl":"https:\/\/www.kvg-dorsten.de\/dorstener-tafel\/wordpress\/wp-content\/uploads\/2017\/12\/2017-12-07-DN-Spende-Ignaz-Rive.jpg","width":2953,"height":1486},{"@type":"BreadcrumbList","@id":"https:\/\/www.dorstener-tafel.de\/?p=1003#breadcrumb","itemListElement":[{"@type":"ListItem","position":1,"name":"Home","item":"https:\/\/www.dorstener-tafel.de\/"},{"@type":"ListItem","position":2,"name":"Ignaz-Rive-Stiftung hilft der TAFEL"}]},{"@type":"WebSite","@id":"https:\/\/www.dorstener-tafel.de\/#website","url":"https:\/\/www.dorstener-tafel.de\/","name":"Home | Tafel Dorsten","description":"","potentialAction":[{"@type":"SearchAction","target":{"@type":"EntryPoint","urlTemplate":"https:\/\/www.dorstener-tafel.de\/?s={search_term_string}"},"query-input":{"@type":"PropertyValueSpecification","valueRequired":true,"valueName":"search_term_string"}}],"inLanguage":"de"},{"@type":"Person","@id":"https:\/\/www.dorstener-tafel.de\/#\/schema\/person\/c9a6797db5c21dbeb0851056380dcb01","name":"jotw","image":{"@type":"ImageObject","inLanguage":"de","@id":"https:\/\/www.dorstener-tafel.de\/#\/schema\/person\/image\/","url":"https:\/\/secure.gravatar.com\/avatar\/225c6088c3bfecfbb42a2a0d5c9556b6?s=96&d=retro&r=g","contentUrl":"https:\/\/secure.gravatar.com\/avatar\/225c6088c3bfecfbb42a2a0d5c9556b6?s=96&d=retro&r=g","caption":"jotw"},"url":"https:\/\/www.dorstener-tafel.de\/?author=1"}]}},"_links":{"self":[{"href":"https:\/\/www.dorstener-tafel.de\/index.php?rest_route=\/wp\/v2\/posts\/1003","targetHints":{"allow":["GET"]}}],"collection":[{"href":"https:\/\/www.dorstener-tafel.de\/index.php?rest_route=\/wp\/v2\/posts"}],"about":[{"href":"https:\/\/www.dorstener-tafel.de\/index.php?rest_route=\/wp\/v2\/types\/post"}],"author":[{"embeddable":true,"href":"https:\/\/www.dorstener-tafel.de\/index.php?rest_route=\/wp\/v2\/users\/1"}],"replies":[{"embeddable":true,"href":"https:\/\/www.dorstener-tafel.de\/index.php?rest_route=%2Fwp%2Fv2%2Fcomments&post=1003"}],"version-history":[{"count":7,"href":"https:\/\/www.dorstener-tafel.de\/index.php?rest_route=\/wp\/v2\/posts\/1003\/revisions"}],"predecessor-version":[{"id":1505,"href":"https:\/\/www.dorstener-tafel.de\/index.php?rest_route=\/wp\/v2\/posts\/1003\/revisions\/1505"}],"wp:featuredmedia":[{"embeddable":true,"href":"https:\/\/www.dorstener-tafel.de\/index.php?rest_route=\/wp\/v2\/media\/1009"}],"wp:attachment":[{"href":"https:\/\/www.dorstener-tafel.de\/index.php?rest_route=%2Fwp%2Fv2%2Fmedia&parent=1003"}],"wp:term":[{"taxonomy":"category","embeddable":true,"href":"https:\/\/www.dorstener-tafel.de\/index.php?rest_route=%2Fwp%2Fv2%2Fcategories&post=1003"},{"taxonomy":"post_tag","embeddable":true,"href":"https:\/\/www.dorstener-tafel.de\/index.php?rest_route=%2Fwp%2Fv2%2Ftags&post=1003"}],"curies":[{"name":"wp","href":"https:\/\/api.w.org\/{rel}","templated":true}]}}